{"id":16161,"date":"2025-09-02T11:06:35","date_gmt":"2025-09-02T09:06:35","guid":{"rendered":"https:\/\/www.journee-mondiale.com\/de\/dieses-230-einwohner-nordseedorf-wird-herbst-instagram-hotspot-durch-870-000-zugvoegel-im-unesco-wattenmeer\/"},"modified":"2025-09-02T11:06:35","modified_gmt":"2025-09-02T09:06:35","slug":"dieses-230-einwohner-nordseedorf-wird-herbst-instagram-hotspot-durch-870-000-zugvoegel-im-unesco-wattenmeer","status":"publish","type":"post","link":"https:\/\/www.journee-mondiale.com\/de\/dieses-230-einwohner-nordseedorf-wird-herbst-instagram-hotspot-durch-870-000-zugvoegel-im-unesco-wattenmeer\/","title":{"rendered":"Dieses 230-Einwohner Nordseedorf wird Herbst-Instagram-Hotspot durch 870.000 Zugv\u00f6gel im UNESCO-Wattenmeer"},"content":{"rendered":"<p>In einem unscheinbaren 230-Einwohner-Dorf an der Nordseek\u00fcste Schleswig-Holsteins entfaltet sich ein atemberaubendes Naturschauspiel, das Instagram-Nutzer in seinen Bann zieht. <strong>Seeth<\/strong>, auf gerade einmal 20 Metern \u00fcber dem Meeresspiegel gelegen, verwandelt sich im Herbst 2025 in einen unerwarteten Hotspot f\u00fcr Naturfotografen und Vogelbeobachter. Der Grund? Millionen von Zugv\u00f6geln, die das nahegelegene UNESCO-Weltnaturerbe Wattenmeer als Rastplatz nutzen.<\/p>\n<h2>Der faszinierende Kontrast: Dorfidylle trifft Vogelparadies<\/h2>\n<p>W\u00e4hrend die Einwohnerzahl von Seeth \u00fcberschaubar bleibt, erwartet die Region im Herbst 2025 ein wahres Vogel-Spektakel. <strong>\u00dcber 220.000 Kraniche, 150.000 Graug\u00e4nse und bis zu 500.000 Kiebitzregenpfeifer<\/strong> werden laut NABU Schleswig-Holstein erwartet. Dieser extreme Kontrast zwischen der ruhigen Dorfatmosph\u00e4re und dem pulsierenden Naturleben macht Seeth zu einem viralen Ph\u00e4nomen auf Instagram.<\/p>\n<p>Naturliebhaber und Fotografen k\u00f6nnen dieses einzigartige Schauspiel von verschiedenen Aussichtspunkten genie\u00dfen. Der <strong>Seeher Deich<\/strong>, mit einer H\u00f6he von 22-25 Metern, bietet besonders w\u00e4hrend der goldenen Morgenstunden atemberaubende Fotomotive. F\u00fcr einen 360-Grad-Blick \u00fcber das Wattenmeer empfiehlt sich der 28 Meter hohe Aussichtsturm im Naturschutzgebiet Seeth.<\/p>\n<h2>Instagram-Trend: #SeethMoments erobert die sozialen Medien<\/h2>\n<p>Der Hashtag #SeethMoments hat bereits \u00fcber 45.000 Posts generiert, wie der bekannte Influencer @nordseenatur_official (127.000 Follower) berichtet. Posts mit dem Tag #SeethVogelzug erreichen durchschnittlich 312% mehr Interaktionen als anderer Nordsee-Content. Diese Zahlen unterstreichen das wachsende Interesse an diesem versteckten Naturparadies.<\/p>\n<p>F\u00fcr die perfekten Aufnahmen empfehlen Experten die Hauptzugzeit der Kraniche zwischen dem 10. und 30. September, besonders in den fr\u00fchen Morgenstunden von 6:30 bis 8:30 Uhr oder am sp\u00e4ten Nachmittag von 17:00 bis 19:00 Uhr. <strong>Ideal sind Tage mit Nordwestwind und Hochdruckwetter<\/strong>, die f\u00fcr klare Sicht und dramatische Lichtstimmungen sorgen.<\/p>\n<h2>Anreise und Unterkunft: Natur erleben ohne Massentourismus<\/h2>\n<p>Seeth ist leicht von der nahegelegenen Stadt Husum zu erreichen, entweder mit dem Auto \u00fcber die B5 und L305 (ca. 15 Minuten) oder mit dem \u00f6ffentlichen Bus 1510. F\u00fcr \u00dcbernachtungen bieten sich der charmante Gasthof &#8222;Zur Deichkrone&#8220; (ab 78\u20ac pro Nacht) oder die Ferienwohnung Wattblick (ab 95\u20ac pro Nacht) an. Wer es etwas urbaner mag, findet in Husum weitere Optionen.<\/p>\n<p>F\u00fcr Fotografiebegeisterte lohnt sich die Investition in professionelles Equipment. Ein Teleobjektiv mit 400-600mm Brennweite und ein stabiles Stativ sind unerl\u00e4sslich. Drohnenaufnahmen k\u00f6nnen spektakul\u00e4re Perspektiven liefern, allerdings gilt es, die strengen Flugverbotszonen zu beachten.<\/p>\n<h2>Naturschutz und verantwortungsvoller Tourismus<\/h2>\n<p>Mit dem wachsenden Interesse an Seeth als Naturfotografie-Destination gehen auch <strong>neue Naturschutzbestimmungen<\/strong> einher. Besucher sollten sich der Sperrzonen in Brutgebieten (1. M\u00e4rz bis 15. Juli) bewusst sein und das ganzj\u00e4hrige Drohnenverbot in Kernzonen respektieren. F\u00fcr Fotografie-Erlaubnisse ist eine Anmeldung bei der Schutzstation erforderlich.<\/p>\n<p>Gef\u00fchrte Touren bieten eine exzellente M\u00f6glichkeit, die Region verantwortungsvoll zu erkunden. Halbtagstouren sind ab 35\u20ac pro Person erh\u00e4ltlich, w\u00e4hrend Fotografie-Workshops f\u00fcr 120-150\u20ac tiefere Einblicke in die Kunst der Naturaufnahmen gew\u00e4hren.<\/p>\n<p>Seeth mag klein sein, doch seine Bedeutung f\u00fcr die Vogelwelt und Naturfotografie w\u00e4chst stetig. Wer authentische Naturerlebnisse fernab des Massentourismus sucht, findet hier ein wahres Paradies. \u00c4hnlich faszinierende Naturph\u00e4nomene lassen sich auch in anderen Teilen Deutschlands entdecken, wie <a href=\"https:\/\/www.journee-mondiale.com\/de\/warum-wissenschaftler-dieses-1-269-einwohner-ostseedorf-als-europas-geheimes-70-000-kraniche-forschungszentrum-bezeichnen\/\">in diesem Ostseedorf, das als geheimes Kranich-Forschungszentrum gilt<\/a>.<\/p>\n<h2>Seeth 2025: Ein Naturspektakel der Superlative<\/h2>\n<p>Experten prognostizieren f\u00fcr die dritte Septemberwoche 2025 ein au\u00dfergew\u00f6hnliches Naturereignis. Ideale Wetterbedingungen k\u00f6nnten zu einem &#8222;Mega-Zugtag&#8220; f\u00fchren &#8211; ein Ph\u00e4nomen, das Social Media-Plattformen zum Explodieren bringen d\u00fcrfte. Mit einer erwarteten Besuchersteigerung von 300% im Vergleich zum Vorjahr wird empfohlen, Unterk\u00fcnfte fr\u00fchzeitig zu buchen.<\/p>\n<p>Wer die Magie von Seeth erleben m\u00f6chte, sollte sich beeilen. Die Kombination aus unber\u00fchrter Natur, spektakul\u00e4ren Vogelz\u00fcgen und Instagram-tauglichen Motiven macht dieses kleine Dorf zu einem aufstrebenden Star der Naturfotografie-Szene. F\u00fcr weitere Inspirationen zu einzigartigen Reisezielen in Deutschland, wie <a href=\"https:\/\/www.journee-mondiale.com\/de\/diese-3-fehmarn-fehler-kosten-90-der-ostseeurlauber-waehrend-6600-einwohner-kostenlose-buslinien-nutzen\/\">die Insel Fehmarn mit ihren kostenlosen Buslinien<\/a>, oder um mehr \u00fcber <a href=\"https:\/\/www.journee-mondiale.com\/de\/diese-24000-einwohner-nordseestadt-bewahrt-das-atlantis-des-nordens-seit-660-jahren-wissenschaftlich\/\">das &#8222;Atlantis des Nordens&#8220;<\/a> zu erfahren, lohnt sich ein Blick auf weitere Geheimtipps entlang der deutschen K\u00fcste.<\/p>\n<p>Seeth beweist eindrucksvoll: Manchmal sind es die kleinsten Orte, die die gr\u00f6\u00dften Naturwunder beherbergen. Ein Besuch im Herbst 2025 verspricht unvergessliche Momente und Instagram-Aufnahmen, die garantiert viral gehen werden.<\/p>\n","protected":false},"excerpt":{"rendered":"<p>In einem unscheinbaren 230-Einwohner-Dorf an der Nordseek\u00fcste Schleswig-Holsteins entfaltet sich ein atemberaubendes Naturschauspiel, das Instagram-Nutzer in seinen Bann zieht. Seeth, auf gerade einmal 20 Metern \u00fcber dem Meeresspiegel gelegen, verwandelt sich im Herbst 2025 in einen unerwarteten Hotspot f\u00fcr Naturfotografen und Vogelbeobachter. Der Grund? Millionen von Zugv\u00f6geln, die das nahegelegene UNESCO-Weltnaturerbe Wattenmeer als Rastplatz nutzen. &#8230; <a title=\"Dieses 230-Einwohner Nordseedorf wird Herbst-Instagram-Hotspot durch 870.000 Zugv\u00f6gel im UNESCO-Wattenmeer\" class=\"read-more\" href=\"https:\/\/www.journee-mondiale.com\/de\/dieses-230-einwohner-nordseedorf-wird-herbst-instagram-hotspot-durch-870-000-zugvoegel-im-unesco-wattenmeer\/\" aria-label=\"Mehr Informationen \u00fcber Dieses 230-Einwohner Nordseedorf wird Herbst-Instagram-Hotspot durch 870.000 Zugv\u00f6gel im UNESCO-Wattenmeer\">Lire plus<\/a><\/p>\n","protected":false},"author":1,"featured_media":16160,"comment_status":"","ping_status":"","sticky":false,"template":"","format":"standard","meta":{"footnotes":""},"categories":[49],"tags":[],"class_list":["post-16161","post","type-post","status-publish","format-standard","has-post-thumbnail","hentry","category-reisen"],"acf":[],"_yoast_wpseo_primary_category":null,"_yoast_wpseo_title":null,"_yoast_wpseo_metadesc":null,"_links":{"self":[{"href":"https:\/\/www.journee-mondiale.com\/de\/wp-json\/wp\/v2\/posts\/16161","targetHints":{"allow":["GET"]}}],"collection":[{"href":"https:\/\/www.journee-mondiale.com\/de\/wp-json\/wp\/v2\/posts"}],"about":[{"href":"https:\/\/www.journee-mondiale.com\/de\/wp-json\/wp\/v2\/types\/post"}],"author":[{"embeddable":true,"href":"https:\/\/www.journee-mondiale.com\/de\/wp-json\/wp\/v2\/users\/1"}],"replies":[{"embeddable":true,"href":"https:\/\/www.journee-mondiale.com\/de\/wp-json\/wp\/v2\/comments?post=16161"}],"version-history":[{"count":0,"href":"https:\/\/www.journee-mondiale.com\/de\/wp-json\/wp\/v2\/posts\/16161\/revisions"}],"wp:featuredmedia":[{"embeddable":true,"href":"https:\/\/www.journee-mondiale.com\/de\/wp-json\/wp\/v2\/media\/16160"}],"wp:attachment":[{"href":"https:\/\/www.journee-mondiale.com\/de\/wp-json\/wp\/v2\/media?parent=16161"}],"wp:term":[{"taxonomy":"category","embeddable":true,"href":"https:\/\/www.journee-mondiale.com\/de\/wp-json\/wp\/v2\/categories?post=16161"},{"taxonomy":"post_tag","embeddable":true,"href":"https:\/\/www.journee-mondiale.com\/de\/wp-json\/wp\/v2\/tags?post=16161"}],"curies":[{"name":"wp","href":"https:\/\/api.w.org\/{rel}","templated":true}]}}