{"id":16145,"date":"2025-09-01T17:06:01","date_gmt":"2025-09-01T15:06:01","guid":{"rendered":"https:\/\/www.journee-mondiale.com\/de\/franzoesische-patisserie-15-minuten-marmorkuchen-pistazien-power-fuer-deutsche-herbstkuechen\/"},"modified":"2025-09-01T17:06:01","modified_gmt":"2025-09-01T15:06:01","slug":"franzoesische-patisserie-15-minuten-marmorkuchen-pistazien-power-fuer-deutsche-herbstkuechen","status":"publish","type":"post","link":"https:\/\/www.journee-mondiale.com\/de\/franzoesische-patisserie-15-minuten-marmorkuchen-pistazien-power-fuer-deutsche-herbstkuechen\/","title":{"rendered":"Franz\u00f6sische P\u00e2tisserie 15-Minuten Marmorkuchen: Pistazien-Power f\u00fcr deutsche Herbstk\u00fcchen"},"content":{"rendered":"<p>Die franz\u00f6sische P\u00e2tisserie erobert deutsche Herbstk\u00fcchen mit einer <strong>revolution\u00e4ren Fusion<\/strong>: G\u00e2teau marbr\u00e9 chocolat-pistache vereint mediterrane Eleganz mit deutscher Gem\u00fctlichkeit. Diese <strong>Schokoladen-Pistazien-Kombination<\/strong> wird zum Herbsttrend 2025 und transformiert traditionelle Kuchenkultur.<\/p>\n<p>Aktuelle Studien belegen die <strong>perfekte Geschmacksharmonie<\/strong> zwischen herber Schokolade und nussigen Pistazien. Die Kombination aktiviert verschiedene Geschmacksrezeptoren und schafft ein komplexes Aromaprofil, das sowohl franz\u00f6sische Raffinesse als auch deutsche Hausbacktradition verk\u00f6rpert.<\/p>\n<h2>Mediterrane Pistazien revolutionieren deutsche Backkunst<\/h2>\n<p>Hochwertige <strong>mediterrane Pistazien<\/strong> aus Sizilien oder der T\u00fcrkei enthalten 20 Prozent mehr Proteine als andere N\u00fcsse. Ihre cremige Konsistenz und das intensive Aroma machen sie zur idealen Basis f\u00fcr franz\u00f6sische Marmorierungstechniken. Deutsche Hobbyb\u00e4cker entdecken zunehmend den <strong>gesundheitlichen Mehrwert<\/strong> dieser Nuss-Schokoladen-Fusion.<\/p>\n<p>Die traditionelle Marmorierung erfolgt durch <strong>pr\u00e4zise Schichtentechnik<\/strong>: Zwei Drittel Pistazienteig, ein Drittel Schokoladenteig werden spiralf\u00f6rmig in die Form gegeben. Diese franz\u00f6sische Methode erzeugt die charakteristische Maserung, die jeden Schnitt zum <strong>kleinen Kunstwerk<\/strong> macht.<\/p>\n<h2>Fondant-Glasur trifft deutsche K\u00fcchenpraxis<\/h2>\n<p>Die klassische <strong>Gla\u00e7age fondant<\/strong> passt sich deutschen Haushalten an. Statt komplizierter Zuckersirup-Techniken gen\u00fcgt eine moderne Variante aus Puderzucker, Butter und Sahne. Bei 150 Grad Celsius f\u00fcr 70 Minuten gebacken, entwickelt der Kuchen seine <strong>perfekte Konsistenz<\/strong>.<\/p>\n<p>Ein <strong>Geheimtipp<\/strong> franz\u00f6sischer P\u00e2tissiers: Fleur de Sel intensiviert sowohl Schokoladen- als auch Pistazienaroma. Diese edle Salzsorte hebt die s\u00fc\u00dfen Komponenten hervor und verleiht dem Kuchen eine <strong>sophisticated Note<\/strong>, die deutsche Kaffeetafeln revolutioniert.<\/p>\n<h2>Herbst-Variationen mit deutschen Zutaten<\/h2>\n<p>Deutsche Anpassungen integrieren <strong>saisonale Elemente<\/strong>: Haseln\u00fcsse aus dem Schwarzwald erg\u00e4nzen mediterrane Pistazien, w\u00e4hrend lokaler Honig die Fondant-Glasur verfeinert. Diese Fusion respektiert franz\u00f6sische Techniken und nutzt gleichzeitig <strong>regionale Ressourcen<\/strong>.<\/p>\n<p>Moderne deutsche Back\u00f6fen erfordern Temperaturanpassungen. Bei Umluft reduziert sich die Backtemperatur auf 130 Grad, die Backzeit verl\u00e4ngert sich auf 80 Minuten. Ein <strong>professioneller Trick<\/strong>: Den Kuchen mit Alufolie abdecken, falls die Oberfl\u00e4che zu schnell br\u00e4unt.<\/p>\n<h2>Protein-Power f\u00fcr gesundheitsbewusste B\u00e4cker<\/h2>\n<p>Pistazien liefern <strong>essentielle Aminos\u00e4uren<\/strong> und unges\u00e4ttigte Fetts\u00e4uren. In Kombination mit dunkler Schokolade entsteht ein Kuchen, der Genuss und N\u00e4hrwert vereint. Diese <strong>gesunde Dekadenz<\/strong> spricht moderne deutsche Verbraucher an, die Qualit\u00e4t \u00fcber Quantit\u00e4t stellen.<\/p>\n<p>\u00c4hnlich innovative Ans\u00e4tze finden sich in der <a href=\"https:\/\/www.journee-mondiale.com\/de\/20-minuten-hausgemachte-ferrero-rocher-italienisches-konditorei-geheimnis-fuer-deutsche-weihnachtskuechen\/\">italienischen Konditoreikunst mit Ferrero-Rocher-Technik<\/a>, die ebenfalls Nuss-Schokoladen-Kombinationen perfektioniert.<\/p>\n<h2>Instagram-Trend und Alltagstauglichkeit<\/h2>\n<p>Die <strong>fotogene Marmorierung<\/strong> macht jeden Anschnitt zum Instagram-Moment. Gleichzeitig bleibt das Rezept alltagstauglich: Grundzutaten sind in jedem deutschen Supermarkt verf\u00fcgbar. Die mediterrane <a href=\"https:\/\/www.journee-mondiale.com\/de\/mediterrane-omas-20-minuten-bbq-salate-dattel-feta-power-erobert-deutsche-grillpartys\/\">K\u00fcchentradition<\/a> inspiriert auch andere Bereiche der deutschen Kulinarik.<\/p>\n<p>Dieser G\u00e2teau marbr\u00e9 verk\u00f6rpert die <strong>neue deutsche Backkultur<\/strong>: international inspiriert, lokal adaptiert, gesundheitsbewusst und \u00e4sthetisch ansprechend. Er verbindet franz\u00f6sische Eleganz mit deutscher Gr\u00fcndlichkeit und schafft eine <strong>authentische Fusion<\/strong>, die beiden Traditionen gerecht wird.<\/p>\n<p>Die Integration von <a href=\"https:\/\/www.journee-mondiale.com\/de\/antike-fermentierungstechnik-linsensalat-probiotische-darmgesundheit-fuer-moderne-kuechen\/\">modernen Gesundheitsaspekten<\/a> in traditionelle Rezepturen zeigt, wie sich deutsche K\u00fcchen weiterentwickeln. Dieser mediterran-franz\u00f6sische Marmorkuchen wird zum <strong>Symbol<\/strong> einer neuen \u00c4ra des bewussten Backens.<\/p>\n","protected":false},"excerpt":{"rendered":"<p>Die franz\u00f6sische P\u00e2tisserie erobert deutsche Herbstk\u00fcchen mit einer revolution\u00e4ren Fusion: G\u00e2teau marbr\u00e9 chocolat-pistache vereint mediterrane Eleganz mit deutscher Gem\u00fctlichkeit. Diese Schokoladen-Pistazien-Kombination wird zum Herbsttrend 2025 und transformiert traditionelle Kuchenkultur. Aktuelle Studien belegen die perfekte Geschmacksharmonie zwischen herber Schokolade und nussigen Pistazien. Die Kombination aktiviert verschiedene Geschmacksrezeptoren und schafft ein komplexes Aromaprofil, das sowohl franz\u00f6sische Raffinesse &#8230; <a title=\"Franz\u00f6sische P\u00e2tisserie 15-Minuten Marmorkuchen: Pistazien-Power f\u00fcr deutsche Herbstk\u00fcchen\" class=\"read-more\" href=\"https:\/\/www.journee-mondiale.com\/de\/franzoesische-patisserie-15-minuten-marmorkuchen-pistazien-power-fuer-deutsche-herbstkuechen\/\" aria-label=\"Mehr Informationen \u00fcber Franz\u00f6sische P\u00e2tisserie 15-Minuten Marmorkuchen: Pistazien-Power f\u00fcr deutsche Herbstk\u00fcchen\">Lire plus<\/a><\/p>\n","protected":false},"author":1,"featured_media":16144,"comment_status":"","ping_status":"","sticky":false,"template":"","format":"standard","meta":{"footnotes":""},"categories":[39],"tags":[],"class_list":["post-16145","post","type-post","status-publish","format-standard","has-post-thumbnail","hentry","category-rezepte"],"acf":[],"_yoast_wpseo_primary_category":null,"_yoast_wpseo_title":null,"_yoast_wpseo_metadesc":null,"_links":{"self":[{"href":"https:\/\/www.journee-mondiale.com\/de\/wp-json\/wp\/v2\/posts\/16145","targetHints":{"allow":["GET"]}}],"collection":[{"href":"https:\/\/www.journee-mondiale.com\/de\/wp-json\/wp\/v2\/posts"}],"about":[{"href":"https:\/\/www.journee-mondiale.com\/de\/wp-json\/wp\/v2\/types\/post"}],"author":[{"embeddable":true,"href":"https:\/\/www.journee-mondiale.com\/de\/wp-json\/wp\/v2\/users\/1"}],"replies":[{"embeddable":true,"href":"https:\/\/www.journee-mondiale.com\/de\/wp-json\/wp\/v2\/comments?post=16145"}],"version-history":[{"count":0,"href":"https:\/\/www.journee-mondiale.com\/de\/wp-json\/wp\/v2\/posts\/16145\/revisions"}],"wp:featuredmedia":[{"embeddable":true,"href":"https:\/\/www.journee-mondiale.com\/de\/wp-json\/wp\/v2\/media\/16144"}],"wp:attachment":[{"href":"https:\/\/www.journee-mondiale.com\/de\/wp-json\/wp\/v2\/media?parent=16145"}],"wp:term":[{"taxonomy":"category","embeddable":true,"href":"https:\/\/www.journee-mondiale.com\/de\/wp-json\/wp\/v2\/categories?post=16145"},{"taxonomy":"post_tag","embeddable":true,"href":"https:\/\/www.journee-mondiale.com\/de\/wp-json\/wp\/v2\/tags?post=16145"}],"curies":[{"name":"wp","href":"https:\/\/api.w.org\/{rel}","templated":true}]}}