{"id":16107,"date":"2025-08-31T10:06:51","date_gmt":"2025-08-31T08:06:51","guid":{"rendered":"https:\/\/www.journee-mondiale.com\/de\/weniger-touristisch-als-strassburg-bewahrt-diese-67-257-einwohner-stadt-auf-195-metern-elsass-authentizitaet-mit-entspannter-weinkultur\/"},"modified":"2025-08-31T10:06:51","modified_gmt":"2025-08-31T08:06:51","slug":"weniger-touristisch-als-strassburg-bewahrt-diese-67-257-einwohner-stadt-auf-195-metern-elsass-authentizitaet-mit-entspannter-weinkultur","status":"publish","type":"post","link":"https:\/\/www.journee-mondiale.com\/de\/weniger-touristisch-als-strassburg-bewahrt-diese-67-257-einwohner-stadt-auf-195-metern-elsass-authentizitaet-mit-entspannter-weinkultur\/","title":{"rendered":"Weniger touristisch als Stra\u00dfburg bewahrt diese 67.257-Einwohner Stadt auf 195 Metern Elsass-Authentizit\u00e4t mit entspannter Weinkultur"},"content":{"rendered":"<p>Stellen Sie sich vor, wie Sie durch enge Gassen schlendern, ges\u00e4umt von farbenfrohen Fachwerkh\u00e4usern, w\u00e4hrend der Duft von frischem Flammkuchen und edlem Riesling in der Luft liegt. <strong>Willkommen in Colmar, dem Juwel des Elsass<\/strong>, wo 67.257 Einwohner auf 195 Metern H\u00f6he eine Zeitreise ins Mittelalter bewahren. Anders als das hektische Stra\u00dfburg lockt Colmar mit seinem entspannten Rhythmus und einer Weinkultur, die Genie\u00dfer verzaubert.<\/p>\n<h2>Ein lebendiges Freilichtmuseum auf 21 Quadratkilometern<\/h2>\n<p>Colmar ist nicht einfach nur eine Stadt \u2013 es ist ein <strong>lebendiges Zeugnis sechs jahrhundertealter Architektur<\/strong>. \u00dcber 50% des Stadtkerns bestehen aus historischen Geb\u00e4uden, die von gotischen Kirchen bis zu Renaissance-Pal\u00e4sten reichen. Jede Ecke erz\u00e4hlt eine Geschichte, jedes Fachwerk-Detail l\u00e4dt zum Staunen ein. Hier verschmelzen deutsche Pr\u00e4zision und franz\u00f6sischer Charme zu einer einzigartigen els\u00e4ssischen Identit\u00e4t.<\/p>\n<h2>Weinkultur, die Sie schmecken und f\u00fchlen k\u00f6nnen<\/h2>\n<p>Als selbsternannte &#8222;Hauptstadt der els\u00e4ssischen Weine&#8220; ist Colmar der perfekte Ausgangspunkt f\u00fcr Weinliebhaber. <strong>Die Weinproduktion der Region macht zwar nur 1% des franz\u00f6sischen Weinexports aus, doch die Qualit\u00e4t ist weltber\u00fchmt<\/strong>. Erkunden Sie die umliegenden Weinberge und entdecken Sie, <a href=\"https:\/\/www.journee-mondiale.com\/de\/nein-bedeutender-weinbau-braucht-keine-grossgemeinden-diese-589-einwohner-widerlegen-den-mythos\/\">warum bedeutender Weinbau keine Gro\u00dfgemeinden braucht<\/a>. Die lokalen Winzer beweisen, dass auch kleine Gemeinden Gro\u00dfes leisten k\u00f6nnen.<\/p>\n<h2>Ein Fest f\u00fcr alle Sinne: Das Weinfest im September 2025<\/h2>\n<p>Planen Sie Ihren Besuch f\u00fcr September 2025 und erleben Sie das ber\u00fchmte Weinfest von Colmar. Hier verschmelzen Tradition und Genuss zu einem unvergesslichen Erlebnis. <strong>Verkosten Sie edle Tropfen, schwingen Sie das Tanzbein zu els\u00e4ssischer Volksmusik und lassen Sie sich von der ausgelassenen Stimmung mitrei\u00dfen<\/strong>. Es ist der perfekte Zeitpunkt, um die wahre Seele Colmars zu sp\u00fcren.<\/p>\n<h2>Verborgene Sch\u00e4tze abseits der Touristenpfade<\/h2>\n<p>W\u00e4hrend die meisten Besucher sich auf die Hauptattraktionen konzentrieren, gibt es abseits der ausgetretenen Pfade noch viel zu entdecken. <strong>Wandern Sie durch die malerischen Weinberge, besuchen Sie kleine Familienweing\u00fcter oder erkunden Sie versteckte Hofg\u00e4rten in der Altstadt<\/strong>. Colmar offenbart seine wahren Sch\u00e4tze oft erst auf den zweiten Blick, ganz \u00e4hnlich wie <a href=\"https:\/\/www.journee-mondiale.com\/de\/diese-schweizer-alpenregion-von-4-473-einwohnern-versteckt-auf-219-km%c2%b2-was-90-der-besucher-verpassen\/\">diese Schweizer Alpenregion, die Geheimnisse auf 219 km\u00b2 versteckt<\/a>.<\/p>\n<h2>Kulturelles Erbe zum Anfassen<\/h2>\n<p>Das Unterlinden-Museum mit dem weltber\u00fchmten Isenheimer Altar ist nur die Spitze des kulturellen Eisbergs. <strong>Tauchen Sie ein in die Geschichte der Stadt als ehemalige Reichsstadt, entdecken Sie die Spuren ber\u00fchmter S\u00f6hne wie Fr\u00e9d\u00e9ric-Auguste Bartholdi, dem Sch\u00f6pfer der Freiheitsstatue<\/strong>. Colmar atmet Geschichte und Kunst in jeder Gasse.<\/p>\n<h2>Ein Hauch Mittelalter in modernem Gewand<\/h2>\n<p>Obwohl Colmar seine mittelalterliche Atmosph\u00e4re bewahrt hat, ist es keineswegs in der Zeit stehen geblieben. <strong>Moderne Boutiquen, gem\u00fctliche Caf\u00e9s und innovative Restaurants f\u00fcgen sich harmonisch in das historische Stadtbild ein<\/strong>. Es ist diese Mischung aus Alt und Neu, die Colmar so besonders macht \u2013 \u00e4hnlich wie <a href=\"https:\/\/www.journee-mondiale.com\/de\/weniger-ueberlaufen-als-meran-bewahrt-dieser-7000-einwohner-ort-auf-935-metern-suedtirols-mittelalterlichen-zwoelferturm\/\">dieser weniger \u00fcberlaufene Ort in S\u00fcdtirol<\/a>, der seine mittelalterliche Identit\u00e4t bewahrt.<\/p>\n<h2>Ihr Tor zum authentischen Elsass<\/h2>\n<p>Colmar ist mehr als nur eine Zwischenstation \u2013 es ist der Schl\u00fcssel zum Herzen des Elsass. Von hier aus k\u00f6nnen Sie die gesamte Region erkunden, von pittoresken D\u00f6rfern bis zu majest\u00e4tischen Burgruinen. <strong>Lassen Sie sich von der Gastfreundschaft der Einheimischen verzaubern, genie\u00dfen Sie die regionale K\u00fcche und tauchen Sie ein in eine Kultur, die einzigartig in Europa ist<\/strong>.<\/p>\n<p>Entdecken Sie Colmar \u2013 eine Stadt, die Ihre Sinne berauscht, Ihre Vorstellungskraft befl\u00fcgelt und Ihnen unvergessliche Momente beschert. Hier, wo Geschichte lebendig wird und Weinkultur zum Erlebnis, finden Sie das wahre Herz des Elsass. Planen Sie Ihren Besuch und lassen Sie sich von der Magie dieser au\u00dfergew\u00f6hnlichen Stadt verzaubern.<\/p>\n","protected":false},"excerpt":{"rendered":"<p>Stellen Sie sich vor, wie Sie durch enge Gassen schlendern, ges\u00e4umt von farbenfrohen Fachwerkh\u00e4usern, w\u00e4hrend der Duft von frischem Flammkuchen und edlem Riesling in der Luft liegt. Willkommen in Colmar, dem Juwel des Elsass, wo 67.257 Einwohner auf 195 Metern H\u00f6he eine Zeitreise ins Mittelalter bewahren. Anders als das hektische Stra\u00dfburg lockt Colmar mit seinem &#8230; <a title=\"Weniger touristisch als Stra\u00dfburg bewahrt diese 67.257-Einwohner Stadt auf 195 Metern Elsass-Authentizit\u00e4t mit entspannter Weinkultur\" class=\"read-more\" href=\"https:\/\/www.journee-mondiale.com\/de\/weniger-touristisch-als-strassburg-bewahrt-diese-67-257-einwohner-stadt-auf-195-metern-elsass-authentizitaet-mit-entspannter-weinkultur\/\" aria-label=\"Mehr Informationen \u00fcber Weniger touristisch als Stra\u00dfburg bewahrt diese 67.257-Einwohner Stadt auf 195 Metern Elsass-Authentizit\u00e4t mit entspannter Weinkultur\">Lire plus<\/a><\/p>\n","protected":false},"author":1,"featured_media":16106,"comment_status":"","ping_status":"","sticky":false,"template":"","format":"standard","meta":{"footnotes":""},"categories":[49],"tags":[],"class_list":["post-16107","post","type-post","status-publish","format-standard","has-post-thumbnail","hentry","category-reisen"],"acf":[],"_yoast_wpseo_primary_category":null,"_yoast_wpseo_title":null,"_yoast_wpseo_metadesc":null,"_links":{"self":[{"href":"https:\/\/www.journee-mondiale.com\/de\/wp-json\/wp\/v2\/posts\/16107","targetHints":{"allow":["GET"]}}],"collection":[{"href":"https:\/\/www.journee-mondiale.com\/de\/wp-json\/wp\/v2\/posts"}],"about":[{"href":"https:\/\/www.journee-mondiale.com\/de\/wp-json\/wp\/v2\/types\/post"}],"author":[{"embeddable":true,"href":"https:\/\/www.journee-mondiale.com\/de\/wp-json\/wp\/v2\/users\/1"}],"replies":[{"embeddable":true,"href":"https:\/\/www.journee-mondiale.com\/de\/wp-json\/wp\/v2\/comments?post=16107"}],"version-history":[{"count":0,"href":"https:\/\/www.journee-mondiale.com\/de\/wp-json\/wp\/v2\/posts\/16107\/revisions"}],"wp:featuredmedia":[{"embeddable":true,"href":"https:\/\/www.journee-mondiale.com\/de\/wp-json\/wp\/v2\/media\/16106"}],"wp:attachment":[{"href":"https:\/\/www.journee-mondiale.com\/de\/wp-json\/wp\/v2\/media?parent=16107"}],"wp:term":[{"taxonomy":"category","embeddable":true,"href":"https:\/\/www.journee-mondiale.com\/de\/wp-json\/wp\/v2\/categories?post=16107"},{"taxonomy":"post_tag","embeddable":true,"href":"https:\/\/www.journee-mondiale.com\/de\/wp-json\/wp\/v2\/tags?post=16107"}],"curies":[{"name":"wp","href":"https:\/\/api.w.org\/{rel}","templated":true}]}}