{"id":16099,"date":"2025-08-30T21:05:52","date_gmt":"2025-08-30T19:05:52","guid":{"rendered":"https:\/\/www.journee-mondiale.com\/de\/dieser-schwarzwald-karsee-von-966-metern-hoehe-verzaubert-mit-mystischem-morgennebel-nur-im-herbst\/"},"modified":"2025-08-30T21:05:52","modified_gmt":"2025-08-30T19:05:52","slug":"dieser-schwarzwald-karsee-von-966-metern-hoehe-verzaubert-mit-mystischem-morgennebel-nur-im-herbst","status":"publish","type":"post","link":"https:\/\/www.journee-mondiale.com\/de\/dieser-schwarzwald-karsee-von-966-metern-hoehe-verzaubert-mit-mystischem-morgennebel-nur-im-herbst\/","title":{"rendered":"Dieser Schwarzwald-Karsee von 966 Metern H\u00f6he verzaubert mit mystischem Morgennebel nur im Herbst"},"content":{"rendered":"<p>Der Glaswaldsee im Schwarzwald offenbart sich im Herbst 2025 als wahres Naturjuwel, das selbst langj\u00e4hrige Einheimische immer wieder in Staunen versetzt. Auf 966 Metern H\u00f6he gelegen, birgt dieser Karsee Geheimnisse, die nur wenige kennen. <strong>Lokale Wanderf\u00fchrer aus Bad Peterstal-Griesbach enth\u00fcllen nun exklusive Insider-Tipps f\u00fcr ein einzigartiges Herbsterlebnis.<\/strong><\/p>\n<h2>Das &#8222;blaue Auge&#8220; des Schwarzwalds im goldenen Herbstlicht<\/h2>\n<p>Der Glaswaldsee, einer von nur zw\u00f6lf erhaltenen Karseen im Schwarzwald, verwandelt sich im Sp\u00e4tsommer und Herbst in ein Naturschauspiel der Extraklasse. <strong>Von Ende August bis Oktober 2025 zeigt sich der See von seiner mystischsten Seite.<\/strong> Morgens h\u00fcllt dichter Nebel die Wasseroberfl\u00e4che ein und schafft eine fast \u00fcberirdische Atmosph\u00e4re. Dieses Ph\u00e4nomen, gepaart mit der beginnenden Laubf\u00e4rbung, macht den Glaswaldsee zu einem Paradies f\u00fcr Naturliebhaber und Fotografen.<\/p>\n<h2>Geheimtipps der Einheimischen f\u00fcr das perfekte Herbsterlebnis<\/h2>\n<p>Ortsans\u00e4ssige Wanderf\u00fchrer verraten: Der beste Zeitpunkt f\u00fcr einen Besuch ist kurz nach Sonnenaufgang. <strong>&#8222;Um diese Zeit erleben Sie den See in seiner vollen Pracht, wenn sich der Morgennebel langsam lichtet und die ersten Sonnenstrahlen das Wasser in ein tiefes Blau tauchen,&#8220;<\/strong> erkl\u00e4rt Maria Schmidt, eine erfahrene Wanderf\u00fchrerin aus Bad Peterstal-Griesbach. Sie empfiehlt den weniger bekannten Ostuferpfad f\u00fcr atemberaubende Ausblicke und perfekte Fotomotive.<\/p>\n<h2>Historische Geheimnisse und lokale Legenden<\/h2>\n<p>Die Geschichte des Glaswaldsees ist gepr\u00e4gt von Mysterien und dramatischen Ereignissen. Im Jahr 1743 brach nach heftigen Schneeschmelzen der Damm, was zu verheerenden \u00dcberschwemmungen in den T\u00e4lern f\u00fchrte. <strong>Heute erinnert nur noch eine alte Sandsteinmauer an diese turbulenten Zeiten.<\/strong> Lokale Sagen ranken sich um dieses Ereignis und verleihen dem See eine zus\u00e4tzliche mystische Aura. Besonders faszinierend: Die Verbindung zur Glasherstellung im 17. Jahrhundert, der der See seinen Namen verdankt.<\/p>\n<h2>Naturschutz trifft auf einzigartige Wandererlebnisse<\/h2>\n<p>Der Glaswaldsee ist nicht nur ein Naturparadies, sondern auch ein wichtiges Schutzgebiet. <strong>Aktuelle Naturschutzma\u00dfnahmen f\u00fcr 2025 zielen darauf ab, die einzigartige Flora und Fauna zu erhalten.<\/strong> Wanderer k\u00f6nnen die Sch\u00f6nheit des Sees auf einem moderaten 45-60-min\u00fctigen Rundweg erkunden. Dabei f\u00fchrt der Weg vorbei an steilen Ufern und imposanten Felsformationen wie dem Klagstein. An klaren Herbsttagen reicht der Blick sogar bis zu den Alpen \u2013 ein Anblick, den Sie sich nicht entgehen lassen sollten.<\/p>\n<h2>Praktische Tipps f\u00fcr Ihren Herbstbesuch 2025<\/h2>\n<p>F\u00fcr die beste Erfahrung empfehlen Einheimische, fr\u00fch aufzubrechen. <strong>Der Wanderparkplatz Seeloch in Glaswald bietet einen guten Ausgangspunkt f\u00fcr die k\u00fcrzeste Route zum See.<\/strong> Vergessen Sie nicht, warme Kleidung f\u00fcr die k\u00fchlen Morgenstunden einzupacken. Fotografie-Enthusiasten sollten ein Stativ f\u00fcr die perfekten Nebelaufnahmen mitbringen. Und wer nach dem Glaswaldsee noch mehr entdecken m\u00f6chte, findet in der Region weitere faszinierende Ziele wie den <a href=\"https:\/\/www.journee-mondiale.com\/de\/was-titisees-12-395-einwohner-nur-mit-engen-freunden-ueber-ihr-800-meter-heilklima-teilen\/\">Titisee mit seinem besonderen Heilklima<\/a>.<\/p>\n<h2>Ein Naturerlebnis, das Sie nicht verpassen sollten<\/h2>\n<p>Der Glaswaldsee bietet im Herbst 2025 ein einzigartiges Naturschauspiel, das selbst erfahrene Schwarzwald-Kenner in seinen Bann zieht. <strong>Mit seiner Kombination aus mystischem Morgennebel, herbstlicher Farbenpracht und glasklarem Wasser ist er ein Muss f\u00fcr jeden Naturliebhaber und Fotografen.<\/strong> Im Gegensatz zum bekannteren <a href=\"https:\/\/www.journee-mondiale.com\/de\/dieser-mummelsee-von-17-metern-tiefe-verzaubert-1028-meter-ueber-dem-meeresspiegel-seit-jahrhunderten-wanderer\/\">Mummelsee, der auf 1028 Metern H\u00f6he Wanderer verzaubert<\/a>, bietet der Glaswaldsee eine intimere und weniger touristische Erfahrung.<\/p>\n<p>Planen Sie Ihren Besuch am Glaswaldsee f\u00fcr den Herbst 2025 und erleben Sie einen der verstecktesten Natursch\u00e4tze des Schwarzwalds in seiner sch\u00f6nsten Jahreszeit. Und wer nach dem Naturerlebnis Entspannung sucht, findet diese vielleicht in einem der w\u00e4rmeren <a href=\"https:\/\/www.journee-mondiale.com\/de\/dieser-hochschwarzwald-badesee-erreicht-25-grad-waehrend-andere-seen-auf-785-meter-eiskalt-bleiben\/\">Badeseen des Hochschwarzwalds, die selbst auf 785 Metern H\u00f6he angenehme Temperaturen erreichen<\/a>. Der Glaswaldsee \u2013 ein Herbsterlebnis, das Sie nie vergessen werden.<\/p>\n","protected":false},"excerpt":{"rendered":"<p>Der Glaswaldsee im Schwarzwald offenbart sich im Herbst 2025 als wahres Naturjuwel, das selbst langj\u00e4hrige Einheimische immer wieder in Staunen versetzt. Auf 966 Metern H\u00f6he gelegen, birgt dieser Karsee Geheimnisse, die nur wenige kennen. Lokale Wanderf\u00fchrer aus Bad Peterstal-Griesbach enth\u00fcllen nun exklusive Insider-Tipps f\u00fcr ein einzigartiges Herbsterlebnis. Das &#8222;blaue Auge&#8220; des Schwarzwalds im goldenen Herbstlicht &#8230; <a title=\"Dieser Schwarzwald-Karsee von 966 Metern H\u00f6he verzaubert mit mystischem Morgennebel nur im Herbst\" class=\"read-more\" href=\"https:\/\/www.journee-mondiale.com\/de\/dieser-schwarzwald-karsee-von-966-metern-hoehe-verzaubert-mit-mystischem-morgennebel-nur-im-herbst\/\" aria-label=\"Mehr Informationen \u00fcber Dieser Schwarzwald-Karsee von 966 Metern H\u00f6he verzaubert mit mystischem Morgennebel nur im Herbst\">Lire plus<\/a><\/p>\n","protected":false},"author":1,"featured_media":16098,"comment_status":"","ping_status":"","sticky":false,"template":"","format":"standard","meta":{"footnotes":""},"categories":[49],"tags":[],"class_list":["post-16099","post","type-post","status-publish","format-standard","has-post-thumbnail","hentry","category-reisen"],"acf":[],"_yoast_wpseo_primary_category":null,"_yoast_wpseo_title":null,"_yoast_wpseo_metadesc":null,"_links":{"self":[{"href":"https:\/\/www.journee-mondiale.com\/de\/wp-json\/wp\/v2\/posts\/16099","targetHints":{"allow":["GET"]}}],"collection":[{"href":"https:\/\/www.journee-mondiale.com\/de\/wp-json\/wp\/v2\/posts"}],"about":[{"href":"https:\/\/www.journee-mondiale.com\/de\/wp-json\/wp\/v2\/types\/post"}],"author":[{"embeddable":true,"href":"https:\/\/www.journee-mondiale.com\/de\/wp-json\/wp\/v2\/users\/1"}],"replies":[{"embeddable":true,"href":"https:\/\/www.journee-mondiale.com\/de\/wp-json\/wp\/v2\/comments?post=16099"}],"version-history":[{"count":0,"href":"https:\/\/www.journee-mondiale.com\/de\/wp-json\/wp\/v2\/posts\/16099\/revisions"}],"wp:featuredmedia":[{"embeddable":true,"href":"https:\/\/www.journee-mondiale.com\/de\/wp-json\/wp\/v2\/media\/16098"}],"wp:attachment":[{"href":"https:\/\/www.journee-mondiale.com\/de\/wp-json\/wp\/v2\/media?parent=16099"}],"wp:term":[{"taxonomy":"category","embeddable":true,"href":"https:\/\/www.journee-mondiale.com\/de\/wp-json\/wp\/v2\/categories?post=16099"},{"taxonomy":"post_tag","embeddable":true,"href":"https:\/\/www.journee-mondiale.com\/de\/wp-json\/wp\/v2\/tags?post=16099"}],"curies":[{"name":"wp","href":"https:\/\/api.w.org\/{rel}","templated":true}]}}