{"id":16089,"date":"2025-08-30T15:05:42","date_gmt":"2025-08-30T13:05:42","guid":{"rendered":"https:\/\/www.journee-mondiale.com\/de\/weniger-ueberlaufen-als-meran-bewahrt-dieser-7000-einwohner-ort-auf-935-metern-suedtirols-mittelalterlichen-zwoelferturm\/"},"modified":"2025-08-30T15:05:42","modified_gmt":"2025-08-30T13:05:42","slug":"weniger-ueberlaufen-als-meran-bewahrt-dieser-7000-einwohner-ort-auf-935-metern-suedtirols-mittelalterlichen-zwoelferturm","status":"publish","type":"post","link":"https:\/\/www.journee-mondiale.com\/de\/weniger-ueberlaufen-als-meran-bewahrt-dieser-7000-einwohner-ort-auf-935-metern-suedtirols-mittelalterlichen-zwoelferturm\/","title":{"rendered":"Weniger \u00fcberlaufen als Meran bewahrt dieser 7000-Einwohner Ort auf 935 Metern S\u00fcdtirols mittelalterlichen Zw\u00f6lferturm"},"content":{"rendered":"<p>Weniger \u00fcberlaufen als Meran, bewahrt das <strong>7000-Einwohner-St\u00e4dtchen Vipiteno<\/strong> auf 935 Metern H\u00f6he einen Schatz mittelalterlicher Architektur. Der majest\u00e4tische Zw\u00f6lferturm ragt als Wahrzeichen \u00fcber die D\u00e4cher und l\u00e4dt Kulturliebhaber zu einer Zeitreise ein. Dieses alpine Handelsjuwel in S\u00fcdtirol vereint Geschichte, Natur und authentisches Alpenfeeling wie kaum ein anderer Ort.<\/p>\n<h2>Ein mittelalterliches Erbe auf 935 Metern H\u00f6he<\/h2>\n<p>Vipiteno, auch als Sterzing bekannt, geh\u00f6rt zu den <strong>sch\u00f6nsten mittelalterlichen St\u00e4dten S\u00fcdtirols<\/strong>. Mit seiner Aufnahme in die Liste der &#8222;Borghi pi\u00f9 belli d&#8217;Italia&#8220; (sch\u00f6nste D\u00f6rfer Italiens) wurde sein au\u00dfergew\u00f6hnliches Erbe offiziell anerkannt. \u00dcber 70% der Geb\u00e4ude stammen aus dem Mittelalter oder der Renaissance und verleihen der Stadt ihren unverwechselbaren Charakter.<\/p>\n<p>Der <strong>46 Meter hohe Zw\u00f6lferturm<\/strong>, erbaut zwischen 1468 und 1472, dominiert das Stadtbild. Seine Glocke ruft noch heute p\u00fcnktlich um 12 Uhr zum Mittagessen &#8211; ein lebendiges Zeugnis jahrhundertealter Traditionen. <a href=\"https:\/\/www.journee-mondiale.com\/de\/weniger-touristisch-als-wuerzburg-birgt-diese-65-434-einwohner-stadt-auf-261-metern-deutschlands-vollstaendigstes-barockensemble\/\">\u00c4hnlich wie in anderen historischen St\u00e4dten<\/a> verschmilzt hier Vergangenheit mit Gegenwart zu einem einzigartigen Erlebnis.<\/p>\n<h2>Zweisprachige Kultur als Br\u00fccke zwischen Welten<\/h2>\n<p>Was Vipiteno von vielen Alpendestinationen abhebt, ist seine <strong>lebendige zweisprachige Kultur<\/strong>. Deutsch und Italienisch verschmelzen hier zu einer faszinierenden Symbiose, die sich in Stra\u00dfenschildern, Gespr\u00e4chen und lokalen Traditionen widerspiegelt. Diese kulturelle Dualit\u00e4t bietet Besuchern die seltene Gelegenheit, zwei Welten in einer zu erleben.<\/p>\n<p>Die lokale Gastronomie spiegelt diese Verschmelzung wider. In versteckten Trattorien und urigen Gasth\u00e4usern finden Feinschmecker <strong>authentische S\u00fcdtiroler Spezialit\u00e4ten<\/strong>, die deutsche und italienische Einfl\u00fcsse harmonisch vereinen. Ein kulinarisches Abenteuer, das die Sinne befl\u00fcgelt und die Seele der Region auf den Teller bringt.<\/p>\n<h2>Alpines Paradies f\u00fcr Naturliebhaber<\/h2>\n<p>Vipiteno erstreckt sich von 935 Metern bis auf beeindruckende 2.714 Meter \u00fcber dem Meeresspiegel. Diese <strong>enorme H\u00f6henspanne<\/strong> er\u00f6ffnet Wanderern und Outdoor-Enthusiasten ein vielf\u00e4ltiges Terrain. Von gem\u00fctlichen Talwanderungen bis zu anspruchsvollen Alpintouren bietet die Region f\u00fcr jeden Geschmack das passende Abenteuer.<\/p>\n<p>Im Sp\u00e4tsommer verzaubern bl\u00fchende Almwiesen das Ridnauntal, w\u00e4hrend der Herbst die W\u00e4lder in ein Farbenmeer taucht. <a href=\"https:\/\/www.journee-mondiale.com\/de\/dieser-italienische-3525-einwohner-ort-verbindet-mittelalterliche-burg-mit-1760-meter-seilbahn-in-10-minuten\/\">\u00c4hnlich wie in anderen alpinen Regionen<\/a> verbindet sich hier Naturerlebnis mit kulturellem Reichtum zu einer unvergesslichen Erfahrung.<\/p>\n<h2>Saisonale H\u00f6hepunkte fernab des Massentourismus<\/h2>\n<p>Vipiteno besticht durch seine <strong>authentische Atmosph\u00e4re<\/strong>, die sich wohltuend vom Trubel \u00fcberlaufener Touristenzentren abhebt. Das Orfeo Music Festival im Sp\u00e4tsommer und Fr\u00fchherbst 2025 verspricht kulturelle H\u00f6hepunkte in einzigartiger Kulisse. Ab Anfang Dezember verwandelt der traditionelle Weihnachtsmarkt die mittelalterlichen Gassen in ein winterliches M\u00e4rchenland.<\/p>\n<p>F\u00fcr Wintersportler bietet das nahe gelegene Rosskopf-Skigebiet <strong>familienfreundliche Pisten und atemberaubende Panoramen<\/strong>. Anders als in mond\u00e4nen Skiresorts wie St. Moritz herrscht hier eine entspannte, authentische Atmosph\u00e4re.<\/p>\n<h2>Ein Blick in die Zukunft: Nachhaltige Entwicklung 2025<\/h2>\n<p>Trotz wachsender Beliebtheit setzt Vipiteno auf <strong>nachhaltigen Kulturtourismus<\/strong>. Die Bewahrung des mittelalterlichen Stadtbildes und die F\u00f6rderung lokaler Traditionen stehen im Fokus. Dies macht die Stadt zu einem Vorreiter f\u00fcr verantwortungsvollen Alpentourismus.<\/p>\n<p><a href=\"https:\/\/www.journee-mondiale.com\/de\/diese-3-umag-fehler-kosten-90-der-deutschen-urlauber-das-authentische-kroatien-erlebnis\/\">Wie in anderen aufstrebenden Destinationen<\/a> ist es wichtig, die Balance zwischen Entwicklung und Bewahrung zu finden. Vipiteno meistert diese Herausforderung mit Bravour und bietet Besuchern 2025 ein unverf\u00e4lschtes Alpenerlebnis, das Geschichte, Kultur und Natur harmonisch vereint.<\/p>\n<p>Entdecken Sie Vipiteno &#8211; das alpine Handelsjuwel, das Authentizit\u00e4t und Charme in perfekter H\u00f6henlage bewahrt. Eine Reise hierher verspricht unvergessliche Momente fernab ausgetretener Pfade.<\/p>\n","protected":false},"excerpt":{"rendered":"<p>Weniger \u00fcberlaufen als Meran, bewahrt das 7000-Einwohner-St\u00e4dtchen Vipiteno auf 935 Metern H\u00f6he einen Schatz mittelalterlicher Architektur. Der majest\u00e4tische Zw\u00f6lferturm ragt als Wahrzeichen \u00fcber die D\u00e4cher und l\u00e4dt Kulturliebhaber zu einer Zeitreise ein. Dieses alpine Handelsjuwel in S\u00fcdtirol vereint Geschichte, Natur und authentisches Alpenfeeling wie kaum ein anderer Ort. Ein mittelalterliches Erbe auf 935 Metern H\u00f6he &#8230; <a title=\"Weniger \u00fcberlaufen als Meran bewahrt dieser 7000-Einwohner Ort auf 935 Metern S\u00fcdtirols mittelalterlichen Zw\u00f6lferturm\" class=\"read-more\" href=\"https:\/\/www.journee-mondiale.com\/de\/weniger-ueberlaufen-als-meran-bewahrt-dieser-7000-einwohner-ort-auf-935-metern-suedtirols-mittelalterlichen-zwoelferturm\/\" aria-label=\"Mehr Informationen \u00fcber Weniger \u00fcberlaufen als Meran bewahrt dieser 7000-Einwohner Ort auf 935 Metern S\u00fcdtirols mittelalterlichen Zw\u00f6lferturm\">Lire plus<\/a><\/p>\n","protected":false},"author":1,"featured_media":16088,"comment_status":"","ping_status":"","sticky":false,"template":"","format":"standard","meta":{"footnotes":""},"categories":[49],"tags":[],"class_list":["post-16089","post","type-post","status-publish","format-standard","has-post-thumbnail","hentry","category-reisen"],"acf":[],"_yoast_wpseo_primary_category":null,"_yoast_wpseo_title":null,"_yoast_wpseo_metadesc":null,"_links":{"self":[{"href":"https:\/\/www.journee-mondiale.com\/de\/wp-json\/wp\/v2\/posts\/16089","targetHints":{"allow":["GET"]}}],"collection":[{"href":"https:\/\/www.journee-mondiale.com\/de\/wp-json\/wp\/v2\/posts"}],"about":[{"href":"https:\/\/www.journee-mondiale.com\/de\/wp-json\/wp\/v2\/types\/post"}],"author":[{"embeddable":true,"href":"https:\/\/www.journee-mondiale.com\/de\/wp-json\/wp\/v2\/users\/1"}],"replies":[{"embeddable":true,"href":"https:\/\/www.journee-mondiale.com\/de\/wp-json\/wp\/v2\/comments?post=16089"}],"version-history":[{"count":0,"href":"https:\/\/www.journee-mondiale.com\/de\/wp-json\/wp\/v2\/posts\/16089\/revisions"}],"wp:featuredmedia":[{"embeddable":true,"href":"https:\/\/www.journee-mondiale.com\/de\/wp-json\/wp\/v2\/media\/16088"}],"wp:attachment":[{"href":"https:\/\/www.journee-mondiale.com\/de\/wp-json\/wp\/v2\/media?parent=16089"}],"wp:term":[{"taxonomy":"category","embeddable":true,"href":"https:\/\/www.journee-mondiale.com\/de\/wp-json\/wp\/v2\/categories?post=16089"},{"taxonomy":"post_tag","embeddable":true,"href":"https:\/\/www.journee-mondiale.com\/de\/wp-json\/wp\/v2\/tags?post=16089"}],"curies":[{"name":"wp","href":"https:\/\/api.w.org\/{rel}","templated":true}]}}