{"id":16083,"date":"2025-08-30T10:06:41","date_gmt":"2025-08-30T08:06:41","guid":{"rendered":"https:\/\/www.journee-mondiale.com\/de\/diese-schweizer-alpenregion-von-4-473-einwohnern-versteckt-auf-219-km%c2%b2-was-90-der-besucher-verpassen\/"},"modified":"2025-08-30T10:06:41","modified_gmt":"2025-08-30T08:06:41","slug":"diese-schweizer-alpenregion-von-4-473-einwohnern-versteckt-auf-219-km%c2%b2-was-90-der-besucher-verpassen","status":"publish","type":"post","link":"https:\/\/www.journee-mondiale.com\/de\/diese-schweizer-alpenregion-von-4-473-einwohnern-versteckt-auf-219-km%c2%b2-was-90-der-besucher-verpassen\/","title":{"rendered":"Diese Schweizer Alpenregion von 4.473 Einwohnern versteckt auf 219 km\u00b2 was 90% der Besucher verpassen"},"content":{"rendered":"<p>Stellen Sie sich vor: Eine <strong>Schweizer Alpenregion mit 4.473 Einwohnern<\/strong>, verteilt \u00fcber eine atemberaubende Fl\u00e4che von <strong>219,87 km\u00b2<\/strong>. Klingt wie ein Traum f\u00fcr Naturliebhaber, oder? Das ist Klosters &#8211; ein Juwel in Graub\u00fcnden. Doch 90% der Besucher begehen <strong>schwerwiegende Fehler<\/strong>, die sie um das wahre Erlebnis dieser einzigartigen Destination bringen. Lassen Sie uns diese Fallen aufdecken und Ihnen zeigen, wie Sie Klosters in seiner ganzen Pracht erleben k\u00f6nnen.<\/p>\n<h2>Der unsichtbare Zeitfresser: Untersch\u00e4tzte Distanzen<\/h2>\n<p>Der h\u00e4ufigste Fehler? Die schiere Gr\u00f6\u00dfe von Klosters zu untersch\u00e4tzen. Mit einer <strong>Bev\u00f6lkerungsdichte von nur 20,3 Einwohnern pro km\u00b2<\/strong> sind die Distanzen zwischen Attraktionen oft gr\u00f6\u00dfer als erwartet. Viele Besucher planen zu viele Aktivit\u00e4ten an einem Tag ein, ohne die alpinen Wege und H\u00f6henunterschiede zu ber\u00fccksichtigen. Das Resultat? Stress und verpasste Highlights.<\/p>\n<p>Um diesen Fehler zu vermeiden, planen Sie gro\u00dfz\u00fcgige Zeitpuffer ein. Nutzen Sie lokale Transportmittel wie die Bergbahnen oder mieten Sie ein E-Bike. So k\u00f6nnen Sie die <strong>weitl\u00e4ufige Landschaft<\/strong> genie\u00dfen, ohne sich zu verausgaben. Vergessen Sie nicht: In Klosters ist der Weg oft das Ziel!<\/p>\n<h2>Kulturelle Sch\u00e4tze verpassen: Das Nutli H\u00fcschi Dilemma<\/h2>\n<p>Ein weiterer h\u00e4ufiger Fehler ist es, die <strong>einzigartige Walser-Kultur<\/strong> von Klosters zu \u00fcbersehen. Das Herzst\u00fcck dieser Kultur, das <strong>Nutli H\u00fcschi von 1565<\/strong>, \u00f6ffnet nur mittwochs und freitags von 15:00 bis 17:00 Uhr seine Pforten. Viele Besucher stehen entt\u00e4uscht vor verschlossenen T\u00fcren, weil sie die begrenzten \u00d6ffnungszeiten nicht beachtet haben.<\/p>\n<p>Planen Sie Ihren Besuch im Nutli H\u00fcschi strategisch. Noch besser: Nehmen Sie an einer <strong>traditionellen Brotback-Vorf\u00fchrung<\/strong> im angeschlossenen Bachh\u00fcschi teil, die von Mitte Juli bis Ende Oktober freitags stattfindet. So tauchen Sie tief in die <a href=\"https:\/\/www.journee-mondiale.com\/de\/was-schweizer-alpendoerfer-besuchern-nie-ueber-ihre-jahrhundertealte-walser-kultur-verraten\/\">faszinierende Walser-Kultur<\/a> ein und erleben ein St\u00fcck lebendige Geschichte.<\/p>\n<h2>Das Outdoor-Paradies falsch einsch\u00e4tzen<\/h2>\n<p>Klosters ist ein Eldorado f\u00fcr Outdoor-Enthusiasten, doch viele untersch\u00e4tzen die <strong>Vielfalt und Qualit\u00e4t der Aktivit\u00e4ten<\/strong>. Sie konzentrieren sich oft nur auf bekannte Spots und verpassen dabei versteckte Juwelen. Ein klassischer Fehler ist es, die <strong>Mountainbike-Infrastruktur<\/strong> zu \u00fcbersehen, die mit dem l\u00e4ngsten Singletrail der Schweiz aufwartet.<\/p>\n<p>Informieren Sie sich vor Ihrer Reise \u00fcber die neuesten Angebote. Die <a href=\"https:\/\/www.journee-mondiale.com\/de\/diese-3-mountainbike-fehler-kosten-90-der-alpen-besucher-das-beste-trail-erlebnis\/\">Mountainbike-Szene in Klosters<\/a> entwickelt sich rasant und bietet Strecken f\u00fcr alle Schwierigkeitsgrade. Nutzen Sie lokale Guides oder Apps, um die besten Routen zu finden und Ihr Outdoor-Erlebnis zu maximieren.<\/p>\n<h2>Die saisonale Dynamik missachten<\/h2>\n<p>Ein oft \u00fcbersehener Aspekt ist die <strong>starke saisonale Pr\u00e4gung<\/strong> von Klosters. Viele Besucher kommen mit falschen Erwartungen, sei es bez\u00fcglich Wetter, Aktivit\u00e4ten oder \u00d6ffnungszeiten. Sie verpassen dadurch saisonale Highlights wie das &#8222;Klosters Music&#8220; Festival oder den magischen Zwergenweg f\u00fcr Familien.<\/p>\n<p>Recherchieren Sie die <strong>besten Reisezeiten<\/strong> f\u00fcr Ihre geplanten Aktivit\u00e4ten. Die Hauptsaison von Mai bis Oktober 2025 bietet \u00fcber 60 verschiedene Aktivit\u00e4ten. Ein besonderes Highlight ist das Zwergenweg-Erlebnis Open Air von 11. bis 14. September 2025 &#8211; perfekt f\u00fcr Familien und M\u00e4rchenliebhaber.<\/p>\n<h2>Das authentische Klosters-Erlebnis sichern<\/h2>\n<p>Um das Beste aus Ihrem Besuch in Klosters zu machen, planen Sie mit Weitblick. Nutzen Sie die <strong>weitl\u00e4ufige Natur<\/strong> zu Ihrem Vorteil, indem Sie abseits der Touristenpfade wandern. Erleben Sie die <a href=\"https:\/\/www.journee-mondiale.com\/de\/weniger-ueberlaufen-als-davos-bietet-diese-schweizer-bergregion-authentische-alpenkultur-ohne-massentourismus\/\">authentische Alpenkultur ohne Massentourismus<\/a>, die Klosters so besonders macht.<\/p>\n<p>Indem Sie diese typischen Fehler vermeiden, \u00f6ffnen Sie die T\u00fcr zu einem <strong>unvergesslichen Alpenerlebnis<\/strong>. Klosters, mit seiner einzigartigen Kombination aus Weitl\u00e4ufigkeit, Kultur und Natur, wartet darauf, von Ihnen entdeckt zu werden. Planen Sie klug, bleiben Sie flexibel und lassen Sie sich von der Magie dieser au\u00dfergew\u00f6hnlichen Schweizer Destination verzaubern.<\/p>\n","protected":false},"excerpt":{"rendered":"<p>Stellen Sie sich vor: Eine Schweizer Alpenregion mit 4.473 Einwohnern, verteilt \u00fcber eine atemberaubende Fl\u00e4che von 219,87 km\u00b2. Klingt wie ein Traum f\u00fcr Naturliebhaber, oder? Das ist Klosters &#8211; ein Juwel in Graub\u00fcnden. Doch 90% der Besucher begehen schwerwiegende Fehler, die sie um das wahre Erlebnis dieser einzigartigen Destination bringen. Lassen Sie uns diese Fallen &#8230; <a title=\"Diese Schweizer Alpenregion von 4.473 Einwohnern versteckt auf 219 km\u00b2 was 90% der Besucher verpassen\" class=\"read-more\" href=\"https:\/\/www.journee-mondiale.com\/de\/diese-schweizer-alpenregion-von-4-473-einwohnern-versteckt-auf-219-km%c2%b2-was-90-der-besucher-verpassen\/\" aria-label=\"Mehr Informationen \u00fcber Diese Schweizer Alpenregion von 4.473 Einwohnern versteckt auf 219 km\u00b2 was 90% der Besucher verpassen\">Lire plus<\/a><\/p>\n","protected":false},"author":1,"featured_media":16082,"comment_status":"","ping_status":"","sticky":false,"template":"","format":"standard","meta":{"footnotes":""},"categories":[49],"tags":[],"class_list":["post-16083","post","type-post","status-publish","format-standard","has-post-thumbnail","hentry","category-reisen"],"acf":[],"_yoast_wpseo_primary_category":null,"_yoast_wpseo_title":null,"_yoast_wpseo_metadesc":null,"_links":{"self":[{"href":"https:\/\/www.journee-mondiale.com\/de\/wp-json\/wp\/v2\/posts\/16083","targetHints":{"allow":["GET"]}}],"collection":[{"href":"https:\/\/www.journee-mondiale.com\/de\/wp-json\/wp\/v2\/posts"}],"about":[{"href":"https:\/\/www.journee-mondiale.com\/de\/wp-json\/wp\/v2\/types\/post"}],"author":[{"embeddable":true,"href":"https:\/\/www.journee-mondiale.com\/de\/wp-json\/wp\/v2\/users\/1"}],"replies":[{"embeddable":true,"href":"https:\/\/www.journee-mondiale.com\/de\/wp-json\/wp\/v2\/comments?post=16083"}],"version-history":[{"count":0,"href":"https:\/\/www.journee-mondiale.com\/de\/wp-json\/wp\/v2\/posts\/16083\/revisions"}],"wp:featuredmedia":[{"embeddable":true,"href":"https:\/\/www.journee-mondiale.com\/de\/wp-json\/wp\/v2\/media\/16082"}],"wp:attachment":[{"href":"https:\/\/www.journee-mondiale.com\/de\/wp-json\/wp\/v2\/media?parent=16083"}],"wp:term":[{"taxonomy":"category","embeddable":true,"href":"https:\/\/www.journee-mondiale.com\/de\/wp-json\/wp\/v2\/categories?post=16083"},{"taxonomy":"post_tag","embeddable":true,"href":"https:\/\/www.journee-mondiale.com\/de\/wp-json\/wp\/v2\/tags?post=16083"}],"curies":[{"name":"wp","href":"https:\/\/api.w.org\/{rel}","templated":true}]}}