{"id":16039,"date":"2025-08-28T15:06:06","date_gmt":"2025-08-28T13:06:06","guid":{"rendered":"https:\/\/www.journee-mondiale.com\/de\/dieser-658-einwohner-ort-verwandelt-sich-nachts-vom-templerfort-in-europas-dunkelsten-sternenhimmel-auf-240-metern\/"},"modified":"2025-08-28T15:06:06","modified_gmt":"2025-08-28T13:06:06","slug":"dieser-658-einwohner-ort-verwandelt-sich-nachts-vom-templerfort-in-europas-dunkelsten-sternenhimmel-auf-240-metern","status":"publish","type":"post","link":"https:\/\/www.journee-mondiale.com\/de\/dieser-658-einwohner-ort-verwandelt-sich-nachts-vom-templerfort-in-europas-dunkelsten-sternenhimmel-auf-240-metern\/","title":{"rendered":"Dieser 658-Einwohner Ort verwandelt sich nachts vom Templerfort in Europas dunkelsten Sternenhimmel auf 240 Metern"},"content":{"rendered":"<p>Stellen Sie sich vor: Ein mittelalterliches Templerfort mit nur 658 Einwohnern, das sich nachts in ein atemberaubendes Sternenparadies verwandelt. Willkommen in Monsaraz, Portugal &#8211; dem Herzen der <strong>Dark Sky Alqueva Reserve<\/strong>, wo Geschichte und Kosmos auf 240 Metern H\u00f6he verschmelzen.<\/p>\n<h2>Vom Templer-Erbe zum Sternen-Mekka<\/h2>\n<p>Tags\u00fcber pr\u00e4sentiert sich Monsaraz als perfekt erhaltene mittelalterliche Festung. Doch sobald die Sonne untergeht, enth\u00fcllt sich seine wahre Magie. Die 88,3 km\u00b2 gro\u00dfe Gemeinde wird zum Tor zu einem der <strong>dunkelsten Himmel Europas<\/strong>. W\u00e4hrend j\u00e4hrlich \u00fcber 40.000 Besucher die engen Gassen erkunden, bietet die Nacht ein v\u00f6llig anderes Spektakel.<\/p>\n<h2>Ein kosmisches Erlebnis der Extraklasse<\/h2>\n<p>Das <strong>Observat\u00f3rio do Lago Alqueva (OLA)<\/strong> \u00f6ffnet von Dienstag bis Samstag seine Tore f\u00fcr Sternenbegeisterte. Hier erleben Sie hautnah, warum Monsaraz als erste <strong>Starlight Tourism Destination<\/strong> weltweit ausgezeichnet wurde. Modernste Teleskope enth\u00fcllen Planetenoberfl\u00e4chen, Mondkrater und ferne Galaxien in atemberaubender Klarheit.<\/p>\n<h2>Fotografie zwischen Mittelalter und Milchstra\u00dfe<\/h2>\n<p>Astrofotografen finden hier ihr Paradies. Die Kombination aus mittelalterlicher Architektur und kristallklarem Nachthimmel schafft einzigartige Bildkompositionen. Experten empfehlen die Festungsmauern als perfekten Vordergrund f\u00fcr Aufnahmen der Milchstra\u00dfe. Ein Kontrast, der Jahrhunderte \u00fcberbr\u00fcckt und Betrachter in seinen Bann zieht.<\/p>\n<h2>Senhor Jesus dos Passos: Tradition trifft Sternenzauber<\/h2>\n<p>Planen Sie Ihren Besuch f\u00fcr September 2025 und erleben Sie das traditionelle <strong>Fest des Senhor Jesus dos Passos<\/strong>. Tags\u00fcber fesseln historische Prozessionen und Stierk\u00e4mpfe im Burghof. Nachts verwandelt sich das Fest in ein kosmisches Spektakel, wenn tausende Sterne \u00fcber den mittelalterlichen Mauern funkeln.<\/p>\n<h2>Praktische Tipps f\u00fcr Ihr Sternen-Abenteuer<\/h2>\n<p>F\u00fcr die optimale Erfahrung empfehlen Experten einen mehrt\u00e4gigen Aufenthalt. So k\u00f6nnen Sie sowohl die Tagesatmosph\u00e4re als auch die n\u00e4chtlichen Wunder voll auskosten. Beachten Sie: \u00d6ffentliche Verkehrsmittel sind nachts rar. Ein Mietwagen bietet maximale Flexibilit\u00e4t f\u00fcr Ihre kosmischen Erkundungen.<\/p>\n<p>Monsaraz ist nicht nur ein Ort &#8211; es ist eine Zeitreise zwischen Mittelalter und Zukunft. \u00c4hnlich faszinierende Naturph\u00e4nomene finden Sie auf <a href=\"https:\/\/www.journee-mondiale.com\/de\/nein-diese-900-000-einwohner-franzoesische-insel-beherbergt-seit-378-jahren-europas-aktivsten-vulkan-im-indischen-ozean\/\">dieser franz\u00f6sischen Insel mit aktivem Vulkan<\/a>. F\u00fcr weitere au\u00dfergew\u00f6hnliche Destinationen entdecken Sie <a href=\"https:\/\/www.journee-mondiale.com\/de\/diese-642-km%c2%b2-galapagos-insel-formt-seit-13-vulkanausbruechen-eine-wildnis-ohne-menschen\/\">diese unber\u00fchrte Galapagos-Insel<\/a>. Und wenn Sie von der Kombination aus Geschichte und Natur begeistert sind, besuchen Sie <a href=\"https:\/\/www.journee-mondiale.com\/de\/dieser-italienische-3525-einwohner-ort-verbindet-mittelalterliche-burg-mit-1760-meter-seilbahn-in-10-minuten\/\">diesen italienischen Ort mit mittelalterlicher Burg und moderner Seilbahn<\/a>.<\/p>\n<p>Erleben Sie in Monsaraz, wie 658 Einwohner tags\u00fcber mittelalterliche Geschichte bewahren und nachts zu H\u00fctern eines kosmischen Schatzes werden. Ein Ort, der die Grenzen zwischen Erde und Himmel, Vergangenheit und Zukunft verschwimmen l\u00e4sst. Bereiten Sie sich auf ein Abenteuer vor, das Ihre Perspektive f\u00fcr immer ver\u00e4ndern wird.<\/p>\n","protected":false},"excerpt":{"rendered":"<p>Stellen Sie sich vor: Ein mittelalterliches Templerfort mit nur 658 Einwohnern, das sich nachts in ein atemberaubendes Sternenparadies verwandelt. Willkommen in Monsaraz, Portugal &#8211; dem Herzen der Dark Sky Alqueva Reserve, wo Geschichte und Kosmos auf 240 Metern H\u00f6he verschmelzen. Vom Templer-Erbe zum Sternen-Mekka Tags\u00fcber pr\u00e4sentiert sich Monsaraz als perfekt erhaltene mittelalterliche Festung. Doch sobald &#8230; <a title=\"Dieser 658-Einwohner Ort verwandelt sich nachts vom Templerfort in Europas dunkelsten Sternenhimmel auf 240 Metern\" class=\"read-more\" href=\"https:\/\/www.journee-mondiale.com\/de\/dieser-658-einwohner-ort-verwandelt-sich-nachts-vom-templerfort-in-europas-dunkelsten-sternenhimmel-auf-240-metern\/\" aria-label=\"Mehr Informationen \u00fcber Dieser 658-Einwohner Ort verwandelt sich nachts vom Templerfort in Europas dunkelsten Sternenhimmel auf 240 Metern\">Lire plus<\/a><\/p>\n","protected":false},"author":1,"featured_media":16038,"comment_status":"","ping_status":"","sticky":false,"template":"","format":"standard","meta":{"footnotes":""},"categories":[49],"tags":[],"class_list":["post-16039","post","type-post","status-publish","format-standard","has-post-thumbnail","hentry","category-reisen"],"acf":[],"_yoast_wpseo_primary_category":null,"_yoast_wpseo_title":null,"_yoast_wpseo_metadesc":null,"_links":{"self":[{"href":"https:\/\/www.journee-mondiale.com\/de\/wp-json\/wp\/v2\/posts\/16039","targetHints":{"allow":["GET"]}}],"collection":[{"href":"https:\/\/www.journee-mondiale.com\/de\/wp-json\/wp\/v2\/posts"}],"about":[{"href":"https:\/\/www.journee-mondiale.com\/de\/wp-json\/wp\/v2\/types\/post"}],"author":[{"embeddable":true,"href":"https:\/\/www.journee-mondiale.com\/de\/wp-json\/wp\/v2\/users\/1"}],"replies":[{"embeddable":true,"href":"https:\/\/www.journee-mondiale.com\/de\/wp-json\/wp\/v2\/comments?post=16039"}],"version-history":[{"count":0,"href":"https:\/\/www.journee-mondiale.com\/de\/wp-json\/wp\/v2\/posts\/16039\/revisions"}],"wp:featuredmedia":[{"embeddable":true,"href":"https:\/\/www.journee-mondiale.com\/de\/wp-json\/wp\/v2\/media\/16038"}],"wp:attachment":[{"href":"https:\/\/www.journee-mondiale.com\/de\/wp-json\/wp\/v2\/media?parent=16039"}],"wp:term":[{"taxonomy":"category","embeddable":true,"href":"https:\/\/www.journee-mondiale.com\/de\/wp-json\/wp\/v2\/categories?post=16039"},{"taxonomy":"post_tag","embeddable":true,"href":"https:\/\/www.journee-mondiale.com\/de\/wp-json\/wp\/v2\/tags?post=16039"}],"curies":[{"name":"wp","href":"https:\/\/api.w.org\/{rel}","templated":true}]}}