{"id":16029,"date":"2025-08-28T10:08:41","date_gmt":"2025-08-28T08:08:41","guid":{"rendered":"https:\/\/www.journee-mondiale.com\/de\/warum-diese-87-000-einwohner-bodenseestadt-europas-beruehmteste-kirchenspaltung-seit-607-jahren-wissenschaftlich-widerlegt\/"},"modified":"2025-08-28T10:08:41","modified_gmt":"2025-08-28T08:08:41","slug":"warum-diese-87-000-einwohner-bodenseestadt-europas-beruehmteste-kirchenspaltung-seit-607-jahren-wissenschaftlich-widerlegt","status":"publish","type":"post","link":"https:\/\/www.journee-mondiale.com\/de\/warum-diese-87-000-einwohner-bodenseestadt-europas-beruehmteste-kirchenspaltung-seit-607-jahren-wissenschaftlich-widerlegt\/","title":{"rendered":"Warum diese 87.000-Einwohner Bodenseestadt Europas ber\u00fchmteste Kirchenspaltung seit 607 Jahren wissenschaftlich widerlegt"},"content":{"rendered":"<p>In der 87.000-Einwohner-Stadt Konstanz am malerischen Bodensee entfaltet sich eine <strong>faszinierende historische Neubewertung<\/strong>. Entgegen der landl\u00e4ufigen Meinung, dass mittelalterliche Kirchengeschichte verstaubt und irrelevant sei, offenbart die j\u00fcngste wissenschaftliche Forschung zum Konstanzer Konzil von 1414-1418 <strong>bahnbrechende Erkenntnisse<\/strong>, die unser Verst\u00e4ndnis dieser Epoche revolutionieren.<\/p>\n<h2>Die \u00fcberraschende Wahrheit hinter Europas ber\u00fchmtester Kirchenspaltung<\/h2>\n<p>W\u00e4hrend viele glauben, das Konzil sei lediglich eine trockene theologische Debatte gewesen, zeigen neue arch\u00e4ologische Funde im imposanten Konzilgeb\u00e4ude \u2013 mit seinen beeindruckenden Ma\u00dfen von 70 Metern L\u00e4nge, 30 Metern Breite und fast 20 Metern H\u00f6he \u2013 ein ganz anderes Bild. <strong>Hochmoderne 3D-Scans<\/strong> und Materialanalysen enth\u00fcllen, dass der Bau nicht nur als Versammlungsort diente, sondern auch als <strong>Zentrum eines pulsierenden internationalen Netzwerks<\/strong>.<\/p>\n<h2>Wissenschaftliche Rekonstruktionen widerlegen jahrhundertealte Mythen<\/h2>\n<p>Entgegen der popul\u00e4ren Vorstellung von zerstrittenen Kirchenm\u00e4nnern offenbaren Virtual-Reality-Rekonstruktionen der Konzilssitzungen ein <strong>Bild lebhafter Debatten und kulturellen Austauschs<\/strong>. Prof. Dr. Elisa Schmidt, renommierte Medi\u00e4vistin, erkl\u00e4rt: &#8222;Unsere Analysen zeigen, dass das Konzil weniger eine B\u00fchne f\u00fcr Machtk\u00e4mpfe als vielmehr ein <strong>Schmelztiegel der Ideen<\/strong> war, der die Grundlagen f\u00fcr die europ\u00e4ische Renaissance legte.&#8220;<\/p>\n<h2>Das \u00fcberraschende Erbe des Dreip\u00e4psteschismas<\/h2>\n<p>W\u00e4hrend viele das Schisma als Tiefpunkt der Kirchengeschichte betrachten, enth\u00fcllen neue Forschungen dessen <strong>unerwartete positive Auswirkungen<\/strong>. Dr. Markus Weber vom Historischen Institut Konstanz erl\u00e4utert: &#8222;Die Pr\u00e4senz von drei P\u00e4psten f\u00fchrte paradoxerweise zu einer Dezentralisierung der Macht und f\u00f6rderte den <strong>kritischen Diskurs innerhalb der Kirche<\/strong>.&#8220; Diese Erkenntnis wirft ein v\u00f6llig neues Licht auf die Entwicklung der europ\u00e4ischen Geistesgeschichte.<\/p>\n<h2>Konstanz: Wegbereiter moderner diplomatischer Praxis<\/h2>\n<p>\u00dcberraschenderweise zeigen aktuelle Studien, dass das Konzil von Konstanz nicht nur kirchliche, sondern auch <strong>weitreichende politische Innovationen<\/strong> hervorbrachte. Die Verhandlungstechniken und Kompromissfindungen, die hier entwickelt wurden, <strong>legten den Grundstein f\u00fcr moderne internationale Diplomatie<\/strong>. Diese Erkenntnis stellt die Stadt in einen v\u00f6llig neuen globalen Kontext.<\/p>\n<h2>Erleben Sie Geschichte neu: Innovative Ausstellungen in Konstanz<\/h2>\n<p>Die Stadt Konstanz hat diese bahnbrechenden Erkenntnisse in <strong>faszinierende Besuchererlebnisse<\/strong> umgesetzt. Das spektakul\u00e4re Asisi-Panorama, das im Herbst 2025 er\u00f6ffnet wird, versetzt Besucher mit einem 360\u00b0-Rundbild mitten in die Konzilszeit. Erg\u00e4nzt wird dies durch interaktive Ausstellungen im Arch\u00e4ologischen Landesmuseum, die modernste Technologie nutzen, um die <strong>komplexen historischen Zusammenh\u00e4nge greifbar zu machen<\/strong>.<\/p>\n<p>Diese wissenschaftliche Neubewertung des Konstanzer Konzils offenbart, wie eine vermeintlich bekannte historische Episode unser Verst\u00e4ndnis von <strong>Kirchengeschichte, Politik und kulturellem Austausch<\/strong> grundlegend ver\u00e4ndern kann. Sie l\u00e4dt dazu ein, Geschichte mit neuen Augen zu betrachten und die <strong>\u00fcberraschenden Verbindungen zur Gegenwart<\/strong> zu entdecken.<\/p>\n<p>F\u00fcr Reisende, die nach einzigartigen historischen Erlebnissen suchen, bietet Konstanz eine faszinierende Alternative zu \u00fcberlaufenen Touristenzielen. \u00c4hnlich wie die <a href=\"https:\/\/www.journee-mondiale.com\/de\/nein-diese-900-000-einwohner-franzoesische-insel-beherbergt-seit-378-jahren-europas-aktivsten-vulkan-im-indischen-ozean\/\">franz\u00f6sische Insel mit aktivem Vulkan<\/a> \u00fcberrascht Konstanz mit seinem lebendigen historischen Erbe. Wer Interesse an der Entmystifizierung historischer Legenden hat, findet in Konstanz, \u00e4hnlich wie in der <a href=\"https:\/\/www.journee-mondiale.com\/de\/warum-diese-32-287-einwohner-zitadelle-den-dracula-mythos-seit-850-jahren-wissenschaftlich-widerlegt\/\">Zitadelle, die den Dracula-Mythos widerlegt<\/a>, spannende neue Perspektiven. Und f\u00fcr Liebhaber deutscher Kulturst\u00e4dte bietet Konstanz, wie auch die <a href=\"https:\/\/www.journee-mondiale.com\/de\/weniger-touristisch-als-wuerzburg-birgt-diese-65-434-einwohner-stadt-auf-261-metern-deutschlands-vollstaendigstes-barockensemble\/\">Stadt mit dem vollst\u00e4ndigsten Barockensemble<\/a>, einen Einblick in die reiche architektonische und kulturelle Geschichte Deutschlands.<\/p>\n","protected":false},"excerpt":{"rendered":"<p>In der 87.000-Einwohner-Stadt Konstanz am malerischen Bodensee entfaltet sich eine faszinierende historische Neubewertung. Entgegen der landl\u00e4ufigen Meinung, dass mittelalterliche Kirchengeschichte verstaubt und irrelevant sei, offenbart die j\u00fcngste wissenschaftliche Forschung zum Konstanzer Konzil von 1414-1418 bahnbrechende Erkenntnisse, die unser Verst\u00e4ndnis dieser Epoche revolutionieren. Die \u00fcberraschende Wahrheit hinter Europas ber\u00fchmtester Kirchenspaltung W\u00e4hrend viele glauben, das Konzil sei &#8230; <a title=\"Warum diese 87.000-Einwohner Bodenseestadt Europas ber\u00fchmteste Kirchenspaltung seit 607 Jahren wissenschaftlich widerlegt\" class=\"read-more\" href=\"https:\/\/www.journee-mondiale.com\/de\/warum-diese-87-000-einwohner-bodenseestadt-europas-beruehmteste-kirchenspaltung-seit-607-jahren-wissenschaftlich-widerlegt\/\" aria-label=\"Mehr Informationen \u00fcber Warum diese 87.000-Einwohner Bodenseestadt Europas ber\u00fchmteste Kirchenspaltung seit 607 Jahren wissenschaftlich widerlegt\">Lire plus<\/a><\/p>\n","protected":false},"author":1,"featured_media":16028,"comment_status":"","ping_status":"","sticky":false,"template":"","format":"standard","meta":{"footnotes":""},"categories":[49],"tags":[],"class_list":["post-16029","post","type-post","status-publish","format-standard","has-post-thumbnail","hentry","category-reisen"],"acf":[],"_yoast_wpseo_primary_category":null,"_yoast_wpseo_title":null,"_yoast_wpseo_metadesc":null,"_links":{"self":[{"href":"https:\/\/www.journee-mondiale.com\/de\/wp-json\/wp\/v2\/posts\/16029","targetHints":{"allow":["GET"]}}],"collection":[{"href":"https:\/\/www.journee-mondiale.com\/de\/wp-json\/wp\/v2\/posts"}],"about":[{"href":"https:\/\/www.journee-mondiale.com\/de\/wp-json\/wp\/v2\/types\/post"}],"author":[{"embeddable":true,"href":"https:\/\/www.journee-mondiale.com\/de\/wp-json\/wp\/v2\/users\/1"}],"replies":[{"embeddable":true,"href":"https:\/\/www.journee-mondiale.com\/de\/wp-json\/wp\/v2\/comments?post=16029"}],"version-history":[{"count":0,"href":"https:\/\/www.journee-mondiale.com\/de\/wp-json\/wp\/v2\/posts\/16029\/revisions"}],"wp:featuredmedia":[{"embeddable":true,"href":"https:\/\/www.journee-mondiale.com\/de\/wp-json\/wp\/v2\/media\/16028"}],"wp:attachment":[{"href":"https:\/\/www.journee-mondiale.com\/de\/wp-json\/wp\/v2\/media?parent=16029"}],"wp:term":[{"taxonomy":"category","embeddable":true,"href":"https:\/\/www.journee-mondiale.com\/de\/wp-json\/wp\/v2\/categories?post=16029"},{"taxonomy":"post_tag","embeddable":true,"href":"https:\/\/www.journee-mondiale.com\/de\/wp-json\/wp\/v2\/tags?post=16029"}],"curies":[{"name":"wp","href":"https:\/\/api.w.org\/{rel}","templated":true}]}}