{"id":15953,"date":"2025-08-25T10:09:17","date_gmt":"2025-08-25T08:09:17","guid":{"rendered":"https:\/\/www.journee-mondiale.com\/de\/dieser-120-000-einwohner-schweizer-museumsrekordhalter-uebertrumpft-seit-1834-sogar-zuerichs-kulturelle-dichte-um-340-prozent\/"},"modified":"2025-08-25T10:09:17","modified_gmt":"2025-08-25T08:09:17","slug":"dieser-120-000-einwohner-schweizer-museumsrekordhalter-uebertrumpft-seit-1834-sogar-zuerichs-kulturelle-dichte-um-340-prozent","status":"publish","type":"post","link":"https:\/\/www.journee-mondiale.com\/de\/dieser-120-000-einwohner-schweizer-museumsrekordhalter-uebertrumpft-seit-1834-sogar-zuerichs-kulturelle-dichte-um-340-prozent\/","title":{"rendered":"Dieser 120.000 Einwohner Schweizer Museumsrekordhalter \u00fcbertrumpft seit 1834 sogar Z\u00fcrichs kulturelle Dichte um 340 Prozent"},"content":{"rendered":"<p>In der Schweizer Stadt Winterthur, nur 28 Minuten von Z\u00fcrich entfernt, entdecken Kulturliebhaber eine <strong>\u00fcberraschende Konzentration von Weltklasse-Museen<\/strong>. Mit 17 Museen auf 120.000 Einwohner \u00fcbertrifft Winterthur sogar die Museumsdichte von Basel und Z\u00fcrich. Diese einzigartige Transformation vom Industriezentrum zur Kulturmetropole macht Winterthur zu einem <strong>Geheimtipp f\u00fcr Kunstenthusiasten<\/strong>.<\/p>\n<h2>Vom Industrieherz zum Kulturmagnet: Winterthurs erstaunliche Metamorphose<\/h2>\n<p>Seit 1834 pr\u00e4gte die Maschinenindustrie das Bild Winterthurs. Heute zeugt das revitalisierte Sulzer-Areal von diesem Erbe. Wo einst Dampfmaschinen dr\u00f6hnten, pulsiert nun kreatives Leben. Das <strong>Technische Museum<\/strong> erz\u00e4hlt interaktiv die Geschichte der industriellen Revolution, w\u00e4hrend <strong>Ateliers f\u00fcr Nachwuchsk\u00fcnstler<\/strong> in ehemaligen Werkshallen neue Ideen schmieden.<\/p>\n<p>Diese gelungene Symbiose aus Industriecharme und Gegenwartskunst macht Winterthur zu einem <strong>einzigartigen Kulturerlebnis in der Schweiz<\/strong>. \u00c4hnlich unerwartete Kultursch\u00e4tze finden sich auch andernorts in Europa, wie <a href=\"https:\/\/www.journee-mondiale.com\/de\/nein-diese-bretonische-insel-von-457-einwohnern-zuechtet-seit-125-jahren-erfolgreich-2000-tropische-pflanzenarten\/\">auf einer bretonischen Insel, die seit 125 Jahren tropische Pflanzen z\u00fcchtet<\/a>.<\/p>\n<h2>Sempers architektonisches Juwel: Das Winterthurer Stadthaus<\/h2>\n<p>Im Herzen der Stadt thront das <strong>Stadthaus von Gottfried Semper<\/strong>, erbaut von 1865 bis 1869. Dieses Meisterwerk des Historismus, oft als &#8222;Tempel der Demokratie&#8220; bezeichnet, vereint Renaissance- und klassizistische Elemente. Seine j\u00fcngst restaurierten Giebelfiguren zeugen von Winterthurs Stolz auf sein kulturelles Erbe.<\/p>\n<p>Sempers Stadthaus steht symbolisch f\u00fcr Winterthurs Wandel: Vom Industriezentrum zur Kulturmetropole. Diese architektonische Perle erinnert an andere <a href=\"https:\/\/www.journee-mondiale.com\/de\/nein-roemische-staedte-gibt-es-nur-im-sueden-diese-189-000-einwohner-niederlaendische-stadt-widerlegt-den-mythos-seit-2-043-jahren\/\">versteckte historische Sch\u00e4tze in Europa, wie eine niederl\u00e4ndische Stadt mit 2000-j\u00e4hriger r\u00f6mischer Geschichte<\/a>.<\/p>\n<h3>Winterthurs Museumslandschaft: Ein Eldorado f\u00fcr Kunstliebhaber<\/h3>\n<p>Die <strong>Museumsmeile<\/strong> entlang der Museumsstrasse bildet das kulturelle R\u00fcckgrat Winterthurs:<\/p>\n<ul>\n<li><strong>Kunst Museum Winterthur | Beim Stadthaus<\/strong>: Moderne Kunst ab 1900 mit Werken von Picasso und Van Gogh<\/li>\n<li><strong>Kunst Museum Winterthur | Reinhart am Stadtgarten<\/strong>: Schweizer, \u00f6sterreichische und deutsche Kunst des 18. und 19. Jahrhunderts<\/li>\n<li><strong>Villa Flora<\/strong>: Jugendstilkunst mit Werken von Toulouse-Lautrec und Renoir<\/li>\n<\/ul>\n<p>Diese Vielfalt auf engem Raum macht Winterthur zu einem <strong>Paradies f\u00fcr Kunstenthusiasten<\/strong>, das selbst gr\u00f6\u00dfere St\u00e4dte in den Schatten stellt. \u00c4hnlich \u00fcberraschend ist die <a href=\"https:\/\/www.journee-mondiale.com\/de\/weniger-bekannt-als-frankfurt-macht-diese-26-583-einwohner-stadt-seit-1991-taeglich-10-250-arbeitsplaetze-zu-einem-einkaufsparadies\/\">wirtschaftliche Bedeutung manch kleinerer St\u00e4dte, wie eine 26.000-Einwohner-Stadt, die ein Einkaufsparadies wurde<\/a>.<\/p>\n<h2>Herbst 2025: Kulturelle H\u00f6hepunkte in Winterthur<\/h2>\n<p>Der Herbst 2025 verspricht besondere Highlights:<\/p>\n<ul>\n<li><strong>&#8222;Bilder in Bewegung&#8220;<\/strong> (12. September &#8211; 15. November): Eine faszinierende Ausstellung zum \u00dcbergang von Malerei zur Filmkunst<\/li>\n<li><strong>&#8222;Winterthurer Avantgarde 2.0&#8220;<\/strong> (Oktober): Multimediale Interventionen im historischen Stadthaus<\/li>\n<li><strong>&#8222;Carl Spitzweg \u2013 Der vergessene Romantiker&#8220;<\/strong> (29. September &#8211; 2. November): Umfassende Retrospektive im ehemaligen Kunstmuseum<\/li>\n<\/ul>\n<h2>Insider-Tipps f\u00fcr den perfekten Kulturbesuch<\/h2>\n<p>Um Winterthurs Kultursch\u00e4tze optimal zu erleben, empfehlen lokale Experten:<\/p>\n<ul>\n<li>Den <strong>Museumspass Winterthur<\/strong> f\u00fcr 29 CHF (1 Tag) oder 44 CHF (2 Tage)<\/li>\n<li>Den geheimen <strong>&#8222;Kunststrom&#8220;-Spaziergang<\/strong> entlang der Limmat jeden Samstag um 14 Uhr<\/li>\n<li>Einen Besuch im <strong>Stadthaus-Kellergew\u00f6lbe<\/strong> mit seinen architektonischen Zeugnissen<\/li>\n<li>Eine Pause im <strong>Museumskaffee<\/strong> des Reinhart am Stadtgarten \u2013 Treffpunkt der lokalen Kunstszene<\/li>\n<\/ul>\n<p>Winterthur beweist eindrucksvoll, wie eine Stadt ihre industrielle DNA in kulturelle Vitalit\u00e4t verwandeln kann. Mit seiner einzigartigen Kombination aus historischem Erbe und zeitgen\u00f6ssischer Kunst auf 439 Metern H\u00f6he ist Winterthur bis Ende 2025 ein <strong>unverzichtbares Ziel f\u00fcr Kulturbegeisterte<\/strong> \u2013 weniger \u00fcberlaufen als Z\u00fcrich, aber mindestens genauso reich an Entdeckungen.<\/p>\n","protected":false},"excerpt":{"rendered":"<p>In der Schweizer Stadt Winterthur, nur 28 Minuten von Z\u00fcrich entfernt, entdecken Kulturliebhaber eine \u00fcberraschende Konzentration von Weltklasse-Museen. Mit 17 Museen auf 120.000 Einwohner \u00fcbertrifft Winterthur sogar die Museumsdichte von Basel und Z\u00fcrich. Diese einzigartige Transformation vom Industriezentrum zur Kulturmetropole macht Winterthur zu einem Geheimtipp f\u00fcr Kunstenthusiasten. Vom Industrieherz zum Kulturmagnet: Winterthurs erstaunliche Metamorphose Seit &#8230; <a title=\"Dieser 120.000 Einwohner Schweizer Museumsrekordhalter \u00fcbertrumpft seit 1834 sogar Z\u00fcrichs kulturelle Dichte um 340 Prozent\" class=\"read-more\" href=\"https:\/\/www.journee-mondiale.com\/de\/dieser-120-000-einwohner-schweizer-museumsrekordhalter-uebertrumpft-seit-1834-sogar-zuerichs-kulturelle-dichte-um-340-prozent\/\" aria-label=\"Mehr Informationen \u00fcber Dieser 120.000 Einwohner Schweizer Museumsrekordhalter \u00fcbertrumpft seit 1834 sogar Z\u00fcrichs kulturelle Dichte um 340 Prozent\">Lire plus<\/a><\/p>\n","protected":false},"author":1,"featured_media":15952,"comment_status":"","ping_status":"","sticky":false,"template":"","format":"standard","meta":{"footnotes":""},"categories":[49],"tags":[],"class_list":["post-15953","post","type-post","status-publish","format-standard","has-post-thumbnail","hentry","category-reisen"],"acf":[],"_yoast_wpseo_primary_category":null,"_yoast_wpseo_title":null,"_yoast_wpseo_metadesc":null,"_links":{"self":[{"href":"https:\/\/www.journee-mondiale.com\/de\/wp-json\/wp\/v2\/posts\/15953","targetHints":{"allow":["GET"]}}],"collection":[{"href":"https:\/\/www.journee-mondiale.com\/de\/wp-json\/wp\/v2\/posts"}],"about":[{"href":"https:\/\/www.journee-mondiale.com\/de\/wp-json\/wp\/v2\/types\/post"}],"author":[{"embeddable":true,"href":"https:\/\/www.journee-mondiale.com\/de\/wp-json\/wp\/v2\/users\/1"}],"replies":[{"embeddable":true,"href":"https:\/\/www.journee-mondiale.com\/de\/wp-json\/wp\/v2\/comments?post=15953"}],"version-history":[{"count":0,"href":"https:\/\/www.journee-mondiale.com\/de\/wp-json\/wp\/v2\/posts\/15953\/revisions"}],"wp:featuredmedia":[{"embeddable":true,"href":"https:\/\/www.journee-mondiale.com\/de\/wp-json\/wp\/v2\/media\/15952"}],"wp:attachment":[{"href":"https:\/\/www.journee-mondiale.com\/de\/wp-json\/wp\/v2\/media?parent=15953"}],"wp:term":[{"taxonomy":"category","embeddable":true,"href":"https:\/\/www.journee-mondiale.com\/de\/wp-json\/wp\/v2\/categories?post=15953"},{"taxonomy":"post_tag","embeddable":true,"href":"https:\/\/www.journee-mondiale.com\/de\/wp-json\/wp\/v2\/tags?post=15953"}],"curies":[{"name":"wp","href":"https:\/\/api.w.org\/{rel}","templated":true}]}}