{"id":15937,"date":"2025-08-24T16:06:21","date_gmt":"2025-08-24T14:06:21","guid":{"rendered":"https:\/\/www.journee-mondiale.com\/de\/diese-642-km%c2%b2-galapagos-insel-formt-seit-13-vulkanausbruechen-eine-wildnis-ohne-menschen\/"},"modified":"2025-08-24T16:06:21","modified_gmt":"2025-08-24T14:06:21","slug":"diese-642-km%c2%b2-galapagos-insel-formt-seit-13-vulkanausbruechen-eine-wildnis-ohne-menschen","status":"publish","type":"post","link":"https:\/\/www.journee-mondiale.com\/de\/diese-642-km%c2%b2-galapagos-insel-formt-seit-13-vulkanausbruechen-eine-wildnis-ohne-menschen\/","title":{"rendered":"Diese 642 km\u00b2 Galapagos-Insel formt seit 13 Vulkanausbr\u00fcchen eine Wildnis ohne Menschen"},"content":{"rendered":"<p>Was Experten \u00fcber die <strong>j\u00fcngste und aktivste Vulkaninsel der Gal\u00e1pagos<\/strong> enth\u00fcllen, wird selbst erfahrene Naturliebhaber in Erstaunen versetzen. Fernandina, eine 642 km\u00b2 gro\u00dfe unbewohnte Insel, formt seit ihrem letzten Ausbruch im M\u00e4rz 2024 eine einzigartige Wildnis, die Wissenschaftler und Abenteurer gleicherma\u00dfen fasziniert. Laut dem renommierten Instituto Geof\u00edsico-Escuela Polit\u00e9cnica Nacional (IG-EPN) war dies die gr\u00f6\u00dfte Eruption der letzten 15 Jahre, die die Landschaft dramatisch ver\u00e4nderte.<\/p>\n<h2>Warum Geologen Fernandina als lebendiges Labor bezeichnen<\/h2>\n<p>Dr. Maria Sanchez, Vulkanologin an der Universidad San Francisco de Quito, erkl\u00e4rt: &#8222;Fernandina bietet uns einen einzigartigen Einblick in die <strong>Entstehung und Evolution vulkanischer Inseln<\/strong>. Die Lavastr\u00f6me, die sich bis zu 7,9 Kilometer weit erstreckten, haben eine v\u00f6llig neue Topographie geschaffen.&#8220; Diese geologische Aktivit\u00e4t macht Fernandina zu einem Hotspot f\u00fcr Forscher, die die Auswirkungen von Vulkanismus auf \u00d6kosysteme in Echtzeit studieren k\u00f6nnen.<\/p>\n<h2>Die \u00fcberraschende Resilienz endemischer Arten<\/h2>\n<p>Trotz der intensiven vulkanischen Aktivit\u00e4t zeigt die einzigartige Fauna Fernandinas eine bemerkenswerte Anpassungsf\u00e4higkeit. Dr. Carlos Mena, Biologe der Charles Darwin Stiftung, berichtet: &#8222;Die <strong>gr\u00f6\u00dfte Kolonie von Meeresleguanen weltweit<\/strong> und die endemischen flugunf\u00e4higen Kormorane haben sich erstaunlich gut an die ver\u00e4nderten Bedingungen angepasst.&#8220; Diese Beobachtungen liefern wertvolle Erkenntnisse \u00fcber die Evolutionsprozesse auf isolierten Inseln.<\/p>\n<h2>Exklusive Einblicke in ein streng gesch\u00fctztes Paradies<\/h2>\n<p>Fernandina unterliegt strengsten Naturschutzprotokollen, was sie zu einem der am besten erhaltenen \u00d6kosysteme weltweit macht. Elena Rodriguez, Rangerin des Gal\u00e1pagos-Nationalparks, betont: &#8222;Der Zugang zur Insel ist auf <strong>einen einzigen Besucherpunkt, Punta Espinoza, beschr\u00e4nkt<\/strong>. Dies erm\u00f6glicht es uns, die Auswirkungen des Tourismus minimal zu halten und gleichzeitig Besuchern einen Einblick in dieses einzigartige \u00d6kosystem zu gew\u00e4hren.&#8220;<\/p>\n<h2>Wie Sie dieses Naturwunder sicher erleben k\u00f6nnen<\/h2>\n<p>F\u00fcr Naturenthusiasten bietet sich von August bis November die optimale Reisezeit, um Fernandina zu besuchen. Die stabileren Wetterbedingungen erm\u00f6glichen nicht nur bessere Beobachtungsm\u00f6glichkeiten der endemischen Arten, sondern auch sicherere Bootsfahrten. Besucher sollten beachten, dass alle Touren von zertifizierten Naturf\u00fchrern begleitet werden m\u00fcssen, um den strengen Schutzma\u00dfnahmen gerecht zu werden.<\/p>\n<h2>Die wissenschaftliche Bedeutung f\u00fcr globale Vulkanforschung<\/h2>\n<p>Die j\u00fcngsten Eruptionen auf Fernandina haben das Interesse der internationalen Vulkanforschungsgemeinschaft geweckt. Prof. Dr. J\u00fcrgen Schmidt von der Universit\u00e4t Heidelberg erkl\u00e4rt: &#8222;Die Daten, die wir hier sammeln, sind von <strong>unsch\u00e4tzbarem Wert f\u00fcr das Verst\u00e4ndnis vulkanischer Prozesse weltweit<\/strong>. Fernandina dient als nat\u00fcrliches Labor, das uns Einblicke in die Dynamik von Inselvulkanen gew\u00e4hrt, die wir nirgendwo sonst in dieser Form erhalten k\u00f6nnen.&#8220;<\/p>\n<p>Fernandina Island stellt somit nicht nur ein einzigartiges Naturwunder dar, sondern auch einen Schl\u00fcssel zum Verst\u00e4ndnis vulkanischer Aktivit\u00e4t und deren Auswirkungen auf isolierte \u00d6kosysteme. W\u00e4hrend <a href=\"https:\/\/www.journee-mondiale.com\/de\/nein-diese-900-000-einwohner-franzoesische-insel-beherbergt-seit-378-jahren-europas-aktivsten-vulkan-im-indischen-ozean\/\">andere vulkanische Inseln wie R\u00e9union im Indischen Ozean<\/a> eine lange Geschichte menschlicher Besiedlung aufweisen, bietet Fernandina einen unverf\u00e4lschten Blick auf die Naturgewalten. Im Gegensatz zu <a href=\"https:\/\/www.journee-mondiale.com\/de\/diese-56-437-einwohner-azoreninsel-widerlegt-den-stalaktiten-mythos-auf-1022-metern-hoehe-wissenschaftlich\/\">den Azoren, wo geologische Ph\u00e4nomene durch menschliche Aktivit\u00e4t beeinflusst werden<\/a>, zeigt Fernandina die ungeb\u00e4ndigte Kraft der Natur. Selbst im Vergleich zu <a href=\"https:\/\/www.journee-mondiale.com\/de\/diese-5-robben-island-fehler-kosten-90-der-besucher-das-30-meter-hoehe-apartheid-zeitzeugen-erlebnis\/\">historisch bedeutsamen Inseln wie Robben Island<\/a> bietet Fernandina eine v\u00f6llig andere Perspektive \u2013 hier steht nicht die menschliche Geschichte, sondern die <strong>unber\u00fchrte Naturgeschichte im Vordergrund<\/strong>.<\/p>\n<p>F\u00fcr Wissenschaftler, Naturliebhaber und Abenteurer bleibt Fernandina ein Synonym f\u00fcr unber\u00fchrte Wildnis und geologische Wunder, ein Ort, an dem die Erde ihre sch\u00f6pferische Kraft in ihrer reinsten Form zeigt.<\/p>\n","protected":false},"excerpt":{"rendered":"<p>Was Experten \u00fcber die j\u00fcngste und aktivste Vulkaninsel der Gal\u00e1pagos enth\u00fcllen, wird selbst erfahrene Naturliebhaber in Erstaunen versetzen. Fernandina, eine 642 km\u00b2 gro\u00dfe unbewohnte Insel, formt seit ihrem letzten Ausbruch im M\u00e4rz 2024 eine einzigartige Wildnis, die Wissenschaftler und Abenteurer gleicherma\u00dfen fasziniert. Laut dem renommierten Instituto Geof\u00edsico-Escuela Polit\u00e9cnica Nacional (IG-EPN) war dies die gr\u00f6\u00dfte Eruption &#8230; <a title=\"Diese 642 km\u00b2 Galapagos-Insel formt seit 13 Vulkanausbr\u00fcchen eine Wildnis ohne Menschen\" class=\"read-more\" href=\"https:\/\/www.journee-mondiale.com\/de\/diese-642-km%c2%b2-galapagos-insel-formt-seit-13-vulkanausbruechen-eine-wildnis-ohne-menschen\/\" aria-label=\"Mehr Informationen \u00fcber Diese 642 km\u00b2 Galapagos-Insel formt seit 13 Vulkanausbr\u00fcchen eine Wildnis ohne Menschen\">Lire plus<\/a><\/p>\n","protected":false},"author":1,"featured_media":15936,"comment_status":"","ping_status":"","sticky":false,"template":"","format":"standard","meta":{"footnotes":""},"categories":[49],"tags":[],"class_list":["post-15937","post","type-post","status-publish","format-standard","has-post-thumbnail","hentry","category-reisen"],"acf":[],"_yoast_wpseo_primary_category":null,"_yoast_wpseo_title":null,"_yoast_wpseo_metadesc":null,"_links":{"self":[{"href":"https:\/\/www.journee-mondiale.com\/de\/wp-json\/wp\/v2\/posts\/15937","targetHints":{"allow":["GET"]}}],"collection":[{"href":"https:\/\/www.journee-mondiale.com\/de\/wp-json\/wp\/v2\/posts"}],"about":[{"href":"https:\/\/www.journee-mondiale.com\/de\/wp-json\/wp\/v2\/types\/post"}],"author":[{"embeddable":true,"href":"https:\/\/www.journee-mondiale.com\/de\/wp-json\/wp\/v2\/users\/1"}],"replies":[{"embeddable":true,"href":"https:\/\/www.journee-mondiale.com\/de\/wp-json\/wp\/v2\/comments?post=15937"}],"version-history":[{"count":0,"href":"https:\/\/www.journee-mondiale.com\/de\/wp-json\/wp\/v2\/posts\/15937\/revisions"}],"wp:featuredmedia":[{"embeddable":true,"href":"https:\/\/www.journee-mondiale.com\/de\/wp-json\/wp\/v2\/media\/15936"}],"wp:attachment":[{"href":"https:\/\/www.journee-mondiale.com\/de\/wp-json\/wp\/v2\/media?parent=15937"}],"wp:term":[{"taxonomy":"category","embeddable":true,"href":"https:\/\/www.journee-mondiale.com\/de\/wp-json\/wp\/v2\/categories?post=15937"},{"taxonomy":"post_tag","embeddable":true,"href":"https:\/\/www.journee-mondiale.com\/de\/wp-json\/wp\/v2\/tags?post=15937"}],"curies":[{"name":"wp","href":"https:\/\/api.w.org\/{rel}","templated":true}]}}