{"id":15929,"date":"2025-08-24T11:05:36","date_gmt":"2025-08-24T09:05:36","guid":{"rendered":"https:\/\/www.journee-mondiale.com\/de\/was-voerdens-8-858-einwohner-nur-mit-engen-freunden-ueber-ihr-180-jaehriges-fachwerkdorf-neben-modernem-wirtschaftszentrum-teilen\/"},"modified":"2025-08-24T11:05:36","modified_gmt":"2025-08-24T09:05:36","slug":"was-voerdens-8-858-einwohner-nur-mit-engen-freunden-ueber-ihr-180-jaehriges-fachwerkdorf-neben-modernem-wirtschaftszentrum-teilen","status":"publish","type":"post","link":"https:\/\/www.journee-mondiale.com\/de\/was-voerdens-8-858-einwohner-nur-mit-engen-freunden-ueber-ihr-180-jaehriges-fachwerkdorf-neben-modernem-wirtschaftszentrum-teilen\/","title":{"rendered":"Was V\u00f6rdens 8.858 Einwohner nur mit engen Freunden \u00fcber ihr 180-j\u00e4hriges Fachwerkdorf neben modernem Wirtschaftszentrum teilen"},"content":{"rendered":"<p>Was sich hinter den pittoresken Fachwerkh\u00e4usern von V\u00f6rden verbirgt, l\u00e4sst selbst Einheimische staunen. Mit gerade einmal <strong>8.858 Einwohnern<\/strong> bewahrt diese Gemeinde im Oldenburger M\u00fcnsterland ein Geheimnis, das nur wenige kennen. Zwischen historischen Gassen und bl\u00fchenden Moorlandschaften entfaltet sich ein faszinierender Kontrast, den die Bewohner nur mit ihren engsten Vertrauten teilen.<\/p>\n<h2>Ein 180-j\u00e4hriges Dorf mit globalem Wirtschaftszentrum<\/h2>\n<p>V\u00f6rdens Ortskern gleicht einer Zeitreise ins 19. Jahrhundert. Liebevoll restaurierte Fachwerkh\u00e4user s\u00e4umen die Stra\u00dfen, allen voran das imposante <strong>Ackerb\u00fcrgerhaus aus dem Jahr 1843<\/strong>. Doch nur wenige Kilometer entfernt offenbart sich eine v\u00f6llig andere Welt: Der <strong>Niedersachsenpark<\/strong>, ein hochmodernes Gewerbegebiet, das internationale Unternehmen wie Adidas beherbergt.<\/p>\n<p>Dieser unerwartete Kontrast zwischen Tradition und Innovation macht V\u00f6rden zu einem <a href=\"https:\/\/www.journee-mondiale.com\/de\/dieses-2890-einwohner-wasserdorf-bewaeltigt-jaehrlich-1-million-instagram-touristen-ohne-eine-einzige-strasse\/\">einzigartigen Reiseziel abseits \u00fcberlaufener Touristenpfade<\/a>. Hier treffen Nachtw\u00e4chtertouren auf Hightech-Logistikzentren, ein Spannungsfeld, das selbst langj\u00e4hrige Bewohner immer wieder \u00fcberrascht.<\/p>\n<h2>Verborgene Sch\u00e4tze im Herzen Niedersachsens<\/h2>\n<p>Wer glaubt, V\u00f6rden sei nur ein weiteres idyllisches Dorf, wird schnell eines Besseren belehrt. Die <strong>schwedische Geschichte<\/strong> um Gustav Gustavson hinterl\u00e4sst bis heute ihre Spuren. Im Ortskern finden sich noch \u00dcberreste der &#8222;alten Burg V\u00f6rden&#8220;, die von einer bewegten Vergangenheit zeugen.<\/p>\n<p>Naturliebhaber schw\u00e4rmen vom <strong>Campemoor<\/strong>, einer faszinierenden Moorlandschaft am Rande der Gemeinde. Hier f\u00fchren Pfahlwege durch bl\u00fchende Heidefl\u00e4chen \u2013 ein Geheimtipp f\u00fcr Wanderer, der besonders im Sp\u00e4tsommer seine volle Pracht entfaltet.<\/p>\n<h2>Kulturelle \u00dcberraschungen im l\u00e4ndlichen Idyll<\/h2>\n<p>Der <strong>Kulturbahnhof Neuenkirchen<\/strong> ist V\u00f6rdens bestgeh\u00fctetes Geheimnis. In diesem ehemaligen Bahnhofsgeb\u00e4ude finden regelm\u00e4\u00dfig Ausstellungen, Konzerte und Theaterauff\u00fchrungen statt. Es ist ein kulturelles Zentrum, das selbst Gro\u00dfst\u00e4dter neidisch macht.<\/p>\n<p>Besonders stolz sind die Einheimischen auf ihre <strong>Nachtw\u00e4chtertouren<\/strong>. Der Heimatverein erweckt hier die Geschichte zum Leben und enth\u00fcllt Anekdoten, die in keinem Reisef\u00fchrer zu finden sind. Diese Touren geben einen authentischen Einblick in das Leben der Vorfahren und sind bei Besuchern \u00e4u\u00dferst beliebt.<\/p>\n<h2>Ein Wirtschaftswunder im Fachwerkidyll<\/h2>\n<p>Der <strong>Niedersachsenpark<\/strong> ist V\u00f6rdens Ass im \u00c4rmel. Auf \u00fcber 400 Hektar haben sich hier 60 Unternehmen angesiedelt und <strong>2.200 Arbeitspl\u00e4tze<\/strong> geschaffen. Die Einheimischen sind stolz darauf, dass ihr Dorf eine so bedeutende wirtschaftliche Rolle spielt, ohne dabei seinen Charme zu verlieren.<\/p>\n<p>\u00c4hnlich wie <a href=\"https:\/\/www.journee-mondiale.com\/de\/was-hitzackers-5100-einwohner-nur-mit-engen-freunden-ueber-ihr-verstecktes-weindorf-an-der-elbe-teilen\/\">Hitzacker an der Elbe<\/a> hat V\u00f6rden es geschafft, seine historische Identit\u00e4t zu bewahren und gleichzeitig neue Wege zu gehen. Diese Mischung macht die Gemeinde zu einem Vorbild f\u00fcr nachhaltige Regionalentwicklung.<\/p>\n<h2>Ein Geheimtipp f\u00fcr Entdecker und Kulturliebhaber<\/h2>\n<p>V\u00f6rden ist mehr als nur ein Zwischenstopp auf der Autobahn A1. Es ist ein Ort, der Traditionen pflegt und gleichzeitig mutig in die Zukunft blickt. Hier findet man <strong>authentische Erlebnisse fernab des Massentourismus<\/strong>, von historischen Stadtf\u00fchrungen bis hin zu Moorwanderungen.<\/p>\n<p>Die Kombination aus <strong>Natur, Kultur und wirtschaftlicher Innovation<\/strong> macht V\u00f6rden zu einem Reiseziel, das man so schnell nicht vergisst. Es erinnert an <a href=\"https:\/\/www.journee-mondiale.com\/de\/dieser-rheinhessen-ort-von-450-einwohnern-gewann-internationalen-architekturpreis-fuer-revolutionaeren-weinbau-kontrast\/\">kleine Orte in Rheinhessen<\/a>, die ebenfalls durch ihren Kontrast zwischen Tradition und Moderne beeindrucken.<\/p>\n<p>Wer V\u00f6rden besucht, taucht ein in eine Welt voller \u00dcberraschungen. Es ist ein Ort, den die Einheimischen liebevoll h\u00fcten und nur mit denen teilen, die bereit sind, hinter die Fassade zu blicken. F\u00fcr Reisende, die das Authentische suchen, ist V\u00f6rden im Jahr 2025 definitiv ein Geheimtipp, den es zu entdecken gilt.<\/p>\n","protected":false},"excerpt":{"rendered":"<p>Was sich hinter den pittoresken Fachwerkh\u00e4usern von V\u00f6rden verbirgt, l\u00e4sst selbst Einheimische staunen. Mit gerade einmal 8.858 Einwohnern bewahrt diese Gemeinde im Oldenburger M\u00fcnsterland ein Geheimnis, das nur wenige kennen. Zwischen historischen Gassen und bl\u00fchenden Moorlandschaften entfaltet sich ein faszinierender Kontrast, den die Bewohner nur mit ihren engsten Vertrauten teilen. Ein 180-j\u00e4hriges Dorf mit globalem &#8230; <a title=\"Was V\u00f6rdens 8.858 Einwohner nur mit engen Freunden \u00fcber ihr 180-j\u00e4hriges Fachwerkdorf neben modernem Wirtschaftszentrum teilen\" class=\"read-more\" href=\"https:\/\/www.journee-mondiale.com\/de\/was-voerdens-8-858-einwohner-nur-mit-engen-freunden-ueber-ihr-180-jaehriges-fachwerkdorf-neben-modernem-wirtschaftszentrum-teilen\/\" aria-label=\"Mehr Informationen \u00fcber Was V\u00f6rdens 8.858 Einwohner nur mit engen Freunden \u00fcber ihr 180-j\u00e4hriges Fachwerkdorf neben modernem Wirtschaftszentrum teilen\">Lire plus<\/a><\/p>\n","protected":false},"author":1,"featured_media":15928,"comment_status":"","ping_status":"","sticky":false,"template":"","format":"standard","meta":{"footnotes":""},"categories":[49],"tags":[],"class_list":["post-15929","post","type-post","status-publish","format-standard","has-post-thumbnail","hentry","category-reisen"],"acf":[],"_yoast_wpseo_primary_category":null,"_yoast_wpseo_title":null,"_yoast_wpseo_metadesc":null,"_links":{"self":[{"href":"https:\/\/www.journee-mondiale.com\/de\/wp-json\/wp\/v2\/posts\/15929","targetHints":{"allow":["GET"]}}],"collection":[{"href":"https:\/\/www.journee-mondiale.com\/de\/wp-json\/wp\/v2\/posts"}],"about":[{"href":"https:\/\/www.journee-mondiale.com\/de\/wp-json\/wp\/v2\/types\/post"}],"author":[{"embeddable":true,"href":"https:\/\/www.journee-mondiale.com\/de\/wp-json\/wp\/v2\/users\/1"}],"replies":[{"embeddable":true,"href":"https:\/\/www.journee-mondiale.com\/de\/wp-json\/wp\/v2\/comments?post=15929"}],"version-history":[{"count":0,"href":"https:\/\/www.journee-mondiale.com\/de\/wp-json\/wp\/v2\/posts\/15929\/revisions"}],"wp:featuredmedia":[{"embeddable":true,"href":"https:\/\/www.journee-mondiale.com\/de\/wp-json\/wp\/v2\/media\/15928"}],"wp:attachment":[{"href":"https:\/\/www.journee-mondiale.com\/de\/wp-json\/wp\/v2\/media?parent=15929"}],"wp:term":[{"taxonomy":"category","embeddable":true,"href":"https:\/\/www.journee-mondiale.com\/de\/wp-json\/wp\/v2\/categories?post=15929"},{"taxonomy":"post_tag","embeddable":true,"href":"https:\/\/www.journee-mondiale.com\/de\/wp-json\/wp\/v2\/tags?post=15929"}],"curies":[{"name":"wp","href":"https:\/\/api.w.org\/{rel}","templated":true}]}}