{"id":15927,"date":"2025-08-24T10:06:34","date_gmt":"2025-08-24T08:06:34","guid":{"rendered":"https:\/\/www.journee-mondiale.com\/de\/diese-franzoesische-vogesenstadt-von-3947-einwohnern-verwandelt-sich-auf-780-hoehenmetern-in-alpines-panorama\/"},"modified":"2025-08-24T10:06:34","modified_gmt":"2025-08-24T08:06:34","slug":"diese-franzoesische-vogesenstadt-von-3947-einwohnern-verwandelt-sich-auf-780-hoehenmetern-in-alpines-panorama","status":"publish","type":"post","link":"https:\/\/www.journee-mondiale.com\/de\/diese-franzoesische-vogesenstadt-von-3947-einwohnern-verwandelt-sich-auf-780-hoehenmetern-in-alpines-panorama\/","title":{"rendered":"Diese franz\u00f6sische Vogesenstadt von 3947 Einwohnern verwandelt sich auf 780 H\u00f6henmetern in alpines Panorama"},"content":{"rendered":"<p>Von der friedlichen Dorfidylle bis zu atemberaubenden Gipfelpanoramen &#8211; La Bresse in den Vogesen bietet eine <strong>spektakul\u00e4re Verwandlung auf nur 780 H\u00f6henmetern<\/strong>. In weniger als zwei Stunden tauchen Sie ein in eine Welt voller Kontraste, die Ihre Sinne bet\u00f6ren wird.<\/p>\n<h2>Ein Dorf mit zwei Gesichtern: Vom Tal zum Gipfel<\/h2>\n<p>La Bresse, ein charmantes 3.947-Einwohner-Dorf, erstreckt sich vom Moselotte-Talboden auf 580 Metern bis zum majest\u00e4tischen Hohneck-Gipfel auf 1.363 Metern. Diese <strong>einzigartige Topographie<\/strong> verspricht ein Reiseerlebnis der besonderen Art. Stellen Sie sich vor, wie Sie morgens durch bl\u00fchende Wiesen spazieren und am Nachmittag alpine Gipfelluft atmen &#8211; all das in derselben Gemeinde!<\/p>\n<h2>Eine sensorische Reise durch die Jahreszeiten<\/h2>\n<p>Der dramatische H\u00f6henunterschied sorgt f\u00fcr ein faszinierendes Spektakel der Natur. Im Fr\u00fchling erleben Sie unten im Tal bereits saftige Wiesen, w\u00e4hrend oben am Hohneck noch Schneereste glitzern. Der Sommer lockt mit k\u00fchlen Bergb\u00e4chen im Tal und frischer Alpenluft auf dem Gipfel. <strong>Im Herbst verwandelt sich La Bresse in ein Farbenmeer<\/strong> &#8211; goldene W\u00e4lder unten, erste Schneeflocken oben. Dieses Naturschauspiel erinnert an die <a href=\"https:\/\/www.journee-mondiale.com\/de\/warum-dieser-bayerische-bergsee-auf-940-metern-seit-86-jahren-schwimmende-inseln-versteckt\/\">faszinierenden Naturph\u00e4nomene in Bayern<\/a>, nur dass Sie hier alles an einem einzigen Tag erleben k\u00f6nnen.<\/p>\n<h2>Vom idyllischen Dorfleben zur alpinen Herausforderung<\/h2>\n<p>Beginnen Sie Ihren Tag mit einem Caf\u00e9 au Lait in einem der gem\u00fctlichen Stra\u00dfencaf\u00e9s von La Bresse. Nur wenige Stunden sp\u00e4ter k\u00f6nnten Sie sich auf dem Hohneck-Gipfel wiederfinden, umgeben von einer kargen Berglandschaft und atemberaubenden Panoramablicken. Diese <strong>extreme Kontrasterfahrung<\/strong> macht La Bresse zu einem einzigartigen Reiseziel in Frankreich.<\/p>\n<h2>Eine Zeitreise durch Kultur und Geschichte<\/h2>\n<p>La Bresse ist nicht nur ein Ort der Naturkontraste, sondern auch eine Reise durch die Zeit. Im Tal entdecken Sie die traditionelle Vogesenarchitektur und Spuren der historischen Holzf\u00e4llerkultur. Mit jedem H\u00f6henmeter tauchen Sie tiefer in die Geschichte ein. Am Gipfel angekommen, stehen Sie an einem Ort, der einst die Grenze zwischen Frankreich und dem Deutschen Reich markierte. Diese <strong>kulturelle Vielfalt auf engstem Raum<\/strong> erinnert an die faszinierenden Kontraste, die man auch in <a href=\"https:\/\/www.journee-mondiale.com\/de\/nein-diese-bretonische-insel-von-457-einwohnern-zuechtet-seit-125-jahren-erfolgreich-2000-tropische-pflanzenarten\/\">unerwarteten Regionen Frankreichs<\/a> finden kann.<\/p>\n<h2>Ein Paradies f\u00fcr Naturliebhaber und Abenteurer<\/h2>\n<p>La Bresse bietet f\u00fcr jeden Geschmack das passende Erlebnis. Genie\u00dfen Sie gem\u00fctliche Spazierg\u00e4nge um den Lac de Blanchemer oder wagen Sie sich auf anspruchsvolle Bergtouren wie den &#8222;Sentier des n\u00e9v\u00e9s du Hohneck au Kastelberg&#8220;. Die <strong>Vielfalt der Wanderwege<\/strong> spiegelt die Kontraste der Landschaft wider. Im Winter verwandelt sich La Bresse in ein Skiparadies, das an die Erlebnisse in <a href=\"https:\/\/www.journee-mondiale.com\/de\/nein-sonnige-skipisten-sind-nicht-unmoeglich-dieses-350-einwohner-alpendorf-auf-1860-metern-beweist-das-gegenteil\/\">hochgelegenen Alpend\u00f6rfern<\/a> erinnert &#8211; nur dass Sie hier die Abwechslung von Tal und Gipfel in einer einzigen Destination erleben.<\/p>\n<h2>Erleben Sie La Bresse mit allen Sinnen<\/h2>\n<p>La Bresse ist mehr als nur ein Ort &#8211; es ist eine Erfahrung, die alle Sinne anspricht. Vom Duft der Bergkr\u00e4uter bis zum Rauschen der Bergb\u00e4che, von der W\u00e4rme der Talsonne bis zur k\u00fchlen Gipfelbrise &#8211; hier erleben Sie <strong>780 H\u00f6henmeter voller unvergesslicher Eindr\u00fccke<\/strong>. Lassen Sie sich von den Kontrasten La Bresses verzaubern und entdecken Sie eine Welt, in der sich Tal und Gipfel, Tradition und Moderne auf einzigartige Weise begegnen.<\/p>\n","protected":false},"excerpt":{"rendered":"<p>Von der friedlichen Dorfidylle bis zu atemberaubenden Gipfelpanoramen &#8211; La Bresse in den Vogesen bietet eine spektakul\u00e4re Verwandlung auf nur 780 H\u00f6henmetern. In weniger als zwei Stunden tauchen Sie ein in eine Welt voller Kontraste, die Ihre Sinne bet\u00f6ren wird. Ein Dorf mit zwei Gesichtern: Vom Tal zum Gipfel La Bresse, ein charmantes 3.947-Einwohner-Dorf, erstreckt &#8230; <a title=\"Diese franz\u00f6sische Vogesenstadt von 3947 Einwohnern verwandelt sich auf 780 H\u00f6henmetern in alpines Panorama\" class=\"read-more\" href=\"https:\/\/www.journee-mondiale.com\/de\/diese-franzoesische-vogesenstadt-von-3947-einwohnern-verwandelt-sich-auf-780-hoehenmetern-in-alpines-panorama\/\" aria-label=\"Mehr Informationen \u00fcber Diese franz\u00f6sische Vogesenstadt von 3947 Einwohnern verwandelt sich auf 780 H\u00f6henmetern in alpines Panorama\">Lire plus<\/a><\/p>\n","protected":false},"author":1,"featured_media":15926,"comment_status":"","ping_status":"","sticky":false,"template":"","format":"standard","meta":{"footnotes":""},"categories":[49],"tags":[],"class_list":["post-15927","post","type-post","status-publish","format-standard","has-post-thumbnail","hentry","category-reisen"],"acf":[],"_yoast_wpseo_primary_category":null,"_yoast_wpseo_title":null,"_yoast_wpseo_metadesc":null,"_links":{"self":[{"href":"https:\/\/www.journee-mondiale.com\/de\/wp-json\/wp\/v2\/posts\/15927","targetHints":{"allow":["GET"]}}],"collection":[{"href":"https:\/\/www.journee-mondiale.com\/de\/wp-json\/wp\/v2\/posts"}],"about":[{"href":"https:\/\/www.journee-mondiale.com\/de\/wp-json\/wp\/v2\/types\/post"}],"author":[{"embeddable":true,"href":"https:\/\/www.journee-mondiale.com\/de\/wp-json\/wp\/v2\/users\/1"}],"replies":[{"embeddable":true,"href":"https:\/\/www.journee-mondiale.com\/de\/wp-json\/wp\/v2\/comments?post=15927"}],"version-history":[{"count":0,"href":"https:\/\/www.journee-mondiale.com\/de\/wp-json\/wp\/v2\/posts\/15927\/revisions"}],"wp:featuredmedia":[{"embeddable":true,"href":"https:\/\/www.journee-mondiale.com\/de\/wp-json\/wp\/v2\/media\/15926"}],"wp:attachment":[{"href":"https:\/\/www.journee-mondiale.com\/de\/wp-json\/wp\/v2\/media?parent=15927"}],"wp:term":[{"taxonomy":"category","embeddable":true,"href":"https:\/\/www.journee-mondiale.com\/de\/wp-json\/wp\/v2\/categories?post=15927"},{"taxonomy":"post_tag","embeddable":true,"href":"https:\/\/www.journee-mondiale.com\/de\/wp-json\/wp\/v2\/tags?post=15927"}],"curies":[{"name":"wp","href":"https:\/\/api.w.org\/{rel}","templated":true}]}}