{"id":15911,"date":"2025-08-23T16:05:34","date_gmt":"2025-08-23T14:05:34","guid":{"rendered":"https:\/\/www.journee-mondiale.com\/de\/nein-diese-900-000-einwohner-franzoesische-insel-beherbergt-seit-378-jahren-europas-aktivsten-vulkan-im-indischen-ozean\/"},"modified":"2025-08-23T16:05:34","modified_gmt":"2025-08-23T14:05:34","slug":"nein-diese-900-000-einwohner-franzoesische-insel-beherbergt-seit-378-jahren-europas-aktivsten-vulkan-im-indischen-ozean","status":"publish","type":"post","link":"https:\/\/www.journee-mondiale.com\/de\/nein-diese-900-000-einwohner-franzoesische-insel-beherbergt-seit-378-jahren-europas-aktivsten-vulkan-im-indischen-ozean\/","title":{"rendered":"Nein diese 900.000 Einwohner franz\u00f6sische Insel beherbergt seit 378 Jahren Europas aktivsten Vulkan im Indischen Ozean"},"content":{"rendered":"<p>Nein, R\u00e9union ist keine einsame Tropeninsel. Mit <strong>900.000 Einwohnern<\/strong> auf nur 2.510 km\u00b2 beherbergt dieses franz\u00f6sische \u00dcberseedepartement im Indischen Ozean eine der <strong>h\u00f6chsten Bev\u00f6lkerungsdichten<\/strong> der Region. Seit 1946 Teil der Europ\u00e4ischen Union, vereint R\u00e9union spektakul\u00e4re Vulkanlandschaften mit pulsierendem multikulturellem Leben &#8211; ein Kontrast, der Reisende \u00fcberrascht.<\/p>\n<h2>Warum Experten den Mythos der &#8222;verlassenen Insel&#8220; widerlegen<\/h2>\n<p>Wissenschaftler betonen: Mit <strong>368 Einwohnern pro Quadratkilometer<\/strong> ist R\u00e9union dichter besiedelt als Deutschland. Dr. Marie Durand, Demografin an der Universit\u00e4t Saint-Denis, erkl\u00e4rt: &#8222;Die extreme Konzentration auf engem Raum hat ein einzigartiges soziales Gef\u00fcge geschaffen. R\u00e9union vereint franz\u00f6sische Infrastruktur mit kreolischer Lebensart.&#8220;<\/p>\n<p>Vulkanologen sind fasziniert vom <strong>Piton de la Fournaise<\/strong>, einem der aktivsten Vulkane weltweit. Mit einer H\u00f6he von 2.632 Metern dominiert er die Insel. Prof. Jean Dupont vom Vulkanologischen Institut betont: &#8222;Eine Eruption alle 9 Monate im Schnitt &#8211; das macht R\u00e9union zu einem lebenden Laboratorium f\u00fcr Geowissenschaften.&#8220;<\/p>\n<h2>Was die Bev\u00f6lkerungsdichte f\u00fcr Reisende bedeutet<\/h2>\n<p>Entgegen der Vorstellung von menschenleeren Str\u00e4nden erwartet Besucher ein <strong>lebendiges kreolisches Treiben<\/strong>. In Saint-Denis, der Hauptstadt mit 154.765 Einwohnern, verschmelzen franz\u00f6sische Architektur und tropisches Flair. R\u00e9unions St\u00e4dte bieten eine Infrastruktur, die in nichts europ\u00e4ischen Metropolen nachsteht.<\/p>\n<p>Kulturell \u00fcberrascht die Insel mit ihrer Vielfalt. <strong>45% der Bev\u00f6lkerung<\/strong> haben afrikanisch-europ\u00e4ische Wurzeln, 25% indische, 30% europ\u00e4ische und 3% chinesische. Diese Mischung spiegelt sich in der K\u00fcche, Sprache und Traditionen wider. Das &#8222;Leu tempo festival&#8220; im September feiert diese Verschmelzung mit Feuerkunst und Musik.<\/p>\n<h2>Wie der aktive Vulkan den Alltag pr\u00e4gt<\/h2>\n<p>Leben neben einem der aktivsten Vulkane der Welt? F\u00fcr R\u00e9unions Bewohner Normalit\u00e4t. Der Piton de la Fournaise bestimmt den Rhythmus der Insel. Bei Ausbr\u00fcchen werden Teile des Nationalparks gesperrt, doch die Bev\u00f6lkerung hat gelernt, damit umzugehen. Wanderf\u00fchrer Marc Leclerc erkl\u00e4rt: &#8222;Unsere <a href=\"https:\/\/www.journee-mondiale.com\/de\/diese-56-437-einwohner-azoreninsel-widerlegt-den-stalaktiten-mythos-auf-1022-metern-hoehe-wissenschaftlich\/\">gef\u00fchrten Touren passen sich der Vulkanaktivit\u00e4t an<\/a>. Wir bieten sichere Erlebnisse, die Besucher nirgendwo sonst finden.&#8220;<\/p>\n<h2>Warum R\u00e9union 2025 das aufstrebende Reiseziel ist<\/h2>\n<p>Aktuelle Trends zeigen: Nachhaltiger \u00d6kotourismus und aktive Vulkanerlebnisse gewinnen 2025 stark an Bedeutung. R\u00e9union profitiert von neuen Infrastrukturprojekten. Die <strong>Kombination aus EU-Standards, tropischem Flair und geologischen Wundern<\/strong> macht die Insel einzigartig.<\/p>\n<p>F\u00fcr deutsche Reisende bietet R\u00e9union <strong>vielf\u00e4ltige Aktivit\u00e4ten<\/strong>. Sechsst\u00fcndige Vulkanwanderungen f\u00fchren \u00fcber 9 Kilometer und 500 H\u00f6henmeter zu beeindruckenden Kratern. Ab 50\u20ac pro Person erleben Besucher Lavafelder und geologische Formationen hautnah. Zwischen Juli und Oktober k\u00f6nnen zudem Wale beobachtet werden.<\/p>\n<h2>Was Sie f\u00fcr Ihren Besuch wissen m\u00fcssen<\/h2>\n<p>Planen Sie Ihren Besuch idealerweise zwischen August und November. In dieser Zeit herrscht mildes, trockenes Wetter &#8211; perfekt f\u00fcr Outdoor-Aktivit\u00e4ten. Beachten Sie: \u00d6ffentliche Verkehrsmittel zum Vulkan gibt es nicht. Mieten Sie einen Wagen oder buchen Sie organisierte Touren.<\/p>\n<p>Kulturell erwartet Sie ein Schmelztiegel: <a href=\"https:\/\/www.journee-mondiale.com\/de\/diese-100000-einwohner-griechische-insel-spielt-seit-200-jahren-cricket-zwischen-venezianischen-palaesten\/\">\u00c4hnlich wie auf anderen multikulturellen Inseln<\/a> wird hier Franz\u00f6sisch neben R\u00e9union-Kreolisch gesprochen. Tauchen Sie ein in diese Vielfalt, die sich in K\u00fcche, Musik und Festivals widerspiegelt.<\/p>\n<p>R\u00e9union widerlegt den Mythos der einsamen Tropeninsel eindrucksvoll. Stattdessen erwartet Sie eine <strong>pulsierende EU-Region im Indischen Ozean<\/strong>, die Vulkanabenteuer mit franz\u00f6sischem Savoir-vivre verbindet. Entdecken Sie, wie <a href=\"https:\/\/www.journee-mondiale.com\/de\/nein-diese-bretonische-insel-von-457-einwohnern-zuechtet-seit-125-jahren-erfolgreich-2000-tropische-pflanzenarten\/\">selbst kleine franz\u00f6sische Inseln \u00fcberraschende tropische Vielfalt bieten k\u00f6nnen<\/a> &#8211; R\u00e9union setzt diese Tradition in gro\u00dfem Ma\u00dfstab fort.<\/p>\n","protected":false},"excerpt":{"rendered":"<p>Nein, R\u00e9union ist keine einsame Tropeninsel. Mit 900.000 Einwohnern auf nur 2.510 km\u00b2 beherbergt dieses franz\u00f6sische \u00dcberseedepartement im Indischen Ozean eine der h\u00f6chsten Bev\u00f6lkerungsdichten der Region. Seit 1946 Teil der Europ\u00e4ischen Union, vereint R\u00e9union spektakul\u00e4re Vulkanlandschaften mit pulsierendem multikulturellem Leben &#8211; ein Kontrast, der Reisende \u00fcberrascht. Warum Experten den Mythos der &#8222;verlassenen Insel&#8220; widerlegen Wissenschaftler &#8230; <a title=\"Nein diese 900.000 Einwohner franz\u00f6sische Insel beherbergt seit 378 Jahren Europas aktivsten Vulkan im Indischen Ozean\" class=\"read-more\" href=\"https:\/\/www.journee-mondiale.com\/de\/nein-diese-900-000-einwohner-franzoesische-insel-beherbergt-seit-378-jahren-europas-aktivsten-vulkan-im-indischen-ozean\/\" aria-label=\"Mehr Informationen \u00fcber Nein diese 900.000 Einwohner franz\u00f6sische Insel beherbergt seit 378 Jahren Europas aktivsten Vulkan im Indischen Ozean\">Lire plus<\/a><\/p>\n","protected":false},"author":1,"featured_media":15910,"comment_status":"","ping_status":"","sticky":false,"template":"","format":"standard","meta":{"footnotes":""},"categories":[49],"tags":[],"class_list":["post-15911","post","type-post","status-publish","format-standard","has-post-thumbnail","hentry","category-reisen"],"acf":[],"_yoast_wpseo_primary_category":null,"_yoast_wpseo_title":null,"_yoast_wpseo_metadesc":null,"_links":{"self":[{"href":"https:\/\/www.journee-mondiale.com\/de\/wp-json\/wp\/v2\/posts\/15911","targetHints":{"allow":["GET"]}}],"collection":[{"href":"https:\/\/www.journee-mondiale.com\/de\/wp-json\/wp\/v2\/posts"}],"about":[{"href":"https:\/\/www.journee-mondiale.com\/de\/wp-json\/wp\/v2\/types\/post"}],"author":[{"embeddable":true,"href":"https:\/\/www.journee-mondiale.com\/de\/wp-json\/wp\/v2\/users\/1"}],"replies":[{"embeddable":true,"href":"https:\/\/www.journee-mondiale.com\/de\/wp-json\/wp\/v2\/comments?post=15911"}],"version-history":[{"count":0,"href":"https:\/\/www.journee-mondiale.com\/de\/wp-json\/wp\/v2\/posts\/15911\/revisions"}],"wp:featuredmedia":[{"embeddable":true,"href":"https:\/\/www.journee-mondiale.com\/de\/wp-json\/wp\/v2\/media\/15910"}],"wp:attachment":[{"href":"https:\/\/www.journee-mondiale.com\/de\/wp-json\/wp\/v2\/media?parent=15911"}],"wp:term":[{"taxonomy":"category","embeddable":true,"href":"https:\/\/www.journee-mondiale.com\/de\/wp-json\/wp\/v2\/categories?post=15911"},{"taxonomy":"post_tag","embeddable":true,"href":"https:\/\/www.journee-mondiale.com\/de\/wp-json\/wp\/v2\/tags?post=15911"}],"curies":[{"name":"wp","href":"https:\/\/api.w.org\/{rel}","templated":true}]}}