{"id":15876,"date":"2025-08-22T11:05:46","date_gmt":"2025-08-22T09:05:46","guid":{"rendered":"https:\/\/www.journee-mondiale.com\/de\/weniger-ueberfuellt-als-woerlitzer-park-verbindet-dieser-830-hektar-unesco-park-deutschland-und-polen-durch-sieben-historische-bruecken\/"},"modified":"2025-08-22T11:05:46","modified_gmt":"2025-08-22T09:05:46","slug":"weniger-ueberfuellt-als-woerlitzer-park-verbindet-dieser-830-hektar-unesco-park-deutschland-und-polen-durch-sieben-historische-bruecken","status":"publish","type":"post","link":"https:\/\/www.journee-mondiale.com\/de\/weniger-ueberfuellt-als-woerlitzer-park-verbindet-dieser-830-hektar-unesco-park-deutschland-und-polen-durch-sieben-historische-bruecken\/","title":{"rendered":"Weniger \u00fcberf\u00fcllt als W\u00f6rlitzer Park verbindet dieser 830-Hektar UNESCO-Park Deutschland und Polen durch sieben historische Br\u00fccken"},"content":{"rendered":"<p>Statt im \u00fcberf\u00fcllten W\u00f6rlitzer Park erleben Sie im <strong>830 Hektar gro\u00dfen F\u00fcrst-P\u00fcckler-Park<\/strong> eine einzigartige deutsch-polnische UNESCO-Welterbest\u00e4tte. Dieser grenz\u00fcberschreitende Landschaftsgarten verbindet seit 1815 zwei L\u00e4nder durch sieben historische Br\u00fccken und bietet Besuchern eine faszinierende Alternative zu bekannteren Zielen.<\/p>\n<h2>Warum Experten den F\u00fcrst-P\u00fcckler-Park als Geheimtipp empfehlen<\/h2>\n<p>Landschaftsarchitekten und Kulturhistoriker sind sich einig: Der F\u00fcrst-P\u00fcckler-Park ist ein <strong>Meisterwerk der europ\u00e4ischen Gartenkunst<\/strong>. Im Gegensatz zum oft \u00fcberlaufenen W\u00f6rlitzer Park bietet diese grenz\u00fcberschreitende Anlage Besuchern die seltene Gelegenheit, zwei unterschiedliche Parkkonzepte in einem zu erleben. Der deutsche Teil besticht durch seine akkurat gepflegten Blumenrabatten, w\u00e4hrend der polnische Bereich mit seiner naturbelassenen Waldlandschaft fasziniert.<\/p>\n<h2>Die beeindruckenden Zahlen hinter dem UNESCO-Welterbe<\/h2>\n<p>Mit einer Gesamtfl\u00e4che von <strong>830 Hektar<\/strong> ist der F\u00fcrst-P\u00fcckler-Park der gr\u00f6\u00dfte Landschaftspark Zentraleuropas im englischen Stil. Etwa ein Drittel der Fl\u00e4che liegt auf deutscher Seite in Bad Muskau, w\u00e4hrend zwei Drittel sich auf polnischem Gebiet bei \u0141\u0119knica erstrecken. <a href=\"https:\/\/www.journee-mondiale.com\/de\/nein-moderne-staedte-haben-keine-roemischen-schaetze-diese-154139-einwohner-stadt-neuss-beherbergt-seit-2021-unesco-welterbe\/\">\u00c4hnlich wie das UNESCO-Welterbe in Neuss<\/a> verbindet der Park auf einzigartige Weise kulturelles Erbe mit moderner Nutzung.<\/p>\n<h2>Entdecken Sie die deutsch-polnische Gartenkunst auf zwei R\u00e4dern<\/h2>\n<p>Experten empfehlen, den Park mit dem Fahrrad zu erkunden. So k\u00f6nnen Besucher bequem beide L\u00e4nder durchqueren und die <strong>sieben historischen Br\u00fccken<\/strong> \u00fcberqueren, die den Park verbinden. Die Englische Br\u00fccke, 2011 originalgetreu rekonstruiert, ist dabei ein besonderes Highlight. <a href=\"https:\/\/www.journee-mondiale.com\/de\/weniger-touristisch-als-rothenburg-bewahren-diese-12-300-dinkelsbuehler-77-prozent-mittelalterlicher-gebaeude-vor-1500\/\">\u00c4hnlich wie Dinkelsb\u00fchl eine weniger touristische Alternative zu Rothenburg bietet<\/a>, ist der F\u00fcrst-P\u00fcckler-Park ein Geheimtipp f\u00fcr Kulturliebhaber, die abseits der Touristenmassen Ruhe suchen.<\/p>\n<h2>UNESCO-Jubil\u00e4um 2025: Ein Jahr voller H\u00f6hepunkte<\/h2>\n<p>2025 feiert der Park sein <strong>20-j\u00e4hriges Jubil\u00e4um als UNESCO-Welterbe<\/strong>. Besucher erwartet ein vielf\u00e4ltiges Programm mit Konzerten, Bildungsspazierg\u00e4ngen und Sonderausstellungen. Der deutsche Kulturstaatsminister und die polnische Kulturministerin w\u00fcrdigten bei den offiziellen Feierlichkeiten am 28. Mai die einzigartige grenz\u00fcberschreitende Zusammenarbeit, die der Park symbolisiert.<\/p>\n<h2>Praktische Tipps f\u00fcr Ihren Besuch im F\u00fcrst-P\u00fcckler-Park<\/h2>\n<p>Die optimale Reisezeit f\u00fcr den Park ist von Fr\u00fchling bis Herbst. Denken Sie daran, Ihren Ausweis mitzuf\u00fchren, da Sie die deutsch-polnische Grenze \u00fcberqueren werden. Neben dem Fahrrad lohnt sich auch eine Erkundung zu Fu\u00df, um die <strong>weitl\u00e4ufigen Sichtachsen und verschlungenen Wege<\/strong> zu genie\u00dfen. Besondere Anziehungspunkte sind das Neue Schloss Muskau, das tropische Glashaus und die Orangerie.<\/p>\n<p>Der F\u00fcrst-P\u00fcckler-Park ist mehr als nur eine Alternative zum W\u00f6rlitzer Park. Er ist ein <strong>lebendiges Symbol deutsch-polnischer Freundschaft<\/strong> und ein Meisterwerk der Landschaftsarchitektur. <a href=\"https:\/\/www.journee-mondiale.com\/de\/diese-283-985-einwohner-stadt-transsilvaniens-bewahrt-deutschlands-vergessenes-mittelalterliches-erbe-seit-800-jahren\/\">\u00c4hnlich wie das deutsche Kulturerbe in Transsylvanien<\/a> zeigt dieser Park, wie grenz\u00fcberschreitende Zusammenarbeit kulturelles Erbe bewahren und gleichzeitig neue Perspektiven er\u00f6ffnen kann. Entdecken Sie dieses einzigartige UNESCO-Welterbe und erleben Sie Geschichte, Natur und Kultur in perfekter Harmonie.<\/p>\n","protected":false},"excerpt":{"rendered":"<p>Statt im \u00fcberf\u00fcllten W\u00f6rlitzer Park erleben Sie im 830 Hektar gro\u00dfen F\u00fcrst-P\u00fcckler-Park eine einzigartige deutsch-polnische UNESCO-Welterbest\u00e4tte. Dieser grenz\u00fcberschreitende Landschaftsgarten verbindet seit 1815 zwei L\u00e4nder durch sieben historische Br\u00fccken und bietet Besuchern eine faszinierende Alternative zu bekannteren Zielen. Warum Experten den F\u00fcrst-P\u00fcckler-Park als Geheimtipp empfehlen Landschaftsarchitekten und Kulturhistoriker sind sich einig: Der F\u00fcrst-P\u00fcckler-Park ist ein Meisterwerk &#8230; <a title=\"Weniger \u00fcberf\u00fcllt als W\u00f6rlitzer Park verbindet dieser 830-Hektar UNESCO-Park Deutschland und Polen durch sieben historische Br\u00fccken\" class=\"read-more\" href=\"https:\/\/www.journee-mondiale.com\/de\/weniger-ueberfuellt-als-woerlitzer-park-verbindet-dieser-830-hektar-unesco-park-deutschland-und-polen-durch-sieben-historische-bruecken\/\" aria-label=\"Mehr Informationen \u00fcber Weniger \u00fcberf\u00fcllt als W\u00f6rlitzer Park verbindet dieser 830-Hektar UNESCO-Park Deutschland und Polen durch sieben historische Br\u00fccken\">Lire plus<\/a><\/p>\n","protected":false},"author":1,"featured_media":15875,"comment_status":"","ping_status":"","sticky":false,"template":"","format":"standard","meta":{"footnotes":""},"categories":[49],"tags":[],"class_list":["post-15876","post","type-post","status-publish","format-standard","has-post-thumbnail","hentry","category-reisen"],"acf":[],"_yoast_wpseo_primary_category":null,"_yoast_wpseo_title":null,"_yoast_wpseo_metadesc":null,"_links":{"self":[{"href":"https:\/\/www.journee-mondiale.com\/de\/wp-json\/wp\/v2\/posts\/15876","targetHints":{"allow":["GET"]}}],"collection":[{"href":"https:\/\/www.journee-mondiale.com\/de\/wp-json\/wp\/v2\/posts"}],"about":[{"href":"https:\/\/www.journee-mondiale.com\/de\/wp-json\/wp\/v2\/types\/post"}],"author":[{"embeddable":true,"href":"https:\/\/www.journee-mondiale.com\/de\/wp-json\/wp\/v2\/users\/1"}],"replies":[{"embeddable":true,"href":"https:\/\/www.journee-mondiale.com\/de\/wp-json\/wp\/v2\/comments?post=15876"}],"version-history":[{"count":0,"href":"https:\/\/www.journee-mondiale.com\/de\/wp-json\/wp\/v2\/posts\/15876\/revisions"}],"wp:featuredmedia":[{"embeddable":true,"href":"https:\/\/www.journee-mondiale.com\/de\/wp-json\/wp\/v2\/media\/15875"}],"wp:attachment":[{"href":"https:\/\/www.journee-mondiale.com\/de\/wp-json\/wp\/v2\/media?parent=15876"}],"wp:term":[{"taxonomy":"category","embeddable":true,"href":"https:\/\/www.journee-mondiale.com\/de\/wp-json\/wp\/v2\/categories?post=15876"},{"taxonomy":"post_tag","embeddable":true,"href":"https:\/\/www.journee-mondiale.com\/de\/wp-json\/wp\/v2\/tags?post=15876"}],"curies":[{"name":"wp","href":"https:\/\/api.w.org\/{rel}","templated":true}]}}