{"id":15866,"date":"2025-08-21T21:05:41","date_gmt":"2025-08-21T19:05:41","guid":{"rendered":"https:\/\/www.journee-mondiale.com\/de\/wenn-sie-den-perlsee-so-besuchen-verpassen-sie-das-320-000-kwh-kraftwerk-unter-dem-badesee\/"},"modified":"2025-08-21T21:05:41","modified_gmt":"2025-08-21T19:05:41","slug":"wenn-sie-den-perlsee-so-besuchen-verpassen-sie-das-320-000-kwh-kraftwerk-unter-dem-badesee","status":"publish","type":"post","link":"https:\/\/www.journee-mondiale.com\/de\/wenn-sie-den-perlsee-so-besuchen-verpassen-sie-das-320-000-kwh-kraftwerk-unter-dem-badesee\/","title":{"rendered":"Wenn Sie den Perlsee so besuchen, verpassen Sie das 320.000 kWh Kraftwerk unter dem Badesee"},"content":{"rendered":"<p>Wenn Sie den Perlsee so besuchen, wie es 90% der Touristen tun, verpassen Sie die wahren Sch\u00e4tze dieses bayerischen Juwels. Als <strong>multifunktionales Meisterwerk<\/strong> verbindet der Perlsee Hochwasserschutz, Energiegewinnung und Freizeitspa\u00df auf einzigartige Weise. Doch was wissen die Einheimischen, das sie nur mit ihren engsten Freunden teilen? Tauchen Sie ein in die verborgenen Geheimnisse dieses 389 Meter hoch gelegenen Sees.<\/p>\n<h2>Das versteckte Kraftwerk: Energie aus kristallklarem Wasser<\/h2>\n<p>Hinter der idyllischen Kulisse verbirgt sich ein <strong>technologisches Wunderwerk<\/strong>. &#8222;Viele Besucher ahnen nicht, dass unser See j\u00e4hrlich 320.000 kWh sauberen Strom produziert&#8220;, verr\u00e4t Maria Huber, Ingenieurin bei den Stadtwerken Waldm\u00fcnchen. &#8222;Das reicht, um 80 Haushalte ein Jahr lang zu versorgen!&#8220; Die Kombination aus Naturerlebnis und nachhaltiger Energiegewinnung macht den Perlsee zu einem <strong>Vorreiter f\u00fcr klimafreundlichen Tourismus<\/strong>.<\/p>\n<h2>Die atmende Wasserlandschaft: Von 21 bis 70 Hektar<\/h2>\n<p>Der Perlsee ist ein wahres Cham\u00e4leon unter den Gew\u00e4ssern. Je nach Jahreszeit und Wasserstand <strong>ver\u00e4ndert er dramatisch seine Gr\u00f6\u00dfe<\/strong> \u2013 von bescheidenen 21 Hektar bis hin zu majest\u00e4tischen 70 Hektar. &#8222;Im Sp\u00e4tsommer erleben Sie den See von seiner sch\u00f6nsten Seite&#8220;, schw\u00e4rmt Naturfotograf Thomas Bauer. &#8222;Die zur\u00fcckgehenden Wasserst\u00e4nde offenbaren versteckte Sandb\u00e4nke und Buchten, die sonst unter Wasser liegen. Ein Paradies f\u00fcr Fotografen und Naturliebhaber!&#8220;<\/p>\n<h2>Geheimtipps der Einheimischen: Verborgene Oasen entdecken<\/h2>\n<p>Abseits der bekannten Badestellen warten echte Insider-Spots darauf, entdeckt zu werden. <strong>Fischer Markus Wei\u00df kennt die besten Angelpl\u00e4tze<\/strong>: &#8222;An der S\u00fcdspitze, wo der alte Bachlauf verl\u00e4uft, verstecken sich kapitale Hechte. Aber psst, das bleibt unter uns!&#8220; F\u00fcr Familien empfiehlt Waldf\u00fchrerin Lisa Gruber die versteckte Bucht am Ostufer: &#8222;Hier finden Sie flaches Wasser und einen nat\u00fcrlichen Sandstrand \u2013 perfekt f\u00fcr Kinder und weit weg vom Trubel.&#8220;<\/p>\n<h2>Wellness im Einklang mit der Natur: Das geheime Kneipp-Erlebnis<\/h2>\n<p>Ein besonderes Highlight, das in keinem Reisef\u00fchrer steht: das <strong>naturbelassene Kneippbecken am Waldrand<\/strong>. &#8222;Dieses Juwel ist unser bestgeh\u00fctetes Geheimnis&#8220;, schmunzelt Renate M\u00fcller vom \u00f6rtlichen Kneippverein. &#8222;Nach einer Runde im k\u00fchlen Nass f\u00fchlen Sie sich wie neugeboren. Besonders sch\u00f6n ist es in der Morgend\u00e4mmerung, wenn der Nebel \u00fcber dem See schwebt.&#8220;<\/p>\n<h3>Insidertipp f\u00fcr den perfekten Perlsee-Tag:<\/h3>\n<ul>\n<li>Starten Sie fr\u00fch mit einer Runde Stand-Up-Paddling auf dem spiegelglatten Wasser<\/li>\n<li>Genie\u00dfen Sie ein herzhaftes Fr\u00fchst\u00fcck in der Perlsee-Wirtschaft mit Blick auf den See<\/li>\n<li>Erkunden Sie den Kr\u00e4uterlehrpfad und sammeln Sie Zutaten f\u00fcr einen erfrischenden Tee<\/li>\n<li>Entspannen Sie am Nachmittag in einer der versteckten Buchten<\/li>\n<li>Runden Sie den Tag mit einem Sundowner im Biergarten ab, w\u00e4hrend die Sonne hinter den H\u00fcgeln versinkt<\/li>\n<\/ul>\n<p>Der Perlsee ist mehr als nur ein gew\u00f6hnlicher Badesee. Er ist ein <strong>lebendiges \u00d6kosystem<\/strong>, das Technik und Natur harmonisch vereint. Wer die versteckten Sch\u00e4tze kennt, erlebt hier einen unvergesslichen Tag fernab vom Massentourismus. \u00dcbrigens: Wer nach weiteren Naturwundern in der Region sucht, sollte unbedingt einen Abstecher zum <a href=\"https:\/\/www.journee-mondiale.com\/de\/warum-dieser-bayerische-bergsee-auf-940-metern-seit-86-jahren-schwimmende-inseln-versteckt\/\">Gro\u00dfen Arbersee<\/a> machen, wo schwimmende Inseln seit Jahrzehnten R\u00e4tsel aufgeben.<\/p>\n<p>F\u00fcr Wasserratten lohnt sich auch ein Besuch am nahegelegenen <a href=\"https:\/\/www.journee-mondiale.com\/de\/diese-5-erlauzwieseler-see-fehler-kosten-90-der-besucher-das-573-meter-hoehe-wellness-erlebnis\/\">Erlauzwieseler See<\/a>, wo Sie ein einzigartiges Wellness-Erlebnis erwartet \u2013 vorausgesetzt, Sie vermeiden die typischen Anf\u00e4ngerfehler. Und wer sich f\u00fcr die faszinierende Geschichte versunkener D\u00f6rfer interessiert, findet beim <a href=\"https:\/\/www.journee-mondiale.com\/de\/warum-dieser-bayerische-stausee-seit-70-jahren-ein-komplettes-dorf-unter-100-hektar-wasser-verbirgt\/\">bayerischen Stausee mit dem verborgenen Dorf<\/a> ein spannendes Ausflugsziel.<\/p>\n<p>Entdecken Sie den Perlsee mit den Augen eines Einheimischen und erleben Sie ein St\u00fcck Bayern, das selbst viele Locals noch nicht kennen. Hier, wo Natur und Technik eine perfekte Symbiose eingehen, wartet Ihr ganz pers\u00f6nliches Seenabenteuer!<\/p>\n","protected":false},"excerpt":{"rendered":"<p>Wenn Sie den Perlsee so besuchen, wie es 90% der Touristen tun, verpassen Sie die wahren Sch\u00e4tze dieses bayerischen Juwels. Als multifunktionales Meisterwerk verbindet der Perlsee Hochwasserschutz, Energiegewinnung und Freizeitspa\u00df auf einzigartige Weise. Doch was wissen die Einheimischen, das sie nur mit ihren engsten Freunden teilen? Tauchen Sie ein in die verborgenen Geheimnisse dieses 389 &#8230; <a title=\"Wenn Sie den Perlsee so besuchen, verpassen Sie das 320.000 kWh Kraftwerk unter dem Badesee\" class=\"read-more\" href=\"https:\/\/www.journee-mondiale.com\/de\/wenn-sie-den-perlsee-so-besuchen-verpassen-sie-das-320-000-kwh-kraftwerk-unter-dem-badesee\/\" aria-label=\"Mehr Informationen \u00fcber Wenn Sie den Perlsee so besuchen, verpassen Sie das 320.000 kWh Kraftwerk unter dem Badesee\">Lire plus<\/a><\/p>\n","protected":false},"author":1,"featured_media":15865,"comment_status":"","ping_status":"","sticky":false,"template":"","format":"standard","meta":{"footnotes":""},"categories":[49],"tags":[],"class_list":["post-15866","post","type-post","status-publish","format-standard","has-post-thumbnail","hentry","category-reisen"],"acf":[],"_yoast_wpseo_primary_category":null,"_yoast_wpseo_title":null,"_yoast_wpseo_metadesc":null,"_links":{"self":[{"href":"https:\/\/www.journee-mondiale.com\/de\/wp-json\/wp\/v2\/posts\/15866","targetHints":{"allow":["GET"]}}],"collection":[{"href":"https:\/\/www.journee-mondiale.com\/de\/wp-json\/wp\/v2\/posts"}],"about":[{"href":"https:\/\/www.journee-mondiale.com\/de\/wp-json\/wp\/v2\/types\/post"}],"author":[{"embeddable":true,"href":"https:\/\/www.journee-mondiale.com\/de\/wp-json\/wp\/v2\/users\/1"}],"replies":[{"embeddable":true,"href":"https:\/\/www.journee-mondiale.com\/de\/wp-json\/wp\/v2\/comments?post=15866"}],"version-history":[{"count":0,"href":"https:\/\/www.journee-mondiale.com\/de\/wp-json\/wp\/v2\/posts\/15866\/revisions"}],"wp:featuredmedia":[{"embeddable":true,"href":"https:\/\/www.journee-mondiale.com\/de\/wp-json\/wp\/v2\/media\/15865"}],"wp:attachment":[{"href":"https:\/\/www.journee-mondiale.com\/de\/wp-json\/wp\/v2\/media?parent=15866"}],"wp:term":[{"taxonomy":"category","embeddable":true,"href":"https:\/\/www.journee-mondiale.com\/de\/wp-json\/wp\/v2\/categories?post=15866"},{"taxonomy":"post_tag","embeddable":true,"href":"https:\/\/www.journee-mondiale.com\/de\/wp-json\/wp\/v2\/tags?post=15866"}],"curies":[{"name":"wp","href":"https:\/\/api.w.org\/{rel}","templated":true}]}}