{"id":15854,"date":"2025-08-21T16:13:30","date_gmt":"2025-08-21T14:13:30","guid":{"rendered":"https:\/\/www.journee-mondiale.com\/de\/diese-56-437-einwohner-azoreninsel-widerlegt-den-stalaktiten-mythos-auf-1022-metern-hoehe-wissenschaftlich\/"},"modified":"2025-08-21T16:13:30","modified_gmt":"2025-08-21T14:13:30","slug":"diese-56-437-einwohner-azoreninsel-widerlegt-den-stalaktiten-mythos-auf-1022-metern-hoehe-wissenschaftlich","status":"publish","type":"post","link":"https:\/\/www.journee-mondiale.com\/de\/diese-56-437-einwohner-azoreninsel-widerlegt-den-stalaktiten-mythos-auf-1022-metern-hoehe-wissenschaftlich\/","title":{"rendered":"Diese 56.437-Einwohner Azoreninsel widerlegt den Stalaktiten-Mythos auf 1022 Metern H\u00f6he wissenschaftlich"},"content":{"rendered":"<p>Wer glaubt, <strong>Stalaktiten br\u00e4uchten Jahrtausende zum Wachsen, wird auf Terceira eines Besseren belehrt<\/strong>. Die 56.437-Einwohner Azoreninsel birgt auf 1022 Metern H\u00f6he ein faszinierendes geologisches Geheimnis, das Wissenschaftler in Staunen versetzt. In der Vulkanh\u00f6hle Algar do Carv\u00e3o enth\u00fcllt sich ein Naturwunder, das unsere Vorstellungen von H\u00f6hlenformationen revolutioniert.<\/p>\n<h2>Das geologische Mysterium von Terceira<\/h2>\n<p>Inmitten des Atlantiks, wo vulkanische Kr\u00e4fte die Landschaft geformt haben, liegt Terceira &#8211; eine Insel voller \u00dcberraschungen. Doch was <strong>Geologen hier entdeckt haben, stellt jahrzehntealtes Wissen auf den Kopf<\/strong>. In der Tiefe des Algar do Carv\u00e3o, einer 90 Meter tiefen Vulkanh\u00f6hle, wachsen Stalaktiten in einem Tempo, das bisher f\u00fcr unm\u00f6glich gehalten wurde.<\/p>\n<p>\u00c4hnlich \u00fcberraschende Entdeckungen machten Forscher auch andernorts in Europa. So <a href=\"https:\/\/www.journee-mondiale.com\/de\/nein-roemische-staedte-gibt-es-nur-im-sueden-diese-189-000-einwohner-niederlaendische-stadt-widerlegt-den-mythos-seit-2-043-jahren\/\">widerlegt eine 189.000-Einwohner niederl\u00e4ndische Stadt den Mythos r\u00f6mischer St\u00e4dte im S\u00fcden<\/a> und zeigt, dass Geschichte oft anders verlief als gedacht.<\/p>\n<h2>Wissenschaftliche Erkenntnisse revolutionieren unser Verst\u00e4ndnis<\/h2>\n<p>Traditionell ging man davon aus, dass Stalaktiten Jahrhunderte oder gar Jahrtausende ben\u00f6tigen, um sich zu bilden. Doch die <strong>einzigartigen geochemischen Bedingungen in Algar do Carv\u00e3o beschleunigen diesen Prozess dramatisch<\/strong>. Wissenschaftler haben festgestellt, dass hier Stalaktiten in wenigen Jahren entstehen k\u00f6nnen &#8211; ein Ph\u00e4nomen, das weltweit seinesgleichen sucht.<\/p>\n<p>Die H\u00f6hle, entstanden vor etwa 3.200 Jahren, beherbergt nicht nur schnell wachsende Stalaktiten, sondern auch eine faszinierende Vielfalt an Mineralablagerungen. <strong>Milchig-wei\u00dfe Kieselerde und r\u00f6tliche Eisenadern zeugen von den komplexen geologischen Prozessen<\/strong>, die hier am Werk sind.<\/p>\n<h2>UNESCO-Welterbe trifft auf vulkanisches Wunderland<\/h2>\n<p>Terceira ist nicht nur geologisch einzigartig. Die Insel beherbergt mit Angra do Hero\u00edsmo eine <strong>UNESCO-Weltkulturerbestadt, die Renaissance-Architektur mit vulkanischer Landschaft vereint<\/strong>. Diese Kombination macht Terceira zu einem au\u00dfergew\u00f6hnlichen Reiseziel, das Kultur- und Naturliebhaber gleicherma\u00dfen begeistert.<\/p>\n<p>\u00c4hnlich faszinierende Verbindungen von Natur und Kultur finden sich auch anderswo. So <a href=\"https:\/\/www.journee-mondiale.com\/de\/nein-nicht-der-koloss-macht-rhodes-beruehmt-sondern-49500-einwohner-bewahren-seit-2300-jahren-lebendiges-unesco-erbe\/\">bewahren 49.500 Einwohner auf Rhodos seit 2.300 Jahren lebendiges UNESCO-Erbe<\/a>, was die Bedeutung solcher St\u00e4tten f\u00fcr unser globales Kulturerbe unterstreicht.<\/p>\n<h2>Herausforderungen f\u00fcr Besucher im Jahr 2025<\/h2>\n<p>Aktuell steht Algar do Carv\u00e3o vor einer vor\u00fcbergehenden Schlie\u00dfung. Seit Oktober 2024 wird ein <strong>neues Besucherzentrum errichtet, um das einzigartige Naturph\u00e4nomen besser zug\u00e4nglich zu machen<\/strong>. Trotz der 18-monatigen Bauphase arbeitet die Montanheiros-Vereinigung daran, eingeschr\u00e4nkte Besichtigungen zu erm\u00f6glichen.<\/p>\n<p>In der Zwischenzeit k\u00f6nnen Besucher die nahegelegene Natal-H\u00f6hle erkunden oder die reiche Kultur von Angra do Hero\u00edsmo genie\u00dfen. Die Stadt bietet mit ihrer Kathedrale, dem Pal\u00e1cio dos Capit\u00e3es Generais und der Festung Castelo de S\u00e3o Sebasti\u00e3o <strong>ein faszinierendes Fenster in die maritime Geschichte der Azoren<\/strong>.<\/p>\n<h2>Ein Blick in die Zukunft des Insel-Tourismus<\/h2>\n<p>Terceira positioniert sich als Vorreiter f\u00fcr nachhaltigen und naturnahen Tourismus. Die <strong>Kombination aus geologischen Wundern, UNESCO-Welterbe und unber\u00fchrter Natur macht die Insel zu einem Modell f\u00fcr verantwortungsvollen Reisegenuss<\/strong>. Experten prognostizieren, dass solche einzigartigen Destinationen in den kommenden Jahren verst\u00e4rkt Aufmerksamkeit erhalten werden.<\/p>\n<p>\u00c4hnliche Naturwunder finden sich auch in anderen Teilen Europas. So <a href=\"https:\/\/www.journee-mondiale.com\/de\/warum-dieser-bayerische-bergsee-auf-940-metern-seit-86-jahren-schwimmende-inseln-versteckt\/\">versteckt ein bayerischer Bergsee auf 940 Metern seit 86 Jahren schwimmende Inseln<\/a> &#8211; ein weiteres Beispiel daf\u00fcr, wie die Natur uns immer wieder \u00fcberraschen kann.<\/p>\n<p>Terceira zeigt eindrucksvoll, dass <strong>selbst kleine Inseln gro\u00dfe wissenschaftliche Geheimnisse bergen k\u00f6nnen<\/strong>. Die schnell wachsenden Stalaktiten von Algar do Carv\u00e3o laden uns ein, unsere Vorstellungen von geologischen Prozessen zu \u00fcberdenken und die Wunder der Natur mit neuen Augen zu betrachten. F\u00fcr Reisende und Wissenschaftler gleicherma\u00dfen bleibt Terceira ein faszinierendes Ziel, das es zu entdecken gilt.<\/p>\n","protected":false},"excerpt":{"rendered":"<p>Wer glaubt, Stalaktiten br\u00e4uchten Jahrtausende zum Wachsen, wird auf Terceira eines Besseren belehrt. Die 56.437-Einwohner Azoreninsel birgt auf 1022 Metern H\u00f6he ein faszinierendes geologisches Geheimnis, das Wissenschaftler in Staunen versetzt. In der Vulkanh\u00f6hle Algar do Carv\u00e3o enth\u00fcllt sich ein Naturwunder, das unsere Vorstellungen von H\u00f6hlenformationen revolutioniert. Das geologische Mysterium von Terceira Inmitten des Atlantiks, wo &#8230; <a title=\"Diese 56.437-Einwohner Azoreninsel widerlegt den Stalaktiten-Mythos auf 1022 Metern H\u00f6he wissenschaftlich\" class=\"read-more\" href=\"https:\/\/www.journee-mondiale.com\/de\/diese-56-437-einwohner-azoreninsel-widerlegt-den-stalaktiten-mythos-auf-1022-metern-hoehe-wissenschaftlich\/\" aria-label=\"Mehr Informationen \u00fcber Diese 56.437-Einwohner Azoreninsel widerlegt den Stalaktiten-Mythos auf 1022 Metern H\u00f6he wissenschaftlich\">Lire plus<\/a><\/p>\n","protected":false},"author":1,"featured_media":15853,"comment_status":"","ping_status":"","sticky":false,"template":"","format":"standard","meta":{"footnotes":""},"categories":[49],"tags":[],"class_list":["post-15854","post","type-post","status-publish","format-standard","has-post-thumbnail","hentry","category-reisen"],"acf":[],"_yoast_wpseo_primary_category":null,"_yoast_wpseo_title":null,"_yoast_wpseo_metadesc":null,"_links":{"self":[{"href":"https:\/\/www.journee-mondiale.com\/de\/wp-json\/wp\/v2\/posts\/15854","targetHints":{"allow":["GET"]}}],"collection":[{"href":"https:\/\/www.journee-mondiale.com\/de\/wp-json\/wp\/v2\/posts"}],"about":[{"href":"https:\/\/www.journee-mondiale.com\/de\/wp-json\/wp\/v2\/types\/post"}],"author":[{"embeddable":true,"href":"https:\/\/www.journee-mondiale.com\/de\/wp-json\/wp\/v2\/users\/1"}],"replies":[{"embeddable":true,"href":"https:\/\/www.journee-mondiale.com\/de\/wp-json\/wp\/v2\/comments?post=15854"}],"version-history":[{"count":0,"href":"https:\/\/www.journee-mondiale.com\/de\/wp-json\/wp\/v2\/posts\/15854\/revisions"}],"wp:featuredmedia":[{"embeddable":true,"href":"https:\/\/www.journee-mondiale.com\/de\/wp-json\/wp\/v2\/media\/15853"}],"wp:attachment":[{"href":"https:\/\/www.journee-mondiale.com\/de\/wp-json\/wp\/v2\/media?parent=15854"}],"wp:term":[{"taxonomy":"category","embeddable":true,"href":"https:\/\/www.journee-mondiale.com\/de\/wp-json\/wp\/v2\/categories?post=15854"},{"taxonomy":"post_tag","embeddable":true,"href":"https:\/\/www.journee-mondiale.com\/de\/wp-json\/wp\/v2\/tags?post=15854"}],"curies":[{"name":"wp","href":"https:\/\/api.w.org\/{rel}","templated":true}]}}