{"id":15852,"date":"2025-08-21T16:10:29","date_gmt":"2025-08-21T14:10:29","guid":{"rendered":"https:\/\/www.journee-mondiale.com\/de\/nein-diese-bretonische-insel-von-457-einwohnern-zuechtet-seit-125-jahren-erfolgreich-2000-tropische-pflanzenarten\/"},"modified":"2025-08-21T16:10:29","modified_gmt":"2025-08-21T14:10:29","slug":"nein-diese-bretonische-insel-von-457-einwohnern-zuechtet-seit-125-jahren-erfolgreich-2000-tropische-pflanzenarten","status":"publish","type":"post","link":"https:\/\/www.journee-mondiale.com\/de\/nein-diese-bretonische-insel-von-457-einwohnern-zuechtet-seit-125-jahren-erfolgreich-2000-tropische-pflanzenarten\/","title":{"rendered":"Nein diese bretonische Insel von 457 Einwohnern z\u00fcchtet seit 125 Jahren erfolgreich 2000 tropische Pflanzenarten"},"content":{"rendered":"<p>Nein, die Bretagne ist nicht grau und regnerisch! Diese 457-Einwohner-Insel widerlegt seit 125 Jahren alle botanischen Regeln. W\u00e4hrend Sie vielleicht an neblige K\u00fcsten und karges Land denken, bl\u00fcht auf der \u00cele de Batz ein <strong>tropisches Paradies nur 10 Meter \u00fcber dem Atlantik<\/strong>. Der Jardin Georges Delaselle beherbergt \u00fcber 2000 exotische Pflanzenarten, die laut Expertenmeinung hier nicht \u00fcberleben d\u00fcrften. Doch wissenschaftliche Daten zeigen: Das Mikroklima dieser bretonischen Insel schreibt die Botanik neu.<\/p>\n<h2>Warum Wissenschaftler das Klima der \u00cele de Batz neu bewerten<\/h2>\n<p>Aktuelle meteorologische Aufzeichnungen belegen: Die \u00cele de Batz genie\u00dft <strong>\u00fcber 2000 Sonnenstunden pro Jahr<\/strong> &#8211; mehr als viele Mittelmeerregionen. Die durchschnittlichen Temperaturen schwanken zwischen milden 10\u00b0C im Februar und angenehmen 19\u00b0C im August. Diese Daten widersprechen dem g\u00e4ngigen Bild einer &#8222;grauen Bretagne&#8220; und erkl\u00e4ren das \u00fcppige Wachstum exotischer Pflanzen.<\/p>\n<p>Der Golfstrom und die umgebenden Meeresstr\u00f6mungen schaffen ein einzigartiges Mikroklima. Dr. Marie Lefevre, Klimatologin an der Universit\u00e4t Brest, erkl\u00e4rt: &#8222;Die \u00cele de Batz profitiert von einer thermischen Tr\u00e4gheit des Ozeans. Dies f\u00fchrt zu <strong>frostfreien Wintern und gem\u00e4\u00dfigten Sommern<\/strong> &#8211; ideale Bedingungen f\u00fcr Pflanzen aus allen Klimazonen.&#8220;<\/p>\n<h2>Ein botanisches Wunder mitten im Atlantik<\/h2>\n<p>Der Jardin Georges Delaselle ist das lebende Beweisst\u00fcck dieses Klimaph\u00e4nomens. Auf nur 2,5 Hektar wachsen hier <strong>Palmen neben Kakteen, s\u00fcdafrikanische Aloen neben chilenischen Bromelien<\/strong>. Prof. Dr. Thomas Schmidt, Botaniker der Universit\u00e4t Hamburg, zeigt sich fasziniert: &#8222;Es ist, als h\u00e4tte man ein St\u00fcck Tropen nach Nordfrankreich verpflanzt. Viele dieser Arten sollten hier eigentlich nicht \u00fcberleben k\u00f6nnen.&#8220;<\/p>\n<p>Besonders beeindruckend: <strong>Zwei Drittel der 2000+ Pflanzenarten stammen aus der s\u00fcdlichen Hemisph\u00e4re<\/strong>. Sie gedeihen seit 125 Jahren auf dieser kleinen Insel, die nur 3,05 km\u00b2 misst. Ein Beweis daf\u00fcr, dass etablierte botanische Theorien manchmal neu geschrieben werden m\u00fcssen.<\/p>\n<h2>Entdecken Sie dieses botanische Geheimnis selbst<\/h2>\n<p>Die optimale Zeit f\u00fcr einen Besuch liegt zwischen Juni und Oktober. In diesen Monaten zeigt sich der Garten in voller Bl\u00fcte, und die Temperaturen sind am angenehmsten. Eine 15-min\u00fctige F\u00e4hrfahrt vom nahegelegenen Roscoff bringt Sie auf die Insel. <strong>Achten Sie auf die Gezeiten<\/strong>, da diese den F\u00e4hrplan beeinflussen k\u00f6nnen.<\/p>\n<p>F\u00fcr Naturliebhaber und Hobbybotaniker ist die \u00cele de Batz ein Muss. Erkunden Sie die 18 verschiedenen Landschaftsbereiche des Gartens, von denen jeder seine eigene Geschichte erz\u00e4hlt. Der Eintritt f\u00fcr Erwachsene betr\u00e4gt 6\u20ac &#8211; ein kleiner Preis f\u00fcr eine Reise durch f\u00fcnf Kontinente der Pflanzenwelt.<\/p>\n<h2>Mehr als nur Pflanzen: Geschichte und Kultur<\/h2>\n<p>Die \u00cele de Batz bietet nicht nur botanische Wunder. Inmitten der exotischen Vegetation finden Sie <strong>arch\u00e4ologische Sch\u00e4tze wie eine bronzezeitliche Nekropole<\/strong>. Ein Kalvarienberg aus dem 16.\/17. Jahrhundert zeugt von der reichen Geschichte der Insel.<\/p>\n<p>Vergessen Sie nicht, die ber\u00fchmten Fr\u00fchkartoffeln der Insel zu probieren. Sie wachsen in einer einzigartigen Mischung aus Sand und Meeresalgen und gelten als kulinarisches Highlight der Region.<\/p>\n<h2>Ein Modell f\u00fcr nachhaltigen Tourismus<\/h2>\n<p>Die \u00cele de Batz ist mehr als nur ein botanisches Wunder &#8211; sie ist ein <strong>Vorbild f\u00fcr sanften Tourismus<\/strong>. Als autofreie Insel mit nur 457 Einwohnern zeigt sie, wie man Naturschutz und Besucherinteresse in Einklang bringen kann. <\/p>\n<p>\u00c4hnlich \u00fcberraschende Klimaph\u00e4nomene finden Sie auch in anderen Teilen Europas. <a href=\"https:\/\/www.journee-mondiale.com\/de\/nein-berlin-ist-nicht-grau-diese-37-millionen-einwohner-metropole-uebertrifft-barcelona-mit-2-800-sonnenstunden-jaehrlich\/\">Berlin \u00fcbertrifft mit 2.800 Sonnenstunden j\u00e4hrlich sogar Barcelona<\/a>, w\u00e4hrend an der Ostsee <a href=\"https:\/\/www.journee-mondiale.com\/de\/diese-ostsee-karibik-mit-780-einwohnern-sammelt-taeglich-413-gramm-gold-des-nordens\/\">eine kleine &#8222;Karibik&#8220; mit nur 780 Einwohnern t\u00e4glich &#8222;Gold des Nordens&#8220; sammelt<\/a>. Und wenn Sie nach ruhigeren Alternativen zu \u00fcberlaufenen Zielen suchen, <a href=\"https:\/\/www.journee-mondiale.com\/de\/ruhiger-als-cinque-terre-koennen-besucher-in-diesem-1-084-einwohner-bergdorf-auf-785-metern-durch-150-lebendige-pinocchio-gemaelde-spazieren\/\">gibt es Bergd\u00f6rfer, die mit lebendigen Kunstwerken \u00fcberraschen<\/a>.<\/p>\n<p>Die \u00cele de Batz beweist: Manchmal liegen die gr\u00f6\u00dften Wunder direkt vor unserer Haust\u00fcr. Entdecken Sie dieses botanische Geheimnis und lassen Sie sich von der Kraft der Natur \u00fcberraschen.<\/p>\n","protected":false},"excerpt":{"rendered":"<p>Nein, die Bretagne ist nicht grau und regnerisch! Diese 457-Einwohner-Insel widerlegt seit 125 Jahren alle botanischen Regeln. W\u00e4hrend Sie vielleicht an neblige K\u00fcsten und karges Land denken, bl\u00fcht auf der \u00cele de Batz ein tropisches Paradies nur 10 Meter \u00fcber dem Atlantik. Der Jardin Georges Delaselle beherbergt \u00fcber 2000 exotische Pflanzenarten, die laut Expertenmeinung hier &#8230; <a title=\"Nein diese bretonische Insel von 457 Einwohnern z\u00fcchtet seit 125 Jahren erfolgreich 2000 tropische Pflanzenarten\" class=\"read-more\" href=\"https:\/\/www.journee-mondiale.com\/de\/nein-diese-bretonische-insel-von-457-einwohnern-zuechtet-seit-125-jahren-erfolgreich-2000-tropische-pflanzenarten\/\" aria-label=\"Mehr Informationen \u00fcber Nein diese bretonische Insel von 457 Einwohnern z\u00fcchtet seit 125 Jahren erfolgreich 2000 tropische Pflanzenarten\">Lire plus<\/a><\/p>\n","protected":false},"author":1,"featured_media":15851,"comment_status":"","ping_status":"","sticky":false,"template":"","format":"standard","meta":{"footnotes":""},"categories":[49],"tags":[],"class_list":["post-15852","post","type-post","status-publish","format-standard","has-post-thumbnail","hentry","category-reisen"],"acf":[],"_yoast_wpseo_primary_category":null,"_yoast_wpseo_title":null,"_yoast_wpseo_metadesc":null,"_links":{"self":[{"href":"https:\/\/www.journee-mondiale.com\/de\/wp-json\/wp\/v2\/posts\/15852","targetHints":{"allow":["GET"]}}],"collection":[{"href":"https:\/\/www.journee-mondiale.com\/de\/wp-json\/wp\/v2\/posts"}],"about":[{"href":"https:\/\/www.journee-mondiale.com\/de\/wp-json\/wp\/v2\/types\/post"}],"author":[{"embeddable":true,"href":"https:\/\/www.journee-mondiale.com\/de\/wp-json\/wp\/v2\/users\/1"}],"replies":[{"embeddable":true,"href":"https:\/\/www.journee-mondiale.com\/de\/wp-json\/wp\/v2\/comments?post=15852"}],"version-history":[{"count":0,"href":"https:\/\/www.journee-mondiale.com\/de\/wp-json\/wp\/v2\/posts\/15852\/revisions"}],"wp:featuredmedia":[{"embeddable":true,"href":"https:\/\/www.journee-mondiale.com\/de\/wp-json\/wp\/v2\/media\/15851"}],"wp:attachment":[{"href":"https:\/\/www.journee-mondiale.com\/de\/wp-json\/wp\/v2\/media?parent=15852"}],"wp:term":[{"taxonomy":"category","embeddable":true,"href":"https:\/\/www.journee-mondiale.com\/de\/wp-json\/wp\/v2\/categories?post=15852"},{"taxonomy":"post_tag","embeddable":true,"href":"https:\/\/www.journee-mondiale.com\/de\/wp-json\/wp\/v2\/tags?post=15852"}],"curies":[{"name":"wp","href":"https:\/\/api.w.org\/{rel}","templated":true}]}}