{"id":15850,"date":"2025-08-21T15:05:23","date_gmt":"2025-08-21T13:05:23","guid":{"rendered":"https:\/\/www.journee-mondiale.com\/de\/diese-kroatische-adriatoskana-mit-868-einwohnern-huetet-2-millionen-rebstoecke-fuer-kroatiens-wertvollsten-weisswein\/"},"modified":"2025-08-21T15:05:23","modified_gmt":"2025-08-21T13:05:23","slug":"diese-kroatische-adriatoskana-mit-868-einwohnern-huetet-2-millionen-rebstoecke-fuer-kroatiens-wertvollsten-weisswein","status":"publish","type":"post","link":"https:\/\/www.journee-mondiale.com\/de\/diese-kroatische-adriatoskana-mit-868-einwohnern-huetet-2-millionen-rebstoecke-fuer-kroatiens-wertvollsten-weisswein\/","title":{"rendered":"Diese kroatische Adriatoskana mit 868 Einwohnern h\u00fctet 2 Millionen Rebst\u00f6cke f\u00fcr Kroatiens wertvollsten Wei\u00dfwein"},"content":{"rendered":"<p>Entdecken Sie die <strong>adriatische Toskana<\/strong>, wo nur 868 Einwohner ein wahres <strong>Weinparadies<\/strong> h\u00fcten. Im malerischen Smokvica auf der Insel Kor\u010dula produziert jeder Bewohner durchschnittlich 2.300 Rebst\u00f6cke \u2013 eine beeindruckende Leistung, die den <strong>wertvollsten Wei\u00dfwein Kroatiens<\/strong> hervorbringt. Tauchen Sie ein in eine Welt, wo Tradition und Genuss Hand in Hand gehen.<\/p>\n<h2>Das verborgene Juwel der adriatischen Weinkultur<\/h2>\n<p>Smokvica, auf 122 Metern \u00fcber dem Meeresspiegel gelegen, ist mehr als nur ein Dorf. Es ist das <strong>Herz der Po\u0161ip-Weinproduktion<\/strong>, einer autochthonen kroatischen Rebsorte, die hier ihre Heimat gefunden hat. Mit rund 250 Hektar Rebfl\u00e4che und etwa zwei Millionen Rebst\u00f6cken z\u00e4hlt Smokvica zu den bedeutendsten Weinregionen Kor\u010dulas. Dieses einzigartige Verh\u00e4ltnis von Einwohnern zu Rebst\u00f6cken macht Smokvica zu einem wahren <strong>Mikrokosmos des Weinbaus<\/strong>.<\/p>\n<h2>Eine Reise durch Zeit und Geschmack<\/h2>\n<p>Die Weinbautradition in Smokvica reicht weit zur\u00fcck. Seit Generationen pflegen die Familien hier ihre Rebst\u00f6cke mit Hingabe und Expertise. Diese <strong>tiefe Verwurzelung in der Weinkultur<\/strong> spiegelt sich nicht nur im Geschmack des Po\u0161ip-Weins wider, sondern auch in der Architektur des Ortes. Die neo-romanische Kirche &#8222;Purification of Our Lady&#8220; aus dem Jahr 1920 und die barocke Loggia zeugen von der reichen Geschichte des Dorfes. <a href=\"https:\/\/www.journee-mondiale.com\/de\/diese-italienische-toskana-des-weins-mit-618-einwohnern-serviert-seit-300-jahren-barolo-im-traditionellen-kelch\/\">\u00c4hnlich wie in der italienischen Toskana<\/a> verschmelzen hier Weinbau und kulturelles Erbe zu einer einzigartigen Erfahrung.<\/p>\n<h2>Ein Fest f\u00fcr alle Sinne: Weinfestivals 2025<\/h2>\n<p>Der Sp\u00e4tsommer und Herbst 2025 bieten Weinliebhabern die perfekte Gelegenheit, in die Welt des Po\u0161ip einzutauchen. Das <strong>Kor\u010dula Island Wine Festival<\/strong> am 5. Juli 2025 markiert den Auftakt einer Reihe von Weinveranstaltungen. In den folgenden Monaten laden Smokvica und die umliegenden Orte zu <strong>authentischen Weinabenden<\/strong> ein, bei denen Sie die Aromen der Insel erkunden k\u00f6nnen. Diese Feste sind nicht nur eine Hommage an den Wein, sondern auch an die <strong>Lebensart und Gastfreundschaft<\/strong> der Einheimischen.<\/p>\n<h2>Verborgene Sch\u00e4tze entdecken<\/h2>\n<p>Abseits der bekannten Touristenpfade bietet Smokvica echte Geheimtipps f\u00fcr Entdecker. Das <strong>Black Island Winery<\/strong>, gegr\u00fcndet 2018, und das familiengef\u00fchrte <strong>Weingut Toreta<\/strong> laden zu intimen Verkostungen ein. Hier erleben Sie die Leidenschaft der Winzer hautnah und kosten Weine, die die <strong>Essenz Kor\u010dulas<\/strong> in sich tragen. <a href=\"https:\/\/www.journee-mondiale.com\/de\/weniger-touristisch-als-rothenburg-bewahren-diese-12-300-dinkelsbuehler-77-prozent-mittelalterlicher-gebaeude-vor-1500\/\">Weniger touristisch als viele bekannte Ziele<\/a>, bewahrt Smokvica seinen authentischen Charme.<\/p>\n<h2>Die perfekte Zeit f\u00fcr Genie\u00dfer<\/h2>\n<p>Der Sp\u00e4tsommer und Fr\u00fchherbst sind die ideale Reisezeit f\u00fcr Weinenthusiasten. Die <strong>Weinernte ab August<\/strong> bietet die einmalige Chance, den Weinmachern bei ihrer Arbeit \u00fcber die Schulter zu schauen. Die milden Temperaturen und die goldene Herbstsonne schaffen eine magische Atmosph\u00e4re in den Weinbergen. Es ist die Zeit, in der <strong>Smokvica seinen wahren Charakter<\/strong> zeigt \u2013 eine harmonische Verbindung von Natur, Kultur und Genuss.<\/p>\n<h2>Ein nachhaltiges Weinparadies entdecken<\/h2>\n<p>Smokvica steht an der Schwelle, ein Vorreiter f\u00fcr <strong>nachhaltigen Weintourismus<\/strong> zu werden. Im Gegensatz zu \u00fcberlaufenen Weinregionen bietet das Dorf eine intime Erfahrung, die Genie\u00dfer und Naturliebhaber gleicherma\u00dfen anspricht. Die Kombination aus <strong>biodynamischem Weinbau<\/strong>, reicher Kultur und unber\u00fchrter Natur macht Smokvica zu einem Geheimtipp f\u00fcr 2025. <a href=\"https:\/\/www.journee-mondiale.com\/de\/ruhiger-als-cinque-terre-koennen-besucher-in-diesem-1-084-einwohner-bergdorf-auf-785-metern-durch-150-lebendige-pinocchio-gemaelde-spazieren\/\">Ruhiger als viele bekannte mediterrane Ziele<\/a>, verspricht es authentische Erlebnisse fernab des Massentourismus.<\/p>\n<p>Entdecken Sie Smokvica \u2013 ein Ort, wo jeder Schluck Wein eine Geschichte erz\u00e4hlt und jeder Besuch zu einer unvergesslichen Reise durch die adriatische Weinkultur wird. Hier, in diesem kleinen Dorf mit gro\u00dfem Herzen, erleben Sie die wahre Bedeutung von &#8222;in vino veritas&#8220;.<\/p>\n","protected":false},"excerpt":{"rendered":"<p>Entdecken Sie die adriatische Toskana, wo nur 868 Einwohner ein wahres Weinparadies h\u00fcten. Im malerischen Smokvica auf der Insel Kor\u010dula produziert jeder Bewohner durchschnittlich 2.300 Rebst\u00f6cke \u2013 eine beeindruckende Leistung, die den wertvollsten Wei\u00dfwein Kroatiens hervorbringt. Tauchen Sie ein in eine Welt, wo Tradition und Genuss Hand in Hand gehen. Das verborgene Juwel der adriatischen &#8230; <a title=\"Diese kroatische Adriatoskana mit 868 Einwohnern h\u00fctet 2 Millionen Rebst\u00f6cke f\u00fcr Kroatiens wertvollsten Wei\u00dfwein\" class=\"read-more\" href=\"https:\/\/www.journee-mondiale.com\/de\/diese-kroatische-adriatoskana-mit-868-einwohnern-huetet-2-millionen-rebstoecke-fuer-kroatiens-wertvollsten-weisswein\/\" aria-label=\"Mehr Informationen \u00fcber Diese kroatische Adriatoskana mit 868 Einwohnern h\u00fctet 2 Millionen Rebst\u00f6cke f\u00fcr Kroatiens wertvollsten Wei\u00dfwein\">Lire plus<\/a><\/p>\n","protected":false},"author":1,"featured_media":15849,"comment_status":"","ping_status":"","sticky":false,"template":"","format":"standard","meta":{"footnotes":""},"categories":[49],"tags":[],"class_list":["post-15850","post","type-post","status-publish","format-standard","has-post-thumbnail","hentry","category-reisen"],"acf":[],"_yoast_wpseo_primary_category":null,"_yoast_wpseo_title":null,"_yoast_wpseo_metadesc":null,"_links":{"self":[{"href":"https:\/\/www.journee-mondiale.com\/de\/wp-json\/wp\/v2\/posts\/15850","targetHints":{"allow":["GET"]}}],"collection":[{"href":"https:\/\/www.journee-mondiale.com\/de\/wp-json\/wp\/v2\/posts"}],"about":[{"href":"https:\/\/www.journee-mondiale.com\/de\/wp-json\/wp\/v2\/types\/post"}],"author":[{"embeddable":true,"href":"https:\/\/www.journee-mondiale.com\/de\/wp-json\/wp\/v2\/users\/1"}],"replies":[{"embeddable":true,"href":"https:\/\/www.journee-mondiale.com\/de\/wp-json\/wp\/v2\/comments?post=15850"}],"version-history":[{"count":0,"href":"https:\/\/www.journee-mondiale.com\/de\/wp-json\/wp\/v2\/posts\/15850\/revisions"}],"wp:featuredmedia":[{"embeddable":true,"href":"https:\/\/www.journee-mondiale.com\/de\/wp-json\/wp\/v2\/media\/15849"}],"wp:attachment":[{"href":"https:\/\/www.journee-mondiale.com\/de\/wp-json\/wp\/v2\/media?parent=15850"}],"wp:term":[{"taxonomy":"category","embeddable":true,"href":"https:\/\/www.journee-mondiale.com\/de\/wp-json\/wp\/v2\/categories?post=15850"},{"taxonomy":"post_tag","embeddable":true,"href":"https:\/\/www.journee-mondiale.com\/de\/wp-json\/wp\/v2\/tags?post=15850"}],"curies":[{"name":"wp","href":"https:\/\/api.w.org\/{rel}","templated":true}]}}