{"id":15787,"date":"2025-08-19T09:06:08","date_gmt":"2025-08-19T07:06:08","guid":{"rendered":"https:\/\/www.journee-mondiale.com\/de\/wenn-sie-ueber-60-diesen-haarschnitt-waehlen-sabotieren-sie-ihre-ausstrahlung\/"},"modified":"2025-08-19T09:06:08","modified_gmt":"2025-08-19T07:06:08","slug":"wenn-sie-ueber-60-diesen-haarschnitt-waehlen-sabotieren-sie-ihre-ausstrahlung","status":"publish","type":"post","link":"https:\/\/www.journee-mondiale.com\/de\/wenn-sie-ueber-60-diesen-haarschnitt-waehlen-sabotieren-sie-ihre-ausstrahlung\/","title":{"rendered":"Wenn Sie \u00fcber 60 diesen Haarschnitt w\u00e4hlen, sabotieren Sie Ihre Ausstrahlung"},"content":{"rendered":"<p>Frauen \u00fcber 60 greifen 2025 vermehrt zum <strong>Undercut Bob<\/strong> \u2013 doch dieser vermeintlich verj\u00fcngende Trend kann paradoxerweise das <strong>Gegenteil bewirken<\/strong>. W\u00e4hrend die Friseurindustrie diesen Schnitt als revolution\u00e4r bewirbt, zeigen sich \u00fcberraschende Alterungseffekte, die viele nicht erwarten.<\/p>\n<p>Die kontra-intuitive Realit\u00e4t: Der scharfe Kontrast zwischen <strong>rasierten Partien und l\u00e4ngeren Deckhaaren<\/strong> kann bei reifer Haut besonders ung\u00fcnstig wirken. Die harten Linien betonen Gesichtsasymmetrien und lassen feine Falten deutlicher hervortreten, anstatt sie zu kaschieren.<\/p>\n<h2>Warum harte Schnitte bei reifem Haar kontraproduktiv sind<\/h2>\n<p>Dermatologen beobachten eine <strong>verst\u00e4rkte Betonung der Kopfhaut-Alterung<\/strong> durch extreme Kurzhaarpartien. Die d\u00fcnner werdende Haardichte ab 60 macht rasierte Bereiche besonders auff\u00e4llig und kann unerw\u00fcnschte Aufmerksamkeit auf Pigmentflecken oder Hautunebenheiten lenken.<\/p>\n<p>Trichologische Erkenntnisse zeigen: <strong>Drastische L\u00e4ngenunterschiede<\/strong> strapazieren das bereits geschw\u00e4chte Haar zus\u00e4tzlich. Der Undercut erfordert h\u00e4ufige Nachbehandlungen, was bei empfindlicher Kopfhaut zu Irritationen f\u00fchren kann. <a href=\"https:\/\/www.journee-mondiale.com\/de\/diese-schnitt-technik-macht-duennes-haar-40-voller\/\">Sanftere Schnitttechniken<\/a> erweisen sich oft als nachhaltiger f\u00fcr die Haargesundheit.<\/p>\n<h2>Die psychologische Falle des &#8222;Edgy Look&#8220; im Alter<\/h2>\n<p>Studien zur sozialen Wahrnehmung enth\u00fcllen einen <strong>Credibility Gap<\/strong> bei zu juvenilen Frisuren. W\u00e4hrend der Undercut Bob Jugendlichkeit suggerieren soll, wirkt er bei Frauen \u00fcber 60 oft wie ein verzweifelter Versuch, j\u00fcnger zu erscheinen \u2013 und verfehlt damit sein Ziel.<\/p>\n<p>Die harten Kanten des Undercuts k\u00f6nnen das <strong>Gesicht optisch verh\u00e4rten<\/strong> und die nat\u00fcrliche Weichheit reifer Z\u00fcge konterkarieren. Experten warnen vor dem &#8222;Teenage-Trap&#8220;: Was bei 20-J\u00e4hrigen rebellisch wirkt, kann bei Seniorinnen unpassend erscheinen.<\/p>\n<h2>Versteckte Pflegeprobleme des Trend-Schnitts<\/h2>\n<p>Der Undercut Bob bringt <strong>ungeahnte Maintenance-Fallen<\/strong> mit sich. Die rasierten Partien wachsen binnen weniger Wochen nach und erfordern alle 3-4 Wochen professionelle Nachbehandlung. Dies bedeutet h\u00f6here Kosten und Zeitaufwand als bei klassischen Schnitten.<\/p>\n<p>Besonders problematisch: <strong>Ungleichm\u00e4\u00dfiges Nachwachsen<\/strong> kann ungepflegt wirken und das Gegenteil des gew\u00fcnschten Effekts erzielen. <a href=\"https:\/\/www.journee-mondiale.com\/de\/5-frisur-mythen-lassen-frauen-ueber-50-aelter-aussehen\/\">Viele Frisur-Mythen<\/a> verschweigen diese praktischen Herausforderungen bewusst.<\/p>\n<h2>Elegante Alternativen f\u00fcr authentische Ausstrahlung<\/h2>\n<p>Statt radikaler Schnitte empfehlen Experten <strong>sanfte Volumen-Bobs<\/strong> mit weichen \u00dcberg\u00e4ngen. Der franz\u00f6sische Bob 2025 beispielsweise schmeichelt reiferen Gesichtsz\u00fcgen durch seine nat\u00fcrliche Eleganz und ist pflegeleichter.<\/p>\n<p>Strukturierte Schnitte mit <strong>dezenten Abstufungen<\/strong> wirken verj\u00fcngend, ohne aufgesetzt zu erscheinen. Sie rahmen das Gesicht schmeichelnd ein und lassen sich vielseitig stylen. <a href=\"https:\/\/www.journee-mondiale.com\/de\/diese-haar-textur-verwandelt-frauen-ueber-50-in-pure-eleganz\/\">Die richtige Haar-Textur<\/a> kann wahre Eleganz-Wunder bewirken.<\/p>\n<h2>Der Weg zu authentischer Sch\u00f6nheit ab 60<\/h2>\n<p>Wahre Verj\u00fcngung entsteht nicht durch <strong>radikale Experimente<\/strong>, sondern durch Frisuren, die die nat\u00fcrliche Pers\u00f6nlichkeit unterstreichen. Der Undercut Bob mag trendy erscheinen, doch klassische Eleganz trumpft kurzlebige Modeerscheinungen.<\/p>\n<p>Bevor Sie sich f\u00fcr drastische Ver\u00e4nderungen entscheiden, bedenken Sie: <strong>Authentizit\u00e4t strahlt mehr als jeder Trend<\/strong>. Eine Frisur sollte Sie selbstbewusster machen, nicht \u00e4lter aussehen lassen. Setzen Sie auf zeitlose Sch\u00f6nheit statt verg\u00e4ngliche Rebellion \u2013 Ihre Ausstrahlung wird es Ihnen danken.<\/p>\n","protected":false},"excerpt":{"rendered":"<p>Frauen \u00fcber 60 greifen 2025 vermehrt zum Undercut Bob \u2013 doch dieser vermeintlich verj\u00fcngende Trend kann paradoxerweise das Gegenteil bewirken. W\u00e4hrend die Friseurindustrie diesen Schnitt als revolution\u00e4r bewirbt, zeigen sich \u00fcberraschende Alterungseffekte, die viele nicht erwarten. Die kontra-intuitive Realit\u00e4t: Der scharfe Kontrast zwischen rasierten Partien und l\u00e4ngeren Deckhaaren kann bei reifer Haut besonders ung\u00fcnstig wirken. &#8230; <a title=\"Wenn Sie \u00fcber 60 diesen Haarschnitt w\u00e4hlen, sabotieren Sie Ihre Ausstrahlung\" class=\"read-more\" href=\"https:\/\/www.journee-mondiale.com\/de\/wenn-sie-ueber-60-diesen-haarschnitt-waehlen-sabotieren-sie-ihre-ausstrahlung\/\" aria-label=\"Mehr Informationen \u00fcber Wenn Sie \u00fcber 60 diesen Haarschnitt w\u00e4hlen, sabotieren Sie Ihre Ausstrahlung\">Lire plus<\/a><\/p>\n","protected":false},"author":1,"featured_media":15786,"comment_status":"","ping_status":"","sticky":false,"template":"","format":"standard","meta":{"footnotes":""},"categories":[48],"tags":[],"class_list":["post-15787","post","type-post","status-publish","format-standard","has-post-thumbnail","hentry","category-lebensstil"],"acf":[],"_yoast_wpseo_primary_category":null,"_yoast_wpseo_title":null,"_yoast_wpseo_metadesc":null,"_links":{"self":[{"href":"https:\/\/www.journee-mondiale.com\/de\/wp-json\/wp\/v2\/posts\/15787","targetHints":{"allow":["GET"]}}],"collection":[{"href":"https:\/\/www.journee-mondiale.com\/de\/wp-json\/wp\/v2\/posts"}],"about":[{"href":"https:\/\/www.journee-mondiale.com\/de\/wp-json\/wp\/v2\/types\/post"}],"author":[{"embeddable":true,"href":"https:\/\/www.journee-mondiale.com\/de\/wp-json\/wp\/v2\/users\/1"}],"replies":[{"embeddable":true,"href":"https:\/\/www.journee-mondiale.com\/de\/wp-json\/wp\/v2\/comments?post=15787"}],"version-history":[{"count":0,"href":"https:\/\/www.journee-mondiale.com\/de\/wp-json\/wp\/v2\/posts\/15787\/revisions"}],"wp:featuredmedia":[{"embeddable":true,"href":"https:\/\/www.journee-mondiale.com\/de\/wp-json\/wp\/v2\/media\/15786"}],"wp:attachment":[{"href":"https:\/\/www.journee-mondiale.com\/de\/wp-json\/wp\/v2\/media?parent=15787"}],"wp:term":[{"taxonomy":"category","embeddable":true,"href":"https:\/\/www.journee-mondiale.com\/de\/wp-json\/wp\/v2\/categories?post=15787"},{"taxonomy":"post_tag","embeddable":true,"href":"https:\/\/www.journee-mondiale.com\/de\/wp-json\/wp\/v2\/tags?post=15787"}],"curies":[{"name":"wp","href":"https:\/\/api.w.org\/{rel}","templated":true}]}}