{"id":15771,"date":"2025-08-18T15:06:10","date_gmt":"2025-08-18T13:06:10","guid":{"rendered":"https:\/\/www.journee-mondiale.com\/de\/diese-283-985-einwohner-stadt-transsilvaniens-bewahrt-deutschlands-vergessenes-mittelalterliches-erbe-seit-800-jahren\/"},"modified":"2025-08-18T15:06:10","modified_gmt":"2025-08-18T13:06:10","slug":"diese-283-985-einwohner-stadt-transsilvaniens-bewahrt-deutschlands-vergessenes-mittelalterliches-erbe-seit-800-jahren","status":"publish","type":"post","link":"https:\/\/www.journee-mondiale.com\/de\/diese-283-985-einwohner-stadt-transsilvaniens-bewahrt-deutschlands-vergessenes-mittelalterliches-erbe-seit-800-jahren\/","title":{"rendered":"Diese 283.985 Einwohner Stadt Transsilvaniens bewahrt Deutschlands vergessenes mittelalterliches Erbe seit 800 Jahren"},"content":{"rendered":"<p>Vergessen Sie alles, was Sie \u00fcber Transsilvanien zu wissen glaubten. <strong>Bra\u0219ov, diese 283.985-Einwohner Stadt im Herzen Rum\u00e4niens<\/strong>, entlarvt den Dracula-Mythos und offenbart stattdessen ein faszinierendes St\u00fcck deutscher Geschichte. Seit 800 Jahren bewahrt die ehemalige Kronstadt ein reiches s\u00e4chsisches Erbe, das selbst eingefleischte Kulturreisende \u00fcberraschen wird.<\/p>\n<h2>Warum Experten Bra\u0219ov als &#8222;Klein-N\u00fcrnberg der Karpaten&#8220; bezeichnen<\/h2>\n<p>Entgegen der popul\u00e4ren Vorstellung von Vampirschl\u00f6ssern enth\u00fcllt die Wissenschaft ein ganz anderes Bild: <strong>\u00dcber 70% der Geb\u00e4ude in Bra\u0219ovs Altstadt stehen unter Denkmalschutz<\/strong>. Diese erstaunliche Konzentration mittelalterlicher Architektur \u00fcbertrifft sogar <a href=\"https:\/\/www.journee-mondiale.com\/de\/weniger-touristisch-als-rothenburg-bewahren-diese-12-300-dinkelsbuehler-77-prozent-mittelalterlicher-gebaeude-vor-1500\/\">die 77% historischer Bausubstanz im fr\u00e4nkischen Dinkelsb\u00fchl<\/a>. Historiker sind sich einig: Bra\u0219ov bietet einen der besterhaltenen Einblicke in die Stadtplanung der Siebenb\u00fcrger Sachsen.<\/p>\n<h2>Die \u00fcberraschende deutsche Verbindung, die 90% der Besucher \u00fcbersehen<\/h2>\n<p>Was die wenigsten Reisenden wissen: Bra\u0219ov wurde im 13. Jahrhundert von deutschen Siedlern gegr\u00fcndet. Die imposante Schwarze Kirche, mit 89 Metern L\u00e4nge das gr\u00f6\u00dfte gotische Bauwerk S\u00fcdosteuropas, zeugt von diesem Erbe. <strong>Doch das wahre Geheimnis verbirgt sich in den Details<\/strong>: 110 anatolische Teppiche schm\u00fccken das Innere \u2013 die gr\u00f6\u00dfte Sammlung au\u00dferhalb der T\u00fcrkei. Diese unerwartete Verbindung von deutscher Gotik und orientalischem Einfluss macht Bra\u0219ov einzigartig in Europa.<\/p>\n<h2>5 lokale Geheimnisse, die Bra\u0219ov von anderen Transsilvanien-St\u00e4dten abheben<\/h2>\n<ul>\n<li>Der Tampa-Berg: Ein 400 Meter hoher Stadtberg mit Panoramablick, erreichbar per Seilbahn oder Wanderweg.<\/li>\n<li>Schei-Viertel: Das \u00e4lteste rum\u00e4nische Stadtviertel, wo einst nur Nicht-Sachsen leben durften.<\/li>\n<li>Erste Schule: Hier entstand 1495 die erste Schule auf dem Gebiet des heutigen Rum\u00e4niens \u2013 mit Unterricht auf Deutsch.<\/li>\n<li>Weberbastei: Ein perfekt erhaltenes Beispiel mittelalterlicher Verteidigungsarchitektur mit drei Kampfgalerien.<\/li>\n<li>Lokale K\u00fcche: Verkosten Sie &#8222;K\u00fcrt\u0151skal\u00e1cs&#8220;, ein traditionelles siebenb\u00fcrgisches Geb\u00e4ck mit s\u00e4chsischen Wurzeln.<\/li>\n<\/ul>\n<h2>Warum Kulturexperten Bra\u0219ov als aufstrebendes Reiseziel f\u00fcr 2025 sehen<\/h2>\n<p>Anders als \u00fcberlaufene St\u00e4dte wie <a href=\"https:\/\/www.journee-mondiale.com\/de\/nein-krakau-ist-nicht-nur-historisch-diese-809-200-einwohner-stadt-vereint-60-prozent-unesco-dichte-mit-150-start-ups\/\">Krakau mit seinen 809.200 Einwohnern<\/a>, bietet Bra\u0219ov authentische Erlebnisse ohne Massentourismus. <strong>Das Bra\u0219ov International Film Festival im September 2025 verspricht, die Stadt auf die kulturelle Weltkarte zu setzen<\/strong>. Gleichzeitig lockt das Alte-Musik-Festival Klassikliebhaber in historische Geb\u00e4ude \u2013 ein einzigartiges Zusammenspiel von Architektur und Klang.<\/p>\n<h2>Die unerwartete Verbindung zwischen Bra\u0219ov und der deutschen Toskana<\/h2>\n<p>\u00dcberraschenderweise teilt Bra\u0219ov mehr mit der deutschen Toskana, als man vermuten w\u00fcrde. <strong>Wie <a href=\"https:\/\/www.journee-mondiale.com\/de\/ruhiger-als-hvar-bewahrt-diese-kroatische-5-561-einwohner-insel-europas-hoechste-kapitaensdichte-mit-400-seefahrern\/\">die kroatische Insel mit 5.561 Einwohnern und ihrer einzigartigen Kapit\u00e4nstradition<\/a>, bewahrt Bra\u0219ov ein seltenes kulturelles Erbe<\/strong>. Die s\u00e4chsische Handwerkstradition lebt in lokalen Werkst\u00e4tten fort, wo Besucher authentische Holzschnitzereien oder handgewebte Textilien erstehen k\u00f6nnen \u2013 fernab des \u00fcblichen Souvenirkitsches.<\/p>\n<h2>Fazit: Bra\u0219ov \u2013 Die Entdeckung, die Ihre Sicht auf Transsilvanien ver\u00e4ndern wird<\/h2>\n<p>Vergessen Sie den Dracula-Mythos. Das wahre Transsilvanien offenbart sich in Bra\u0219ov als faszinierendes Zusammenspiel deutscher und rum\u00e4nischer Kultur. Mit seiner einzigartigen Architektur, lebendigen Festivals und versteckten s\u00e4chsischen Traditionen bietet Bra\u0219ov 2025 <strong>eine authentische Alternative zu \u00fcberlaufenen osteurop\u00e4ischen Destinationen<\/strong>. Entdecken Sie selbst, warum Historiker und Kulturliebhaber Bra\u0219ov als das bestgeh\u00fctete Geheimnis Rum\u00e4niens bezeichnen \u2013 bevor der Rest der Welt es tut.<\/p>\n","protected":false},"excerpt":{"rendered":"<p>Vergessen Sie alles, was Sie \u00fcber Transsilvanien zu wissen glaubten. Bra\u0219ov, diese 283.985-Einwohner Stadt im Herzen Rum\u00e4niens, entlarvt den Dracula-Mythos und offenbart stattdessen ein faszinierendes St\u00fcck deutscher Geschichte. Seit 800 Jahren bewahrt die ehemalige Kronstadt ein reiches s\u00e4chsisches Erbe, das selbst eingefleischte Kulturreisende \u00fcberraschen wird. Warum Experten Bra\u0219ov als &#8222;Klein-N\u00fcrnberg der Karpaten&#8220; bezeichnen Entgegen der &#8230; <a title=\"Diese 283.985 Einwohner Stadt Transsilvaniens bewahrt Deutschlands vergessenes mittelalterliches Erbe seit 800 Jahren\" class=\"read-more\" href=\"https:\/\/www.journee-mondiale.com\/de\/diese-283-985-einwohner-stadt-transsilvaniens-bewahrt-deutschlands-vergessenes-mittelalterliches-erbe-seit-800-jahren\/\" aria-label=\"Mehr Informationen \u00fcber Diese 283.985 Einwohner Stadt Transsilvaniens bewahrt Deutschlands vergessenes mittelalterliches Erbe seit 800 Jahren\">Lire plus<\/a><\/p>\n","protected":false},"author":1,"featured_media":15770,"comment_status":"","ping_status":"","sticky":false,"template":"","format":"standard","meta":{"footnotes":""},"categories":[49],"tags":[],"class_list":["post-15771","post","type-post","status-publish","format-standard","has-post-thumbnail","hentry","category-reisen"],"acf":[],"_yoast_wpseo_primary_category":null,"_yoast_wpseo_title":null,"_yoast_wpseo_metadesc":null,"_links":{"self":[{"href":"https:\/\/www.journee-mondiale.com\/de\/wp-json\/wp\/v2\/posts\/15771","targetHints":{"allow":["GET"]}}],"collection":[{"href":"https:\/\/www.journee-mondiale.com\/de\/wp-json\/wp\/v2\/posts"}],"about":[{"href":"https:\/\/www.journee-mondiale.com\/de\/wp-json\/wp\/v2\/types\/post"}],"author":[{"embeddable":true,"href":"https:\/\/www.journee-mondiale.com\/de\/wp-json\/wp\/v2\/users\/1"}],"replies":[{"embeddable":true,"href":"https:\/\/www.journee-mondiale.com\/de\/wp-json\/wp\/v2\/comments?post=15771"}],"version-history":[{"count":0,"href":"https:\/\/www.journee-mondiale.com\/de\/wp-json\/wp\/v2\/posts\/15771\/revisions"}],"wp:featuredmedia":[{"embeddable":true,"href":"https:\/\/www.journee-mondiale.com\/de\/wp-json\/wp\/v2\/media\/15770"}],"wp:attachment":[{"href":"https:\/\/www.journee-mondiale.com\/de\/wp-json\/wp\/v2\/media?parent=15771"}],"wp:term":[{"taxonomy":"category","embeddable":true,"href":"https:\/\/www.journee-mondiale.com\/de\/wp-json\/wp\/v2\/categories?post=15771"},{"taxonomy":"post_tag","embeddable":true,"href":"https:\/\/www.journee-mondiale.com\/de\/wp-json\/wp\/v2\/tags?post=15771"}],"curies":[{"name":"wp","href":"https:\/\/api.w.org\/{rel}","templated":true}]}}