{"id":15769,"date":"2025-08-18T14:07:15","date_gmt":"2025-08-18T12:07:15","guid":{"rendered":"https:\/\/www.journee-mondiale.com\/de\/warum-deutsche-tiktok-stars-beim-apfelessig-trend-luegen\/"},"modified":"2025-08-18T14:07:15","modified_gmt":"2025-08-18T12:07:15","slug":"warum-deutsche-tiktok-stars-beim-apfelessig-trend-luegen","status":"publish","type":"post","link":"https:\/\/www.journee-mondiale.com\/de\/warum-deutsche-tiktok-stars-beim-apfelessig-trend-luegen\/","title":{"rendered":"Warum deutsche TikTok-Stars beim Apfelessig-Trend l\u00fcgen"},"content":{"rendered":"<p>Deutsche Instagram und TikTok explodieren f\u00f6rmlich mit <strong>Apfelessig-Abnehm-Videos<\/strong>, die Millionen Views sammeln. Influencer versprechen spektakul\u00e4re 6-8 Kilogramm Gewichtsverlust in nur 12 Wochen. Doch was zeigt die aktuelle Wissenschaft wirklich \u00fcber diesen viralen Gesundheitstrend?<\/p>\n<p>Als Heilpraktiker beobachte ich seit Monaten, wie sich <strong>soziale Medien und wissenschaftliche Realit\u00e4t<\/strong> bei diesem Thema dramatisch unterscheiden. Die Wahrheit liegt irgendwo dazwischen &#8211; faszinierend und ern\u00fcchternd zugleich.<\/p>\n<h2>Was deutsche Social Media \u00fcber Apfelessig verschweigen<\/h2>\n<p>Die virale <strong>libanesische Studie der Holy Spirit University<\/strong> dominiert derzeit deutsche Fitness-Accounts. 120 Probanden nahmen t\u00e4glich 5-15 Milliliter Apfelessig ein und verloren angeblich dramatisch an Gewicht. Die optimale Dosis: ein Essl\u00f6ffel auf 250 Milliliter Wasser, morgens auf n\u00fcchternen Magen.<\/p>\n<p>Doch kritische Forscher der Boise State University entdeckten <strong>statistische Unstimmigkeiten<\/strong> in den Daten. Die BMI-Verteilung zeigte ungew\u00f6hnliche H\u00e4ufungen, die Altersstruktur merkw\u00fcrdige L\u00fccken. Was Millionen Deutsche auf TikTok sehen, basiert m\u00f6glicherweise auf fehlerhaften Studiendaten.<\/p>\n<h2>Die biochemische Realit\u00e4t hinter dem Hype<\/h2>\n<p>Essigs\u00e4ure wird vom K\u00f6rper zu <strong>Kohlendioxid und Wasser umgewandelt<\/strong>. Die zur\u00fcckbleibenden Mineralstoffe k\u00f6nnen theoretisch alkalisch wirken und \u00dcbers\u00e4uerung vorbeugen. Doch der oft beworbene &#8222;Stoffwechsel-Turbo&#8220; am Morgen ist wissenschaftlich nicht belegt.<\/p>\n<p>Eine etablierte <strong>japanische Studie aus 2009<\/strong> zeigt deutlich bescheidenere Effekte als die viralen Social-Media-Versprechen. Teilnehmer mit essighaltigem Wasser nahmen zwar mehr ab als Placebo-Gruppen, aber ein dramatischer Gewichtsverlust allein durch Apfelessig konnte nicht nachgewiesen werden.<\/p>\n<p>Interessant ist, dass Deutsche m\u00f6glicherweise anders auf Essigs\u00e4ure reagieren als andere Bev\u00f6lkerungsgruppen. <a href=\"https:\/\/www.journee-mondiale.com\/de\/deutsche-verbrennen-300-kalorien-weniger-als-skandinavier\/\">Deutsche verbrennen 300 Kalorien weniger als Skandinavier<\/a>, was die Wirksamkeit von Stoffwechsel-Tricks grunds\u00e4tzlich beeinflusst.<\/p>\n<h2>Sichere Anwendung vs. Influencer-Empfehlungen<\/h2>\n<p>Deutsche Heilpraktiker empfehlen eine <strong>konservativere Herangehensweise<\/strong> als Social-Media-Trends. Zwei Teel\u00f6ffel Apfelessig auf ein Viertel Liter Wasser gelten als sicher. Bei empfindlichem Magen sollte zun\u00e4chst etwas gegessen und erst dann der verd\u00fcnnte Apfelessig getrunken werden.<\/p>\n<p>Die auf Instagram beworbene <strong>intensive Apfelessig-Kur<\/strong> &#8211; verd\u00fcnnter Essig anstelle von Hauptmahlzeiten \u00fcber mehrere Wochen &#8211; kann gef\u00e4hrlich werden. Unverd\u00fcnnter Apfelessig greift Magenschleimhaut, Speiser\u00f6hre und Zahnschmelz an. Bei Magenschmerzen muss die Anwendung sofort gestoppt werden.<\/p>\n<p>Viele Deutsche machen denselben Fehler wie beim Kalorienz\u00e4hlen. <a href=\"https:\/\/www.journee-mondiale.com\/de\/warum-kalorienzaehlen-ihren-stoffwechsel-dauerhaft-verlangsamt\/\">Warum Kalorienz\u00e4hlen ihren Stoffwechsel dauerhaft verlangsamt<\/a> zeigt, dass schnelle L\u00f6sungen oft nach hinten losgehen.<\/p>\n<h2>N\u00e4hrstoffwerte: Die ern\u00fcchternde Wahrheit<\/h2>\n<p>Der <strong>N\u00e4hrstoffgehalt von Apfelessig ist minimal<\/strong>. Bei der empfohlenen Tagesdosis von zwei Teel\u00f6ffeln betr\u00e4gt der Beta-Carotin-Gehalt nur 0,001 Milligramm. Naturtr\u00fcber, ungefilterter Apfelessig enth\u00e4lt mehr N\u00e4hrstoffe als klarer, aber insgesamt bleibt die Konzentration verschwindend gering.<\/p>\n<p>Deutsche Ern\u00e4hrungsexperten betonen: Nur wenige Apfelessig-Wirkungen sind wissenschaftlich belegt. Die Verwendung als W\u00fcrzmittel ist unproblematisch und kulinarisch wertvoll, aber die gesundheitlichen Versprechen beim regelm\u00e4\u00dfigen Trinken bleiben gr\u00f6\u00dftenteils unbewiesen.<\/p>\n<h2>Winter 2025: Realistische Erwartungen setzen<\/h2>\n<p>Die extreme Gewichtsabnahme von 6-8 Kilogramm in zw\u00f6lf Wochen, wie in sozialen Medien propagiert, ist <strong>wissenschaftlich nicht fundiert<\/strong>. Moderate Anwendung mit zwei Teel\u00f6ffeln t\u00e4glich in Wasser verd\u00fcnnt kann als erg\u00e4nzende Ma\u00dfnahme sinnvoll sein, sollte aber nicht als Wundermittel betrachtet werden.<\/p>\n<p>Wer nachhaltig abnehmen m\u00f6chte, findet in traditionellen Ans\u00e4tzen oft bessere L\u00f6sungen. <a href=\"https:\/\/www.journee-mondiale.com\/de\/diese-steinzeit-diaet-besiegt-moderne-ernaehrungsregeln-in-12-wochen\/\">Diese Steinzeit-Di\u00e4t besiegt moderne Ern\u00e4hrungsregeln in 12 Wochen<\/a> zeigt bew\u00e4hrte Alternativen zu viralen Trends.<\/p>\n<p>Die aktuelle Apfelessig-Euphorie basiert auf einer methodisch fragw\u00fcrdigen Studie. Deutsche sollten <strong>kritisch hinterfragen<\/strong>, was Millionen-Views auf Social Media versprechen, und sich auf wissenschaftlich fundierte, moderate Anwendung konzentrieren.<\/p>\n","protected":false},"excerpt":{"rendered":"<p>Deutsche Instagram und TikTok explodieren f\u00f6rmlich mit Apfelessig-Abnehm-Videos, die Millionen Views sammeln. Influencer versprechen spektakul\u00e4re 6-8 Kilogramm Gewichtsverlust in nur 12 Wochen. Doch was zeigt die aktuelle Wissenschaft wirklich \u00fcber diesen viralen Gesundheitstrend? Als Heilpraktiker beobachte ich seit Monaten, wie sich soziale Medien und wissenschaftliche Realit\u00e4t bei diesem Thema dramatisch unterscheiden. Die Wahrheit liegt irgendwo &#8230; <a title=\"Warum deutsche TikTok-Stars beim Apfelessig-Trend l\u00fcgen\" class=\"read-more\" href=\"https:\/\/www.journee-mondiale.com\/de\/warum-deutsche-tiktok-stars-beim-apfelessig-trend-luegen\/\" aria-label=\"Mehr Informationen \u00fcber Warum deutsche TikTok-Stars beim Apfelessig-Trend l\u00fcgen\">Lire plus<\/a><\/p>\n","protected":false},"author":1,"featured_media":15768,"comment_status":"","ping_status":"","sticky":false,"template":"","format":"standard","meta":{"footnotes":""},"categories":[8],"tags":[],"class_list":["post-15769","post","type-post","status-publish","format-standard","has-post-thumbnail","hentry","category-gesundheit"],"acf":[],"_yoast_wpseo_primary_category":null,"_yoast_wpseo_title":null,"_yoast_wpseo_metadesc":null,"_links":{"self":[{"href":"https:\/\/www.journee-mondiale.com\/de\/wp-json\/wp\/v2\/posts\/15769","targetHints":{"allow":["GET"]}}],"collection":[{"href":"https:\/\/www.journee-mondiale.com\/de\/wp-json\/wp\/v2\/posts"}],"about":[{"href":"https:\/\/www.journee-mondiale.com\/de\/wp-json\/wp\/v2\/types\/post"}],"author":[{"embeddable":true,"href":"https:\/\/www.journee-mondiale.com\/de\/wp-json\/wp\/v2\/users\/1"}],"replies":[{"embeddable":true,"href":"https:\/\/www.journee-mondiale.com\/de\/wp-json\/wp\/v2\/comments?post=15769"}],"version-history":[{"count":0,"href":"https:\/\/www.journee-mondiale.com\/de\/wp-json\/wp\/v2\/posts\/15769\/revisions"}],"wp:featuredmedia":[{"embeddable":true,"href":"https:\/\/www.journee-mondiale.com\/de\/wp-json\/wp\/v2\/media\/15768"}],"wp:attachment":[{"href":"https:\/\/www.journee-mondiale.com\/de\/wp-json\/wp\/v2\/media?parent=15769"}],"wp:term":[{"taxonomy":"category","embeddable":true,"href":"https:\/\/www.journee-mondiale.com\/de\/wp-json\/wp\/v2\/categories?post=15769"},{"taxonomy":"post_tag","embeddable":true,"href":"https:\/\/www.journee-mondiale.com\/de\/wp-json\/wp\/v2\/tags?post=15769"}],"curies":[{"name":"wp","href":"https:\/\/api.w.org\/{rel}","templated":true}]}}