{"id":15759,"date":"2025-08-18T07:05:41","date_gmt":"2025-08-18T05:05:41","guid":{"rendered":"https:\/\/www.journee-mondiale.com\/de\/was-riedstadts-23-300-einwohner-ueber-georg-buechners-literarisches-erbe-und-8-000-hektar-auenlandschaft-nur-kulturfans-verraten\/"},"modified":"2025-08-18T07:05:41","modified_gmt":"2025-08-18T05:05:41","slug":"was-riedstadts-23-300-einwohner-ueber-georg-buechners-literarisches-erbe-und-8-000-hektar-auenlandschaft-nur-kulturfans-verraten","status":"publish","type":"post","link":"https:\/\/www.journee-mondiale.com\/de\/was-riedstadts-23-300-einwohner-ueber-georg-buechners-literarisches-erbe-und-8-000-hektar-auenlandschaft-nur-kulturfans-verraten\/","title":{"rendered":"Was Riedstadts 23.300 Einwohner \u00fcber Georg B\u00fcchners literarisches Erbe und 8.000 Hektar Auenlandschaft nur Kulturfans verraten"},"content":{"rendered":"<p>Entdecken Sie eine literarische Oase, die den Mythos der Gro\u00dfstadt-Kultur widerlegt. In Riedstadt, einer 23.300-Einwohner-Stadt im Herzen Hessens, enth\u00fcllt sich eine <strong>unerwartete Verbindung zwischen Literaturgeschichte und unber\u00fchrter Natur<\/strong>. Hier, wo der revolution\u00e4re Dramatiker Georg B\u00fcchner vor 197 Jahren das Licht der Welt erblickte, bewahrt eine engagierte Gemeinschaft nicht nur ein bedeutendes kulturelles Erbe, sondern auch ein 8.000 Hektar gro\u00dfes Naturwunder.<\/p>\n<h2>Wie Riedstadt den Mythos der Gro\u00dfstadt-Kultur entlarvt<\/h2>\n<p>Entgegen der weit verbreiteten Annahme, dass kulturelle Bedeutung nur in Metropolen zu finden sei, beweist Riedstadt das Gegenteil. Das Georg-B\u00fcchner-Geburtshaus, ein bescheidenes Fachwerkgeb\u00e4ude aus dem Jahr 1665, zieht j\u00e4hrlich \u00fcber <strong>2.000 Besucher aus aller Welt an<\/strong>. Wissenschaftliche Studien belegen: Kleinere St\u00e4dte wie Riedstadt spielen eine <strong>zunehmend wichtige Rolle in der Bewahrung und Vermittlung literarischen Erbes<\/strong>.<\/p>\n<h2>Das verborgene Juwel: B\u00fcchners Geburtshaus als lebendiges Museum<\/h2>\n<p>Im Herzen von Riedstadt-Goddelau offenbart sich ein literarisches Kleinod, das selbst eingefleischte Kulturkenner \u00fcberrascht. Das B\u00fcchnerhaus, seit 2019 offiziell als &#8222;B\u00fcchnerstadt&#8220; gew\u00fcrdigt, bietet mehr als nur historische Artefakte. <strong>Eine innovative Dauerausstellung &#8222;Von Goddelau zur Weltb\u00fchne&#8220;<\/strong> nutzt modernste Museumstechniken, um B\u00fcchners Leben und Werk erlebbar zu machen. Besucher tauchen ein in die Welt des jungen Revolution\u00e4rs, dessen Worte noch heute die Theaterb\u00fchnen der Welt erobern.<\/p>\n<h2>Naturwunder trifft Literaturgeschichte: Eine einzigartige Symbiose<\/h2>\n<p>Was Riedstadt wirklich einzigartig macht, ist die unmittelbare N\u00e4he zum <strong>gr\u00f6\u00dften zusammenh\u00e4ngenden Auen-Naturschutzgebiet Mitteleuropas<\/strong>. Die K\u00fchkopf-Knoblochsaue, ein 8.000 Hektar gro\u00dfes Paradies f\u00fcr Naturliebhaber, liegt nur einen Steinwurf vom B\u00fcchnerhaus entfernt. Hier verschmelzen Kultur und Natur zu einem <a href=\"https:\/\/www.journee-mondiale.com\/de\/was-assmannshausens-920-einwohner-nur-ihren-engsten-freunden-ueber-den-geheimen-spaetburgunder-seit-9-jahrhunderten-verraten\/\">einzigartigen Erlebnis, das selbst erfahrene Reisende in Erstaunen versetzt<\/a>.<\/p>\n<h2>Insider-Tipps: Verborgene Sch\u00e4tze, die nur Einheimische kennen<\/h2>\n<p>Abseits der bekannten Pfade verbergen sich Geheimnisse, die nur Ortskundige kennen. Die B\u00fcchnerB\u00fchne, ein professionelles Theater unter der Leitung des in Goddelau geborenen Christian Suhr, bringt B\u00fcchners Werke mit innovativen Inszenierungen zum Leben. Im August 2025 erwarten Besucher <strong>exklusive Open-Air-Auff\u00fchrungen im Auengebiet<\/strong> \u2013 ein Erlebnis, das Literatur und Natur auf einzigartige Weise verbindet.<\/p>\n<h2>Warum Riedstadt die Kulturlandschaft revolutioniert<\/h2>\n<p>Die Kombination aus literarischem Erbe und Naturschutz macht Riedstadt zu einem Vorreiter im nachhaltigen Kulturtourismus. \u00c4hnlich wie <a href=\"https:\/\/www.journee-mondiale.com\/de\/deutschlands-groesste-jugendstil-schatzkammer-nennen-diese-132300-einwohner-seit-1900-ihre-fraenkische-heimat\/\">andere versteckte Kulturperlen in Deutschland<\/a> zeigt Riedstadt, dass bedeutende kulturelle Beitr\u00e4ge nicht auf Gro\u00dfst\u00e4dte beschr\u00e4nkt sind. Die Stadt beweist, dass <strong>authentische Kulturerlebnisse oft in unerwarteten Ecken zu finden sind<\/strong>.<\/p>\n<h2>Ein Blick in die Zukunft: Riedstadts kulturelle Renaissance<\/h2>\n<p>Experten prognostizieren f\u00fcr Riedstadt eine bl\u00fchende Zukunft als Kulturdestination. Die Verbindung von Literatur und Natur entspricht dem wachsenden Trend zu nachhaltigen und bildungsorientierten Reiseerlebnissen. Geplante Erweiterungen des B\u00fcchnerhauses und <strong>innovative digitale F\u00fchrungen durch die Auenlandschaft<\/strong> versprechen, Riedstadt bis 2030 zu einem Leuchtturm der deutschen Kulturlandschaft zu machen.<\/p>\n<p>Riedstadt beweist eindrucksvoll, dass kulturelle Sch\u00e4tze oft dort zu finden sind, wo man sie am wenigsten erwartet. In einer Zeit, in der Authentizit\u00e4t und Nachhaltigkeit im Tourismus immer wichtiger werden, bietet diese <a href=\"https:\/\/www.journee-mondiale.com\/de\/dieser-1605-einwohner-ort-verteilt-4-majestaetische-gutshoefe-ueber-4576-quadratkilometer-unberuehrte-ostsee-landschaft\/\">kleine Stadt mit gro\u00dfem kulturellem Erbe<\/a> ein Modell f\u00fcr die Zukunft des Kulturtourismus. Entdecken Sie selbst, wie Riedstadt den Mythos der Gro\u00dfstadt-Kultur widerlegt und eine neue \u00c4ra des literarischen Tourismus einl\u00e4utet.<\/p>\n","protected":false},"excerpt":{"rendered":"<p>Entdecken Sie eine literarische Oase, die den Mythos der Gro\u00dfstadt-Kultur widerlegt. In Riedstadt, einer 23.300-Einwohner-Stadt im Herzen Hessens, enth\u00fcllt sich eine unerwartete Verbindung zwischen Literaturgeschichte und unber\u00fchrter Natur. Hier, wo der revolution\u00e4re Dramatiker Georg B\u00fcchner vor 197 Jahren das Licht der Welt erblickte, bewahrt eine engagierte Gemeinschaft nicht nur ein bedeutendes kulturelles Erbe, sondern auch &#8230; <a title=\"Was Riedstadts 23.300 Einwohner \u00fcber Georg B\u00fcchners literarisches Erbe und 8.000 Hektar Auenlandschaft nur Kulturfans verraten\" class=\"read-more\" href=\"https:\/\/www.journee-mondiale.com\/de\/was-riedstadts-23-300-einwohner-ueber-georg-buechners-literarisches-erbe-und-8-000-hektar-auenlandschaft-nur-kulturfans-verraten\/\" aria-label=\"Mehr Informationen \u00fcber Was Riedstadts 23.300 Einwohner \u00fcber Georg B\u00fcchners literarisches Erbe und 8.000 Hektar Auenlandschaft nur Kulturfans verraten\">Lire plus<\/a><\/p>\n","protected":false},"author":1,"featured_media":15758,"comment_status":"","ping_status":"","sticky":false,"template":"","format":"standard","meta":{"footnotes":""},"categories":[49],"tags":[],"class_list":["post-15759","post","type-post","status-publish","format-standard","has-post-thumbnail","hentry","category-reisen"],"acf":[],"_yoast_wpseo_primary_category":null,"_yoast_wpseo_title":null,"_yoast_wpseo_metadesc":null,"_links":{"self":[{"href":"https:\/\/www.journee-mondiale.com\/de\/wp-json\/wp\/v2\/posts\/15759","targetHints":{"allow":["GET"]}}],"collection":[{"href":"https:\/\/www.journee-mondiale.com\/de\/wp-json\/wp\/v2\/posts"}],"about":[{"href":"https:\/\/www.journee-mondiale.com\/de\/wp-json\/wp\/v2\/types\/post"}],"author":[{"embeddable":true,"href":"https:\/\/www.journee-mondiale.com\/de\/wp-json\/wp\/v2\/users\/1"}],"replies":[{"embeddable":true,"href":"https:\/\/www.journee-mondiale.com\/de\/wp-json\/wp\/v2\/comments?post=15759"}],"version-history":[{"count":0,"href":"https:\/\/www.journee-mondiale.com\/de\/wp-json\/wp\/v2\/posts\/15759\/revisions"}],"wp:featuredmedia":[{"embeddable":true,"href":"https:\/\/www.journee-mondiale.com\/de\/wp-json\/wp\/v2\/media\/15758"}],"wp:attachment":[{"href":"https:\/\/www.journee-mondiale.com\/de\/wp-json\/wp\/v2\/media?parent=15759"}],"wp:term":[{"taxonomy":"category","embeddable":true,"href":"https:\/\/www.journee-mondiale.com\/de\/wp-json\/wp\/v2\/categories?post=15759"},{"taxonomy":"post_tag","embeddable":true,"href":"https:\/\/www.journee-mondiale.com\/de\/wp-json\/wp\/v2\/tags?post=15759"}],"curies":[{"name":"wp","href":"https:\/\/api.w.org\/{rel}","templated":true}]}}