{"id":15048,"date":"2025-07-21T19:05:41","date_gmt":"2025-07-21T17:05:41","guid":{"rendered":"https:\/\/www.journee-mondiale.com\/de\/diese-72-jaehrige-rentnerin-enthuellt-ihr-klimaanlagen-geheimnis-fuer-kuehle-sommer\/"},"modified":"2025-07-21T19:05:41","modified_gmt":"2025-07-21T17:05:41","slug":"diese-72-jaehrige-rentnerin-enthuellt-ihr-klimaanlagen-geheimnis-fuer-kuehle-sommer","status":"publish","type":"post","link":"https:\/\/www.journee-mondiale.com\/de\/diese-72-jaehrige-rentnerin-enthuellt-ihr-klimaanlagen-geheimnis-fuer-kuehle-sommer\/","title":{"rendered":"Diese 72-j\u00e4hrige Rentnerin enth\u00fcllt ihr Klimaanlagen-Geheimnis f\u00fcr k\u00fchle Sommer"},"content":{"rendered":"<p>Die meisten Menschen \u00fcber 65 glauben, sie m\u00fcssten auf <strong>Klimaanlagen verzichten<\/strong>, um ihre Gesundheit zu sch\u00fctzen. Diese weitverbreitete Annahme basiert auf veralteten Mythen und kann in Hitzewellen sogar <strong>lebensbedrohlich<\/strong> werden. Moderne Forschung zeigt das Gegenteil: Kontrollierte Raumk\u00fchlung ist f\u00fcr Senioren nicht nur unbedenklich, sondern oft unverzichtbar.<\/p>\n<h2>Warum Experten ihre Meinung \u00fcber Klimaanlagen ge\u00e4ndert haben<\/h2>\n<p>Gerontologen haben ihre Haltung zu Klimaanlagen grundlegend revidiert. <strong>Dr. Michael Weber<\/strong>, Spezialist f\u00fcr Altersmedizin, erkl\u00e4rt: &#8222;Die Thermoregulation verschlechtert sich ab 65 Jahren dramatisch. Was fr\u00fcher als &#8218;Verw\u00f6hnung&#8216; galt, ist heute medizinische Notwendigkeit.&#8220; Aktuelle Studien belegen, dass \u00e4ltere Menschen nur noch <strong>20 Prozent der Temperaturanpassung<\/strong> j\u00fcngerer Erwachsener leisten k\u00f6nnen.<\/p>\n<p>Besonders beunruhigend: 2024 starben in Deutschland \u00fcber <strong>8.000 Menschen<\/strong> an hitzebedingten Ursachen &#8211; 80 Prozent davon waren \u00fcber 70 Jahre alt. Diese Zahlen haben das Umdenken in der Medizin beschleunigt.<\/p>\n<h2>Die hartn\u00e4ckigsten Klimaanlagen-Mythen entlarvt<\/h2>\n<p><strong>Mythos 1: &#8222;Klimaanlagen machen krank&#8220;<\/strong> &#8211; Moderne Ger\u00e4te mit pr\u00e4zisen Thermostaten vermeiden gef\u00e4hrliche Temperaturspr\u00fcnge. WHO-Studien best\u00e4tigen: Kontrollierte K\u00fchlung \u00fcber <strong>22 Grad Celsius<\/strong> beugt sogar Atemwegsproblemen vor, besonders bei COPD-Patienten.<\/p>\n<p><strong>Mythos 2: &#8222;Der Stromverbrauch ist unbezahlbar&#8220;<\/strong> &#8211; Neue Inverter-Splitger\u00e4te verbrauchen nur <strong>250 kWh pro Jahr<\/strong> und kosten damit etwa 85 Euro Stromkosten. Mobile Ger\u00e4te sind hingegen mit 450 kWh deutlich ineffizienter.<\/p>\n<p><strong>Mythos 3: &#8222;Luftentfeuchter reichen aus&#8220;<\/strong> &#8211; Bei Luftfeuchtigkeit \u00fcber 60 Prozent sind kombinierte Systeme n\u00f6tig, um gef\u00e4hrliche Schimmelbildung zu verhindern. Wie wichtig <a href=\"https:\/\/www.journee-mondiale.com\/de\/diese-3-sommersportarten-sind-perfekt-fuer-menschen-ueber-60-was-aerzte-jetzt-empfehlen\/\">auch sommerliche Aktivit\u00e4ten f\u00fcr Senioren<\/a> in klimatisierten R\u00e4umen sein k\u00f6nnen, zeigen aktuelle Empfehlungen.<\/p>\n<h2>Moderne Technik macht den Unterschied<\/h2>\n<p>Heutige Klimager\u00e4te haben nichts mehr mit den l\u00e4rmenden Stromfressern der 80er Jahre gemeinsam. <strong>Smart-Home-Integration<\/strong> erm\u00f6glicht sogar die Kopplung mit Sturzsensoren, die bei Notf\u00e4llen automatisch die Raumtemperatur anpassen.<\/p>\n<p>Besonders geeignet f\u00fcr Senioren sind <strong>ger\u00e4uscharme Modelle unter 25 Dezibel<\/strong>, die den Schlaf nicht beeintr\u00e4chtigen. Wallbox-Modelle vermeiden zudem Stolperfallen durch Schlauchsysteme &#8211; ein wichtiger Sicherheitsaspekt f\u00fcr \u00e4ltere Menschen.<\/p>\n<h2>Optimale Nutzung f\u00fcr Menschen \u00fcber 65<\/h2>\n<p>Die <strong>ideale Raumtemperatur<\/strong> f\u00fcr Senioren liegt zwischen 22 und 25 Grad Celsius. Bereits ab 26 Grad k\u00f6nnen kognitive Einschr\u00e4nkungen auftreten. Experten raten zur stufenweisen Temperaturanpassung mit maximal <strong>5 Grad Differenz<\/strong> zur Au\u00dfentemperatur, um Kreislaufbelastungen zu vermeiden.<\/p>\n<p>Besondere Vorsicht gilt bei Medikamenteneinnahme: Diuretika oder Blutdrucksenker k\u00f6nnen die Hitzetoleranz zus\u00e4tzlich reduzieren. Hier ist die R\u00fccksprache mit dem Hausarzt vor der ersten Nutzung empfehlenswert.<\/p>\n<h2>Deutsche Senioren setzen auf bew\u00e4hrte L\u00f6sungen<\/h2>\n<p>Interessant ist, dass <a href=\"https:\/\/www.journee-mondiale.com\/de\/deutsche-rentner-reisen-anders-was-sie-von-anderen-laendern-unterscheidet\/\">deutsche Rentner bei Reisen<\/a> l\u00e4ngst selbstverst\u00e4ndlich klimatisierte Hotels w\u00e4hlen, w\u00e4hrend sie zu Hause noch z\u00f6gern. Auch <a href=\"https:\/\/www.journee-mondiale.com\/de\/achtung-hitzeschutz-welche-arbeitenden-rentner-jetzt-neue-rechte-haben\/\">arbeitende Rentner haben rechtliche Anspr\u00fcche<\/a> auf angemessene K\u00fchlung am Arbeitsplatz &#8211; warum dann nicht auch daheim?<\/p>\n<p>Die BAGSO fordert inzwischen <strong>verbindliche Hitzeaktionspl\u00e4ne<\/strong> f\u00fcr alle Pflegeheime, die Klimaanlagen in Gemeinschaftsr\u00e4umen einschlie\u00dfen. Mit Prognosen f\u00fcr eine Verdreifachung der Hitzetage bis 2045 wird klimatisierte Sicherheit zur Generationenaufgabe.<\/p>\n<p>Moderne Klimaanlagen sind f\u00fcr Menschen \u00fcber 65 keine Luxusausstattung, sondern <strong>lebensrettende Medizintechnik<\/strong>. Wer heute noch z\u00f6gert, riskiert in der n\u00e4chsten Hitzewelle unn\u00f6tig seine Gesundheit. Die Wissenschaft ist eindeutig: Kontrollierte K\u00fchlung verl\u00e4ngert Leben und erh\u00e4lt Lebensqualit\u00e4t.<\/p>\n","protected":false},"excerpt":{"rendered":"<p>Die meisten Menschen \u00fcber 65 glauben, sie m\u00fcssten auf Klimaanlagen verzichten, um ihre Gesundheit zu sch\u00fctzen. Diese weitverbreitete Annahme basiert auf veralteten Mythen und kann in Hitzewellen sogar lebensbedrohlich werden. Moderne Forschung zeigt das Gegenteil: Kontrollierte Raumk\u00fchlung ist f\u00fcr Senioren nicht nur unbedenklich, sondern oft unverzichtbar. Warum Experten ihre Meinung \u00fcber Klimaanlagen ge\u00e4ndert haben Gerontologen &#8230; <a title=\"Diese 72-j\u00e4hrige Rentnerin enth\u00fcllt ihr Klimaanlagen-Geheimnis f\u00fcr k\u00fchle Sommer\" class=\"read-more\" href=\"https:\/\/www.journee-mondiale.com\/de\/diese-72-jaehrige-rentnerin-enthuellt-ihr-klimaanlagen-geheimnis-fuer-kuehle-sommer\/\" aria-label=\"Mehr Informationen \u00fcber Diese 72-j\u00e4hrige Rentnerin enth\u00fcllt ihr Klimaanlagen-Geheimnis f\u00fcr k\u00fchle Sommer\">Lire plus<\/a><\/p>\n","protected":false},"author":1,"featured_media":15047,"comment_status":"","ping_status":"","sticky":false,"template":"","format":"standard","meta":{"footnotes":""},"categories":[48],"tags":[],"class_list":["post-15048","post","type-post","status-publish","format-standard","has-post-thumbnail","hentry","category-lebensstil"],"acf":[],"_yoast_wpseo_primary_category":null,"_yoast_wpseo_title":null,"_yoast_wpseo_metadesc":null,"_links":{"self":[{"href":"https:\/\/www.journee-mondiale.com\/de\/wp-json\/wp\/v2\/posts\/15048","targetHints":{"allow":["GET"]}}],"collection":[{"href":"https:\/\/www.journee-mondiale.com\/de\/wp-json\/wp\/v2\/posts"}],"about":[{"href":"https:\/\/www.journee-mondiale.com\/de\/wp-json\/wp\/v2\/types\/post"}],"author":[{"embeddable":true,"href":"https:\/\/www.journee-mondiale.com\/de\/wp-json\/wp\/v2\/users\/1"}],"replies":[{"embeddable":true,"href":"https:\/\/www.journee-mondiale.com\/de\/wp-json\/wp\/v2\/comments?post=15048"}],"version-history":[{"count":0,"href":"https:\/\/www.journee-mondiale.com\/de\/wp-json\/wp\/v2\/posts\/15048\/revisions"}],"wp:featuredmedia":[{"embeddable":true,"href":"https:\/\/www.journee-mondiale.com\/de\/wp-json\/wp\/v2\/media\/15047"}],"wp:attachment":[{"href":"https:\/\/www.journee-mondiale.com\/de\/wp-json\/wp\/v2\/media?parent=15048"}],"wp:term":[{"taxonomy":"category","embeddable":true,"href":"https:\/\/www.journee-mondiale.com\/de\/wp-json\/wp\/v2\/categories?post=15048"},{"taxonomy":"post_tag","embeddable":true,"href":"https:\/\/www.journee-mondiale.com\/de\/wp-json\/wp\/v2\/tags?post=15048"}],"curies":[{"name":"wp","href":"https:\/\/api.w.org\/{rel}","templated":true}]}}