{"id":15010,"date":"2025-07-20T11:05:15","date_gmt":"2025-07-20T09:05:15","guid":{"rendered":"https:\/\/www.journee-mondiale.com\/de\/diese-269-000-einwohner-region-widerlegt-deutschlands-klimamythos-mit-10-grad-waermeren-fruehlingstemperaturen-als-die-mosel\/"},"modified":"2025-07-20T11:05:15","modified_gmt":"2025-07-20T09:05:15","slug":"diese-269-000-einwohner-region-widerlegt-deutschlands-klimamythos-mit-10-grad-waermeren-fruehlingstemperaturen-als-die-mosel","status":"publish","type":"post","link":"https:\/\/www.journee-mondiale.com\/de\/diese-269-000-einwohner-region-widerlegt-deutschlands-klimamythos-mit-10-grad-waermeren-fruehlingstemperaturen-als-die-mosel\/","title":{"rendered":"Diese 269.000-Einwohner Region widerlegt Deutschlands Klimamythos mit 10 Grad w\u00e4rmeren Fr\u00fchlingstemperaturen als die Mosel"},"content":{"rendered":"<p>Seit 1992 enth\u00fcllt die Bergstra\u00dfe ein faszinierendes klimatisches Geheimnis: Mit <strong>durchschnittlich 10\u00b0C h\u00f6heren Fr\u00fchlingstemperaturen als die Mosel<\/strong> widerlegt diese 269.000-Einwohner-Region den Mythos einheitlicher deutscher Klimazonen. Wissenschaftliche Daten des Deutschen Wetterdienstes belegen diese \u00fcberraschende Realit\u00e4t, die Weinbau und Tourismus revolutioniert.<\/p>\n<h2>Das mediterrane Mikroklima der Bergstra\u00dfe: Ein wissenschaftliches Ph\u00e4nomen<\/h2>\n<p>Entgegen der landl\u00e4ufigen Meinung \u00fcber deutsche Weinregionen zeigt die Bergstra\u00dfe ein einzigartiges Mikroklima. <strong>Mit \u00fcber 1.800 Sonnenstunden j\u00e4hrlich und Durchschnittstemperaturen von 16-18\u00b0C w\u00e4hrend der Vegetationsperiode<\/strong> \u00fcbertrifft sie selbst renommierte Weinbaugebiete wie Mosel und Rheingau. Diese klimatische Besonderheit hat weitreichende Auswirkungen auf Weinbau, Natur und Lebensqualit\u00e4t in der Region.<\/p>\n<h2>Weinbau im Wandel: Wie das Klima die Trauben transformiert<\/h2>\n<p>Die l\u00e4ngere Vegetationsperiode und h\u00f6heren Temperaturen ver\u00e4ndern den Weinanbau an der Bergstra\u00dfe grundlegend. Winzer berichten von intensiveren Aromen und einer ausgepr\u00e4gteren S\u00e4urestruktur in ihren Weinen. <strong>Besonders Burgundersorten profitieren von den mediterranen Bedingungen<\/strong>, was zu einer Qualit\u00e4tssteigerung f\u00fchrt. Ein lokaler Winzer aus Heppenheim erkl\u00e4rt: &#8222;Die fr\u00fchere Lese erlaubt es uns, Trauben mit optimaler PH-Balance zu ernten, was unseren Weinen eine einzigartige Komplexit\u00e4t verleiht.&#8220;<\/p>\n<h2>Tourismus im Aufschwung: Mediterrane Erlebnisse in Deutschland<\/h2>\n<p>Das milde Klima macht die Bergstra\u00dfe zu einem attraktiven Reiseziel f\u00fcr Weinliebhaber und Naturfreunde. <strong>Ab M\u00e4rz locken Temperaturen \u00fcber 10\u00b0C Besucher in die bl\u00fchenden Weinberge<\/strong>. Die &#8222;Bergstra\u00dfen-Bl\u00fcte&#8220; im April verzeichnet einen Besucherzuwachs von 25% im Vergleich zu anderen Weinregionen. Innovative Projekte wie der Ausbau des Nibelungensteigs mit klimatisierten Raststationen und Weinerlebnis-Pfaden versprechen ab 2025 noch mehr touristische Attraktivit\u00e4t.<\/p>\n<h2>Kulinarische Revolution: Mediterrane Fr\u00fcchte treffen auf deutschen Wein<\/h2>\n<p>Das warme Mikroklima erm\u00f6glicht den Anbau von Fr\u00fcchten, die man sonst eher im Mittelmeerraum vermutet. <strong>Feigen und sogar Zitrusfr\u00fcchte gedeihen nun an der Bergstra\u00dfe<\/strong>, inspiriert von den Erfolgen in der benachbarten Pfalz. Innovative Winzer kombinieren diese Fr\u00fcchte in kreativen Degustationsmen\u00fcs mit lokalen Weinsorten wie Silvaner, was f\u00fcr ein einzigartiges kulinarisches Erlebnis sorgt.<\/p>\n<h2>Klimawandel als Chance: Nachhaltige Anpassungsstrategien<\/h2>\n<p>Die Bergstra\u00dfe nutzt ihre klimatische Sonderstellung, um sich als <strong>klimaresiliente Qualit\u00e4tsregion mit touristischem Mehrwert zu positionieren<\/strong>. Winzer setzen auf klimaneutrale Produktionsmethoden und werben mit dem Slogan &#8222;Deutschlands mediterrane Klimaoase&#8220;. Gleichzeitig stellen sich historische St\u00e4dte wie Bensheim mit innovativen Luftbefeuchtungssystemen den Herausforderungen der Trockenheit, um ihre wertvollen Fachwerkbauten zu sch\u00fctzen.<\/p>\n<p>Entdecken Sie die Bergstra\u00dfe \u2013 eine Region, die wissenschaftlich belegt den Klimamythos Deutschlands widerlegt und <strong>mediterrane Lebensart mit deutscher Weinkultur verbindet<\/strong>. Ob Weinverkostung, Radtour oder kulinarisches Abenteuer \u2013 hier erleben Sie ab 2025 ein St\u00fcck S\u00fcdeuropa mitten in Deutschland. Planen Sie Ihren Besuch idealerweise zwischen April und Juni f\u00fcr bezaubernde Bl\u00fctenwanderungen oder im Herbst zur Weinlese, um das einzigartige Mikroklima und seine Fr\u00fcchte in vollen Z\u00fcgen zu genie\u00dfen.<\/p>\n<p>F\u00fcr weitere faszinierende Entdeckungen in deutschen Weinregionen, erkunden Sie auch <a href=\"https:\/\/www.journee-mondiale.com\/de\/diese-pfaelzer-gemeinde-von-1669-einwohnern-bewahrt-seit-1981-toskanisches-flair-und-unesco-schaetze\/\">dieses toskanisch anmutende Dorf in der Pfalz<\/a> oder <a href=\"https:\/\/www.journee-mondiale.com\/de\/weniger-ueberlaufen-als-rheingau-bewahrt-diese-4-420-einwohner-stadt-deutschlands-noerdlichstes-weinjuwel-mit-1000-jaehriger-tradition\/\">Deutschlands n\u00f6rdlichstes Weinjuwel<\/a>. Und wenn Sie nach Abk\u00fchlung suchen, finden Sie Inspiration in <a href=\"https:\/\/www.journee-mondiale.com\/de\/stellen-sie-sich-vor-ihre-haut-spuert-10-grad-abkuehlung-auf-diesem-1-424-meter-franzoesischen-gipfel\/\">diesem erfrischenden franz\u00f6sischen Berggipfel<\/a>.<\/p>\n","protected":false},"excerpt":{"rendered":"<p>Seit 1992 enth\u00fcllt die Bergstra\u00dfe ein faszinierendes klimatisches Geheimnis: Mit durchschnittlich 10\u00b0C h\u00f6heren Fr\u00fchlingstemperaturen als die Mosel widerlegt diese 269.000-Einwohner-Region den Mythos einheitlicher deutscher Klimazonen. Wissenschaftliche Daten des Deutschen Wetterdienstes belegen diese \u00fcberraschende Realit\u00e4t, die Weinbau und Tourismus revolutioniert. Das mediterrane Mikroklima der Bergstra\u00dfe: Ein wissenschaftliches Ph\u00e4nomen Entgegen der landl\u00e4ufigen Meinung \u00fcber deutsche Weinregionen zeigt &#8230; <a title=\"Diese 269.000-Einwohner Region widerlegt Deutschlands Klimamythos mit 10 Grad w\u00e4rmeren Fr\u00fchlingstemperaturen als die Mosel\" class=\"read-more\" href=\"https:\/\/www.journee-mondiale.com\/de\/diese-269-000-einwohner-region-widerlegt-deutschlands-klimamythos-mit-10-grad-waermeren-fruehlingstemperaturen-als-die-mosel\/\" aria-label=\"Mehr Informationen \u00fcber Diese 269.000-Einwohner Region widerlegt Deutschlands Klimamythos mit 10 Grad w\u00e4rmeren Fr\u00fchlingstemperaturen als die Mosel\">Lire plus<\/a><\/p>\n","protected":false},"author":1,"featured_media":15009,"comment_status":"","ping_status":"","sticky":false,"template":"","format":"standard","meta":{"footnotes":""},"categories":[49],"tags":[],"class_list":["post-15010","post","type-post","status-publish","format-standard","has-post-thumbnail","hentry","category-reisen"],"acf":[],"_yoast_wpseo_primary_category":null,"_yoast_wpseo_title":null,"_yoast_wpseo_metadesc":null,"_links":{"self":[{"href":"https:\/\/www.journee-mondiale.com\/de\/wp-json\/wp\/v2\/posts\/15010","targetHints":{"allow":["GET"]}}],"collection":[{"href":"https:\/\/www.journee-mondiale.com\/de\/wp-json\/wp\/v2\/posts"}],"about":[{"href":"https:\/\/www.journee-mondiale.com\/de\/wp-json\/wp\/v2\/types\/post"}],"author":[{"embeddable":true,"href":"https:\/\/www.journee-mondiale.com\/de\/wp-json\/wp\/v2\/users\/1"}],"replies":[{"embeddable":true,"href":"https:\/\/www.journee-mondiale.com\/de\/wp-json\/wp\/v2\/comments?post=15010"}],"version-history":[{"count":0,"href":"https:\/\/www.journee-mondiale.com\/de\/wp-json\/wp\/v2\/posts\/15010\/revisions"}],"wp:featuredmedia":[{"embeddable":true,"href":"https:\/\/www.journee-mondiale.com\/de\/wp-json\/wp\/v2\/media\/15009"}],"wp:attachment":[{"href":"https:\/\/www.journee-mondiale.com\/de\/wp-json\/wp\/v2\/media?parent=15010"}],"wp:term":[{"taxonomy":"category","embeddable":true,"href":"https:\/\/www.journee-mondiale.com\/de\/wp-json\/wp\/v2\/categories?post=15010"},{"taxonomy":"post_tag","embeddable":true,"href":"https:\/\/www.journee-mondiale.com\/de\/wp-json\/wp\/v2\/tags?post=15010"}],"curies":[{"name":"wp","href":"https:\/\/api.w.org\/{rel}","templated":true}]}}