{"id":14927,"date":"2025-07-17T13:05:47","date_gmt":"2025-07-17T11:05:47","guid":{"rendered":"https:\/\/www.journee-mondiale.com\/de\/citroen-bekommt-konkurrenz-deutsche-elektro-ente-zum-kampfpreis\/"},"modified":"2025-07-17T13:05:47","modified_gmt":"2025-07-17T11:05:47","slug":"citroen-bekommt-konkurrenz-deutsche-elektro-ente-zum-kampfpreis","status":"publish","type":"post","link":"https:\/\/www.journee-mondiale.com\/de\/citroen-bekommt-konkurrenz-deutsche-elektro-ente-zum-kampfpreis\/","title":{"rendered":"Citro\u00ebn bekommt Konkurrenz: Deutsche Elektro-Ente zum Kampfpreis"},"content":{"rendered":"<p>Die franz\u00f6sische Automobillegende kehrt zur\u00fcck \u2013 aber anders als erwartet. W\u00e4hrend Nostalgiker von einem offiziellen <strong>Citro\u00ebn 2CV \u00e9lectrique<\/strong> tr\u00e4umen, zeigt die Realit\u00e4t 2025 ein faszinierendes Spiel zwischen Mythos und Moderne. Als Automobil-Experte enth\u00fclle ich, warum diese Geschichte deutscher Autofahrer mehr bewegt als jeder Tesla-Vergleich.<\/p>\n<p>Die Wahrheit \u00fcberrascht: <strong>Citro\u00ebn plant keinen elektrischen 2CV-Nachfolger<\/strong> f\u00fcr 2025. Designchef Pierre Leclercq best\u00e4tigte lediglich, dass die T\u00fcr f\u00fcr Retro-Designs &#8222;nicht geschlossen&#8220; sei \u2013 ausgel\u00f6st durch den Erfolg des Renault 5. Stattdessen entstehen in deutschen Werkst\u00e4tten wahre Elektro-Kunstwerke.<\/p>\n<h2>Die heimlichen Helden: Deutsche 2CV-Elektro-Pioniere<\/h2>\n<p>In Langg\u00f6ns arbeitet Garage 2CV seit 2013 an der <strong>&#8222;Akku-Ente&#8220;<\/strong> \u2013 einem stra\u00dfenzugelassenen Elektro-2CV mit T\u00dcV-Gutachten. Diese Umr\u00fcstungen erreichen 120-150 km Reichweite bei nur 10-15 kWh Akkukapazit\u00e4t. Das Geheimnis liegt im legend\u00e4ren Leergewicht unter 600 kg, das moderne Elektroautos nicht erreichen.<\/p>\n<p>Parallel entwickelt Lorey Maschinenbau CNC-gefertigte Umr\u00fcstkits mit deutscher EMV-Zertifizierung. Die Ladezeit betr\u00e4gt 3-6 Stunden bei 3,7-11 kW AC-Ladung \u2013 perfekt f\u00fcr den nostalgischen Tagesausflug. W\u00e4hrend <a href=\"https:\/\/www.journee-mondiale.com\/de\/tesla-bekommt-konkurrenz-neue-elektro-schnaeppchen-unter-25-000-euro-zum-kampfpreis\/\">Tesla-Konkurrenz unter 25.000 Euro<\/a> den Massenmarkt erobert, kostet eine E-2CV-Umr\u00fcstung ab 40.000 Euro.<\/p>\n<h2>Warum Citro\u00ebn den \u00eb-C3 statt 2CV-Revival w\u00e4hlt<\/h2>\n<p>Die Strategie ist klar: Der <strong>Citro\u00ebn \u00eb-C3<\/strong> ab 23.300 Euro mit 320 km Reichweite und 44 kWh Akku zielt auf urbane Nutzer. Produktionsstandort Slovakei, moderne Assistenzsysteme und Over-the-Air-Updates \u2013 das komplette Gegenteil zur minimalistischen 2CV-Philosophie.<\/p>\n<p>W\u00e4hrend Journalisten ein Retro-Revival fordern, betont Citro\u00ebns Designsprache &#8222;praktische Nachhaltigkeit&#8220;. Die &#8222;Oli&#8220;-Elemente wie waagrechte L\u00fcftungsschlitze und Textilbez\u00fcge sprechen eine andere Sprache als die gew\u00f6lbten Kotfl\u00fcgel der Originalente.<\/p>\n<h2>Der deutsche Markt zwischen Nostalgie und Realit\u00e4t<\/h2>\n<p>Deutsche Autofahrer zeigen gespaltene Reaktionen. <strong>Oldtimer-Sammler<\/strong> sch\u00e4tzen E-2CV-Umbauten als Lifestyle-Statement mit Steuerbefreiung. Praktiker bevorzugen moderne Alternativen wie den \u00eb-C3 oder warten auf <a href=\"https:\/\/www.journee-mondiale.com\/de\/begehrte-leasing-ruecklaeufer-bald-kommt-die-guenstige-7-sitzer-e-auto-schwemme-worauf-sie-warten-sollten\/\">g\u00fcnstige Leasing-R\u00fcckl\u00e4ufer<\/a> etablierter Elektromodelle.<\/p>\n<p>Die Zielgruppen unterscheiden sich fundamental: W\u00e4hrend <a href=\"https:\/\/www.journee-mondiale.com\/de\/diese-5-premium-elektroautos-schaffen-500km-trotz-sommerhitze-und-klimaanlage\/\">Premium-Elektroautos 500km Reichweite<\/a> f\u00fcr Langstrecken bieten, lockt die Elektro-Ente mit 120 km f\u00fcr emotionale Kurztrips.<\/p>\n<h3>H\u00e4ndlernetz-Realit\u00e4t: Spezialisierung statt Masse<\/h3>\n<p>F\u00fcr 2025 ist <strong>keine Integration elektrischer 2CV-Modelle<\/strong> in Citro\u00ebn-H\u00e4ndler geplant. Vertrieb und Support erfolgen durch spezialisierte Werkst\u00e4tten wie Garage 2CV, die sogar Probefahrten anbieten. Diese Nischenstrategie erkl\u00e4rt die Preisstruktur ab 40.000 Euro gegen\u00fcber 23.300 Euro f\u00fcr den \u00eb-C3.<\/p>\n<h2>Retro-EV-Trend: Europa zwischen Vergangenheit und Zukunft<\/h2>\n<p>Der europ\u00e4ische Markt zeigt starke Nachfrage nach elektrischen Retro-Modellen. Renault 5 ab 25.000 Euro mit 300 km Reichweite startet 2024 erfolgreich. Tesla Model 3 und VW ID.3 zielen mit \u00fcber 400 km Reichweite und Preisen \u00fcber 35.000 Euro auf ein anderes Marktsegment.<\/p>\n<p>Die <strong>Elektro-2CV-Umr\u00fcstung<\/strong> positioniert sich als Premiuml\u00f6sung f\u00fcr Enthusiasten \u2013 nicht als Alltagsauto. Diese Strategie erkl\u00e4rt, warum Citro\u00ebn offiziell auf neue Entwicklungen setzt statt auf Retro-Nostalgie.<\/p>\n<p>Die Legende lebt weiter \u2013 nur anders als erwartet. Deutsche Spezialwerkst\u00e4tten bewahren den 2CV-Mythos elektrisch, w\u00e4hrend Citro\u00ebn mit dem \u00eb-C3 die Zukunft erschwinglicher E-Mobilit\u00e4t gestaltet. F\u00fcr Nostalgiker bleibt die Elektro-Ente ein faszinierendes Nischensegment zwischen Vergangenheit und nachhaltiger Zukunft.<\/p>\n","protected":false},"excerpt":{"rendered":"<p>Die franz\u00f6sische Automobillegende kehrt zur\u00fcck \u2013 aber anders als erwartet. W\u00e4hrend Nostalgiker von einem offiziellen Citro\u00ebn 2CV \u00e9lectrique tr\u00e4umen, zeigt die Realit\u00e4t 2025 ein faszinierendes Spiel zwischen Mythos und Moderne. Als Automobil-Experte enth\u00fclle ich, warum diese Geschichte deutscher Autofahrer mehr bewegt als jeder Tesla-Vergleich. Die Wahrheit \u00fcberrascht: Citro\u00ebn plant keinen elektrischen 2CV-Nachfolger f\u00fcr 2025. Designchef &#8230; <a title=\"Citro\u00ebn bekommt Konkurrenz: Deutsche Elektro-Ente zum Kampfpreis\" class=\"read-more\" href=\"https:\/\/www.journee-mondiale.com\/de\/citroen-bekommt-konkurrenz-deutsche-elektro-ente-zum-kampfpreis\/\" aria-label=\"Mehr Informationen \u00fcber Citro\u00ebn bekommt Konkurrenz: Deutsche Elektro-Ente zum Kampfpreis\">Lire plus<\/a><\/p>\n","protected":false},"author":1,"featured_media":14926,"comment_status":"","ping_status":"","sticky":false,"template":"","format":"standard","meta":{"footnotes":""},"categories":[48],"tags":[],"class_list":["post-14927","post","type-post","status-publish","format-standard","has-post-thumbnail","hentry","category-lebensstil"],"acf":[],"_yoast_wpseo_primary_category":null,"_yoast_wpseo_title":null,"_yoast_wpseo_metadesc":null,"_links":{"self":[{"href":"https:\/\/www.journee-mondiale.com\/de\/wp-json\/wp\/v2\/posts\/14927","targetHints":{"allow":["GET"]}}],"collection":[{"href":"https:\/\/www.journee-mondiale.com\/de\/wp-json\/wp\/v2\/posts"}],"about":[{"href":"https:\/\/www.journee-mondiale.com\/de\/wp-json\/wp\/v2\/types\/post"}],"author":[{"embeddable":true,"href":"https:\/\/www.journee-mondiale.com\/de\/wp-json\/wp\/v2\/users\/1"}],"replies":[{"embeddable":true,"href":"https:\/\/www.journee-mondiale.com\/de\/wp-json\/wp\/v2\/comments?post=14927"}],"version-history":[{"count":0,"href":"https:\/\/www.journee-mondiale.com\/de\/wp-json\/wp\/v2\/posts\/14927\/revisions"}],"wp:featuredmedia":[{"embeddable":true,"href":"https:\/\/www.journee-mondiale.com\/de\/wp-json\/wp\/v2\/media\/14926"}],"wp:attachment":[{"href":"https:\/\/www.journee-mondiale.com\/de\/wp-json\/wp\/v2\/media?parent=14927"}],"wp:term":[{"taxonomy":"category","embeddable":true,"href":"https:\/\/www.journee-mondiale.com\/de\/wp-json\/wp\/v2\/categories?post=14927"},{"taxonomy":"post_tag","embeddable":true,"href":"https:\/\/www.journee-mondiale.com\/de\/wp-json\/wp\/v2\/tags?post=14927"}],"curies":[{"name":"wp","href":"https:\/\/api.w.org\/{rel}","templated":true}]}}