{"id":14860,"date":"2025-07-15T10:05:33","date_gmt":"2025-07-15T08:05:33","guid":{"rendered":"https:\/\/www.journee-mondiale.com\/de\/diese-polnische-34-kilometer-halbinsel-sammelt-215-prozent-mehr-instagram-posts-als-sylt-bei-nur-12-millionen-jahresbesuchern\/"},"modified":"2025-07-15T10:05:33","modified_gmt":"2025-07-15T08:05:33","slug":"diese-polnische-34-kilometer-halbinsel-sammelt-215-prozent-mehr-instagram-posts-als-sylt-bei-nur-12-millionen-jahresbesuchern","status":"publish","type":"post","link":"https:\/\/www.journee-mondiale.com\/de\/diese-polnische-34-kilometer-halbinsel-sammelt-215-prozent-mehr-instagram-posts-als-sylt-bei-nur-12-millionen-jahresbesuchern\/","title":{"rendered":"Diese polnische 34 Kilometer Halbinsel sammelt 215 Prozent mehr Instagram-Posts als Sylt bei nur 1,2 Millionen Jahresbesuchern"},"content":{"rendered":"<p>Die <strong>34 Kilometer lange Halbinsel Hel<\/strong> entwickelt sich zum Instagram-Star der polnischen Ostseek\u00fcste. W\u00e4hrend Sylt und R\u00fcgen von Touristen \u00fcberrannt werden, entdecken Reisende hier ein verstecktes Paradies f\u00fcr Kitesurfer und Naturliebhaber. Die schmale Landzunge bietet eine einzigartige Doppelk\u00fcste: Wellenreiche Str\u00e4nde zur offenen Ostsee und ruhige Lagunen zur Buchtseite &#8211; perfekt f\u00fcr atemberaubende Social-Media-Aufnahmen.<\/p>\n<h2>Von der Milit\u00e4rfestung zum Fotomotiv: Hels unerwartete Transformation<\/h2>\n<p>Noch vor 80 Jahren war die Halbinsel Hel ein streng bewachter Milit\u00e4rst\u00fctzpunkt. Heute pr\u00e4sentiert sie sich als <strong>fotogenes Naturjuwel mit 89 Kilometern K\u00fcstenlinie<\/strong>. Instagrammer schw\u00e4rmen von den malerischen Fischerd\u00f6rfern und endlosen Sandstr\u00e4nden. Besonders beliebt: Die von Wanderd\u00fcnen halb verschluckten Bunkeranlagen bei Jastarnia, die surreale Kulissen f\u00fcr Sonnenuntergangsfotos bieten.<\/p>\n<p>W\u00e4hrend <a href=\"https:\/\/www.journee-mondiale.com\/de\/ruhiger-als-ruegen-bewahrt-dieser-16-308-einwohner-kurort-seit-1875-polens-heilsame-solebaeder-an-der-ostseekueste\/\">andere polnische Ostseeb\u00e4der wie Ustka<\/a> auf Wellness setzen, profiliert sich Hel als Hotspot f\u00fcr Wassersportler. Mit \u00fcber 220 Windtagen im Jahr lockt die Halbinsel Kitesurfer aus ganz Europa an.<\/p>\n<h2>Kitesurfer-Paradies mit Instagram-Potenzial<\/h2>\n<p>Das Flachwasserparadies Cha\u0142upy begeistert mit seiner <strong>500 bis 1000 Meter breiten, knietiefenLagune<\/strong> Anf\u00e4nger wie Profis gleicherma\u00dfen. Erfahrene Kitesurfer finden an der Nordseite bei Jastarnia perfekte Wellenbedingungen. Die Kontraste zwischen Action im Wasser und idyllischen Fischerd\u00f6rfern sorgen f\u00fcr einzigartige Bildgeschichten in den sozialen Medien.<\/p>\n<p>Anders als <a href=\"https:\/\/www.journee-mondiale.com\/de\/dieser-bayerische-alpensee-auf-801-meter-hoehe-erreicht-23-grad-waehrend-andere-bergseen-noch-12-grad-haben\/\">\u00fcberf\u00fcllte Bergseen in den Alpen<\/a> bietet Hel selbst im Hochsommer noch Platz zum Atmen. Mit durchschnittlich 1,2 Millionen Besuchern pro Jahr ist die Halbinsel deutlich ruhiger als Sylt (3 Millionen) oder R\u00fcgen (4,8 Millionen).<\/p>\n<h2>Naturerlebnis trifft maritimes Erbe<\/h2>\n<p>Abseits der Str\u00e4nde verzaubern die <strong>Hel-D\u00fcnen mit schmalen Wanderpfaden durch Kiefernw\u00e4lder<\/strong>. Fotografen sch\u00e4tzen besonders die Panoramablicke \u00fcber beide K\u00fcstenlinien. In den authentischen Fischerd\u00f6rfern Cha\u0142upy und Ku\u017anica erleben Besucher maritime Traditionen hautnah: Rauchh\u00e4user bieten frisch ger\u00e4ucherten Ostsee-Dorsch, w\u00e4hrend in urigen Strandbars lokales Craft-Bier ausgeschenkt wird.<\/p>\n<h2>Soziale Medien entdecken Hels verborgene Sch\u00e4tze<\/h2>\n<p>Der Hashtag #HelPeninsula verzeichnet auf Instagram einen <strong>Anstieg von 215% seit 2023<\/strong>. Besonders beliebt: Sonnenuntergangsaufnahmen an der Sunset-Bucht bei Jurata mit pastellfarbenen Himmeln \u00fcber der Danziger Bucht. Die Kontraste zwischen historischen Fischerbooten und modernen Kitesurfern in den H\u00e4fen sorgen f\u00fcr virale Bildmotive.<\/p>\n<p>W\u00e4hrend <a href=\"https:\/\/www.journee-mondiale.com\/de\/waehrend-leipzig-780-000-instagram-posts-sammelt-versteckt-sich-40-kilometer-entfernt-diese-mittelalterliche-6-800-einwohner-perle-vor-social-media-entdeckung\/\">andere Reiseziele aktiv Social-Media-Pr\u00e4senz vermeiden<\/a>, setzt Hel gezielt auf Instagram-Marketing. Lokale Tourismusverb\u00e4nde organisieren Fototouren zu den sch\u00f6nsten Spots der Halbinsel und laden einflussreiche Travel-Influencer ein.<\/p>\n<h2>Nachhaltige Entwicklung im Fokus<\/h2>\n<p>Um den wachsenden Besucherstrom umweltfreundlich zu lenken, wurde seit 2023 massiv in die Infrastruktur investiert:<\/p>\n<ul>\n<li>Neue F\u00e4hrverbindung von Swinem\u00fcnde (1,5 Stunden \u00dcberfahrt)<\/li>\n<li>Ausgebautes Radwegenetz entlang der gesamten Halbinsel<\/li>\n<li>Renovierte Bahnstrecke mit st\u00fcndlichen Verbindungen nach Danzig<\/li>\n<\/ul>\n<p>Trotz steigender Beliebtheit bleiben die Preise moderat: \u00dcbernachtungen kosten im Durchschnitt 40% weniger als an der deutschen Ostseek\u00fcste. Dies macht Hel besonders f\u00fcr preisbewusste Individualreisende attraktiv, die abseits \u00fcberlaufener Str\u00e4nde Erholung suchen.<\/p>\n<p>Mit seiner einzigartigen Kombination aus Natursch\u00f6nheit, Wassersportm\u00f6glichkeiten und authentischem Flair positioniert sich die Halbinsel Hel 2025 als aufstrebende Alternative zu den bekannten Ostseezielen. F\u00fcr Instagrammer und Kitesurfer gleicherma\u00dfen ein Geheimtipp, der es wert ist, entdeckt zu werden.<\/p>\n","protected":false},"excerpt":{"rendered":"<p>Die 34 Kilometer lange Halbinsel Hel entwickelt sich zum Instagram-Star der polnischen Ostseek\u00fcste. W\u00e4hrend Sylt und R\u00fcgen von Touristen \u00fcberrannt werden, entdecken Reisende hier ein verstecktes Paradies f\u00fcr Kitesurfer und Naturliebhaber. Die schmale Landzunge bietet eine einzigartige Doppelk\u00fcste: Wellenreiche Str\u00e4nde zur offenen Ostsee und ruhige Lagunen zur Buchtseite &#8211; perfekt f\u00fcr atemberaubende Social-Media-Aufnahmen. Von der &#8230; <a title=\"Diese polnische 34 Kilometer Halbinsel sammelt 215 Prozent mehr Instagram-Posts als Sylt bei nur 1,2 Millionen Jahresbesuchern\" class=\"read-more\" href=\"https:\/\/www.journee-mondiale.com\/de\/diese-polnische-34-kilometer-halbinsel-sammelt-215-prozent-mehr-instagram-posts-als-sylt-bei-nur-12-millionen-jahresbesuchern\/\" aria-label=\"Mehr Informationen \u00fcber Diese polnische 34 Kilometer Halbinsel sammelt 215 Prozent mehr Instagram-Posts als Sylt bei nur 1,2 Millionen Jahresbesuchern\">Lire plus<\/a><\/p>\n","protected":false},"author":1,"featured_media":14859,"comment_status":"","ping_status":"","sticky":false,"template":"","format":"standard","meta":{"footnotes":""},"categories":[49],"tags":[],"class_list":["post-14860","post","type-post","status-publish","format-standard","has-post-thumbnail","hentry","category-reisen"],"acf":[],"_yoast_wpseo_primary_category":null,"_yoast_wpseo_title":null,"_yoast_wpseo_metadesc":null,"_links":{"self":[{"href":"https:\/\/www.journee-mondiale.com\/de\/wp-json\/wp\/v2\/posts\/14860","targetHints":{"allow":["GET"]}}],"collection":[{"href":"https:\/\/www.journee-mondiale.com\/de\/wp-json\/wp\/v2\/posts"}],"about":[{"href":"https:\/\/www.journee-mondiale.com\/de\/wp-json\/wp\/v2\/types\/post"}],"author":[{"embeddable":true,"href":"https:\/\/www.journee-mondiale.com\/de\/wp-json\/wp\/v2\/users\/1"}],"replies":[{"embeddable":true,"href":"https:\/\/www.journee-mondiale.com\/de\/wp-json\/wp\/v2\/comments?post=14860"}],"version-history":[{"count":0,"href":"https:\/\/www.journee-mondiale.com\/de\/wp-json\/wp\/v2\/posts\/14860\/revisions"}],"wp:featuredmedia":[{"embeddable":true,"href":"https:\/\/www.journee-mondiale.com\/de\/wp-json\/wp\/v2\/media\/14859"}],"wp:attachment":[{"href":"https:\/\/www.journee-mondiale.com\/de\/wp-json\/wp\/v2\/media?parent=14860"}],"wp:term":[{"taxonomy":"category","embeddable":true,"href":"https:\/\/www.journee-mondiale.com\/de\/wp-json\/wp\/v2\/categories?post=14860"},{"taxonomy":"post_tag","embeddable":true,"href":"https:\/\/www.journee-mondiale.com\/de\/wp-json\/wp\/v2\/tags?post=14860"}],"curies":[{"name":"wp","href":"https:\/\/api.w.org\/{rel}","templated":true}]}}