{"id":14826,"date":"2025-07-13T21:04:55","date_gmt":"2025-07-13T19:04:55","guid":{"rendered":"https:\/\/www.journee-mondiale.com\/de\/sie-buchen-bayern-seen-so-aber-dieser-kochelsee-von-4-095-einwohnern-vereint-expressionismus-und-eiszeitlandschaft-seit-12-000-jahren\/"},"modified":"2025-07-13T21:04:55","modified_gmt":"2025-07-13T19:04:55","slug":"sie-buchen-bayern-seen-so-aber-dieser-kochelsee-von-4-095-einwohnern-vereint-expressionismus-und-eiszeitlandschaft-seit-12-000-jahren","status":"publish","type":"post","link":"https:\/\/www.journee-mondiale.com\/de\/sie-buchen-bayern-seen-so-aber-dieser-kochelsee-von-4-095-einwohnern-vereint-expressionismus-und-eiszeitlandschaft-seit-12-000-jahren\/","title":{"rendered":"Sie buchen Bayern-Seen so aber dieser Kochelsee von 4.095 Einwohnern vereint Expressionismus und Eiszeitlandschaft seit 12.000 Jahren"},"content":{"rendered":"<p>W\u00e4hrend die Massen Jahr f\u00fcr Jahr zum Tegernsee pilgern, <strong>verpassen sie nur 70 km s\u00fcdlich von M\u00fcnchen ein wahres Juwel der bayerischen Alpen<\/strong>. Der Kochelsee, auf 600 Metern H\u00f6he gelegen, bewahrt seit der letzten Eiszeit nicht nur eine atemberaubende Landschaft, sondern auch ein einzigartiges kulturelles Erbe. Hier, wo nur 4.095 Einwohner leben, verschmelzen Natur und Kunst zu einem Erlebnis, das selbst den ber\u00fchmten Comer See in den Schatten stellt.<\/p>\n<h2>Die verborgene Sch\u00f6nheit des eiszeitlichen Erbes<\/h2>\n<p>Anders als der \u00fcberlaufene Tegernsee bietet der Kochelsee <strong>eine unber\u00fchrte Eiszeitlandschaft, die vor 12.000 Jahren entstand<\/strong>. Umgeben von Moorlandschaften wie dem Murnauer Moos, offenbart sich hier eine geologische Schatzkammer. Wanderer k\u00f6nnen auf dem Rundweg um den See die Kraft der Gletscherschmelze sp\u00fcren, die dieses Naturwunder formte. Der Blick auf Herzogstand und Jochberg erinnert an die majest\u00e4tische Kulisse des Comer Sees, nur ohne die Touristenmassen.<\/p>\n<h2>Expressionistische Kunst trifft auf alpine Idylle<\/h2>\n<p>W\u00e4hrend am Comer See Prominente in Luxusvillen residieren, <strong>beherbergt der Kochelsee ein kulturelles Kleinod von Weltrang: das Franz Marc Museum<\/strong>. Hier verschmilzt die Kraft der Natur mit der Leidenschaft des Expressionismus. Die aktuelle Ausstellung &#8222;Die Moderne im Zoo&#8220; (bis 9.11.2025) zeigt, wie K\u00fcnstler wie Marc die Tierwelt neu interpretierten. Ein Besuch hier ist wie eine Zeitreise in die Bl\u00fctezeit der modernen Kunst, eingebettet in die inspirierenden Alpen.<\/p>\n<h2>Wassersport und Wellness: Die alpine Alternative zum Mittelmeer<\/h2>\n<p>Statt \u00fcberf\u00fcllter Str\u00e4nde am Comer See lockt der Kochelsee mit <strong>vielf\u00e4ltigen Wassersportm\u00f6glichkeiten in kristallklarem Bergwasser<\/strong>. Stand-Up-Paddling, Windsurfen bei F\u00f6hnwind oder entspanntes Segeln \u2013 hier findet jeder seine pers\u00f6nliche Auszeit. Die nahe gelegene Kristall-Therme Bad Bayersoien bietet zudem Wellness auf h\u00f6chstem Niveau, mit Sole-Becken und einer weitl\u00e4ufigen Saunalandschaft. <a href=\"https:\/\/www.journee-mondiale.com\/de\/dieser-bayerische-alpensee-auf-801-meter-hoehe-erreicht-23-grad-waehrend-andere-bergseen-noch-12-grad-haben\/\">Erfahren Sie mehr \u00fcber die angenehmen Wassertemperaturen bayerischer Alpenseen.<\/a><\/p>\n<h2>Historische Tiefe jenseits der Touristenpfade<\/h2>\n<p>W\u00e4hrend der Comer See mit r\u00f6mischen Villen prahlt, <strong>birgt der Kochelsee Geheimnisse, die bis in die Urnenfelderzeit um 1200 v. Chr. zur\u00fcckreichen<\/strong>. Arch\u00e4ologische Funde zeugen von fr\u00fchen Siedlungen, und die mysteri\u00f6se Klosterruine von 908 n. Chr. erz\u00e4hlt von dramatischen Ungarneinf\u00e4llen. Diese historische Tiefe verleiht dem Kochelsee eine Authentizit\u00e4t, die man an \u00fcberlaufenen Orten vergeblich sucht.<\/p>\n<h2>Kulinarische Entdeckungen mit Alpenblick<\/h2>\n<p>Anstatt in \u00fcberteuerten Touristenrestaurants zu speisen, <strong>genie\u00dfen Sie am Kochelsee authentische bayerische K\u00fcche mit atemberaubendem Seeblick<\/strong>. Das Gasthaus &#8222;Zum Rassen&#8220; serviert traditionelle Gerichte auf einer idyllischen Seeterrasse. F\u00fcr den perfekten Sundowner empfehlen Einheimische einen Spaziergang am Westufer \u2013 der Sonnenuntergang \u00fcber den Alpen steht dem am Comer See in nichts nach. <a href=\"https:\/\/www.journee-mondiale.com\/de\/diese-deutsche-karibik-auf-973-metern-hoehe-versteckt-8-mystische-inseln-im-privatesten-see-bayerns\/\">Entdecken Sie weitere versteckte Perlen der bayerischen Seenlandschaft.<\/a><\/p>\n<h2>Ein Sommerparadies abseits der Massen<\/h2>\n<p>W\u00e4hrend der Comer See j\u00e4hrlich Millionen Besucher anzieht, <strong>empf\u00e4ngt der Kochelsee mit seinen 500.000 G\u00e4sten pro Jahr eine exklusive Gemeinschaft von Naturliebhabern und Kulturenthusiasten<\/strong>. Die Wassertemperaturen erreichen im Sommer angenehme 19-22\u00b0C, perfekt f\u00fcr erfrischende Schwimmausfl\u00fcge. Das Kochelsee-Fest am 10. August 2025 mit seiner traditionellen Bootsparade verspricht ein authentisches bayerisches Erlebnis, fernab vom Massentourismus.<\/p>\n<p>Der Kochelsee ist mehr als nur eine Alternative zum Comer See \u2013 er ist ein <strong>verborgenes Paradies f\u00fcr alle, die das Besondere suchen<\/strong>. Hier verschmelzen Natur, Kultur und Erholung zu einem einzigartigen Erlebnis, das Sie so schnell nicht vergessen werden. Entdecken Sie dieses alpine Juwel, bevor es zum n\u00e4chsten Geheimtipp wird. <a href=\"https:\/\/www.journee-mondiale.com\/de\/warum-dieser-810-meter-hohe-alpsee-koenig-ludwigs-geheimste-schwanvisionen-seit-175-jahren-bewahrt\/\">Tauchen Sie ein in die faszinierende Welt der bayerischen Alpenseen und ihrer k\u00f6niglichen Geschichte.<\/a><\/p>\n","protected":false},"excerpt":{"rendered":"<p>W\u00e4hrend die Massen Jahr f\u00fcr Jahr zum Tegernsee pilgern, verpassen sie nur 70 km s\u00fcdlich von M\u00fcnchen ein wahres Juwel der bayerischen Alpen. Der Kochelsee, auf 600 Metern H\u00f6he gelegen, bewahrt seit der letzten Eiszeit nicht nur eine atemberaubende Landschaft, sondern auch ein einzigartiges kulturelles Erbe. Hier, wo nur 4.095 Einwohner leben, verschmelzen Natur und &#8230; <a title=\"Sie buchen Bayern-Seen so aber dieser Kochelsee von 4.095 Einwohnern vereint Expressionismus und Eiszeitlandschaft seit 12.000 Jahren\" class=\"read-more\" href=\"https:\/\/www.journee-mondiale.com\/de\/sie-buchen-bayern-seen-so-aber-dieser-kochelsee-von-4-095-einwohnern-vereint-expressionismus-und-eiszeitlandschaft-seit-12-000-jahren\/\" aria-label=\"Mehr Informationen \u00fcber Sie buchen Bayern-Seen so aber dieser Kochelsee von 4.095 Einwohnern vereint Expressionismus und Eiszeitlandschaft seit 12.000 Jahren\">Lire plus<\/a><\/p>\n","protected":false},"author":1,"featured_media":14825,"comment_status":"","ping_status":"","sticky":false,"template":"","format":"standard","meta":{"footnotes":""},"categories":[49],"tags":[],"class_list":["post-14826","post","type-post","status-publish","format-standard","has-post-thumbnail","hentry","category-reisen"],"acf":[],"_yoast_wpseo_primary_category":null,"_yoast_wpseo_title":null,"_yoast_wpseo_metadesc":null,"_links":{"self":[{"href":"https:\/\/www.journee-mondiale.com\/de\/wp-json\/wp\/v2\/posts\/14826","targetHints":{"allow":["GET"]}}],"collection":[{"href":"https:\/\/www.journee-mondiale.com\/de\/wp-json\/wp\/v2\/posts"}],"about":[{"href":"https:\/\/www.journee-mondiale.com\/de\/wp-json\/wp\/v2\/types\/post"}],"author":[{"embeddable":true,"href":"https:\/\/www.journee-mondiale.com\/de\/wp-json\/wp\/v2\/users\/1"}],"replies":[{"embeddable":true,"href":"https:\/\/www.journee-mondiale.com\/de\/wp-json\/wp\/v2\/comments?post=14826"}],"version-history":[{"count":0,"href":"https:\/\/www.journee-mondiale.com\/de\/wp-json\/wp\/v2\/posts\/14826\/revisions"}],"wp:featuredmedia":[{"embeddable":true,"href":"https:\/\/www.journee-mondiale.com\/de\/wp-json\/wp\/v2\/media\/14825"}],"wp:attachment":[{"href":"https:\/\/www.journee-mondiale.com\/de\/wp-json\/wp\/v2\/media?parent=14826"}],"wp:term":[{"taxonomy":"category","embeddable":true,"href":"https:\/\/www.journee-mondiale.com\/de\/wp-json\/wp\/v2\/categories?post=14826"},{"taxonomy":"post_tag","embeddable":true,"href":"https:\/\/www.journee-mondiale.com\/de\/wp-json\/wp\/v2\/tags?post=14826"}],"curies":[{"name":"wp","href":"https:\/\/api.w.org\/{rel}","templated":true}]}}