{"id":14794,"date":"2025-07-12T19:05:25","date_gmt":"2025-07-12T17:05:25","guid":{"rendered":"https:\/\/www.journee-mondiale.com\/de\/achtung-hitzeschutz-welche-arbeitenden-rentner-jetzt-neue-rechte-haben\/"},"modified":"2025-07-12T19:05:25","modified_gmt":"2025-07-12T17:05:25","slug":"achtung-hitzeschutz-welche-arbeitenden-rentner-jetzt-neue-rechte-haben","status":"publish","type":"post","link":"https:\/\/www.journee-mondiale.com\/de\/achtung-hitzeschutz-welche-arbeitenden-rentner-jetzt-neue-rechte-haben\/","title":{"rendered":"Achtung Hitzeschutz: Welche arbeitenden Rentner jetzt neue Rechte haben"},"content":{"rendered":"<p>Die Sommerhitze 2025 bringt eine neue Realit\u00e4t f\u00fcr arbeitende Rentner in Deutschland. <strong>\u00dcber 1,2 Millionen Senioren<\/strong> stehen vor der Herausforderung, ihre Erwerbst\u00e4tigkeit mit den steigenden Temperaturen zu vereinbaren. Was viele nicht wissen: Die neuen Arbeitsschutzgesetze schaffen sowohl Chancen als auch Pflichten f\u00fcr Arbeitgeber und Besch\u00e4ftigte \u00fcber 65.<\/p>\n<p>Als Gerontologe beobachte ich seit Jahren, wie sich die Arbeitswelt f\u00fcr Senioren ver\u00e4ndert. Die aktuellen Entwicklungen zeigen deutlich: <strong>Rentner m\u00fcssen heute arbeitsrechtlich anders gesch\u00fctzt werden<\/strong> als noch vor wenigen Jahren.<\/p>\n<h2>Neue Arbeitsschutzregeln ab 2025: Was sich f\u00fcr Rentner \u00e4ndert<\/h2>\n<p>Die <strong>elektronische Arbeitszeiterfassung<\/strong> wird ab 2025 bundesweit verpflichtend. F\u00fcr arbeitende Rentner bedeutet dies besseren Schutz vor \u00dcberlastung bei Hitze. Betriebe m\u00fcssen dokumentieren, wann und wie lange Senioren arbeiten &#8211; besonders wichtig bei Temperaturen \u00fcber 30\u00b0C.<\/p>\n<p>Arbeitgeber sind nun gesetzlich verpflichtet, <strong>spezielle Hitzeschutzma\u00dfnahmen<\/strong> f\u00fcr Besch\u00e4ftigte \u00fcber 65 umzusetzen. Dazu geh\u00f6ren klimatisierte Pausenr\u00e4ume, flexible Arbeitszeiten und regelm\u00e4\u00dfige Hydrationspausen. Die Missachtung kann Bu\u00dfgelder nach sich ziehen.<\/p>\n<h2>Finanzielle Anreize trotz Hitzerisiken<\/h2>\n<p>Die <strong>Rentenerh\u00f6hung um 3,74%<\/strong> ab Juli 2025 verbessert die finanzielle Situation vieler Senioren. Gleichzeitig bleiben Minijobs bis 538 Euro monatlich rentenneutral. Besonders interessant: <a href=\"https:\/\/www.journee-mondiale.com\/de\/achtung-steuerpflicht-welche-rentner-bei-ferienjobs-jetzt-zahlen-muessen\/\">Rentner mit Ferienjobs m\u00fcssen jedoch steuerliche Konsequenzen beachten<\/a>.<\/p>\n<p>Die R\u00fcckerstattung \u00fcberzahlter Pflegebeitr\u00e4ge f\u00fcr Rentner mit Kindern unter 25 schafft zus\u00e4tzliche <strong>finanzielle Anreize<\/strong> f\u00fcr die Erwerbst\u00e4tigkeit im Sommer.<\/p>\n<h2>Gesundheitsrisiken ernst nehmen<\/h2>\n<p>Studien belegen: Senioren \u00fcber 65 haben ein <strong>30 Prozent h\u00f6heres Risiko<\/strong> f\u00fcr hitzebedingte Kreislaufbelastungen. Erfolgreiche Betriebe setzen auf biometrische Gesundheitschecks und Schulungen zu Hydration und Pausenregimen.<\/p>\n<p>Die gute Nachricht: <a href=\"https:\/\/www.journee-mondiale.com\/de\/mit-70-jahren-entdeckt-sie-das-hitze-geheimnis-und-wird-staerker-als-je-zuvor\/\">Auch \u00fcber 70-J\u00e4hrige k\u00f6nnen sich erfolgreich an Hitze anpassen<\/a>, wenn die richtigen Ma\u00dfnahmen getroffen werden.<\/p>\n<h2>Praktische Umsetzung im Betrieb<\/h2>\n<p>Moderne Unternehmen entwickeln <strong>alternsgerechte Arbeitspl\u00e4tze<\/strong> mit klimatisierten Werkst\u00e4tten und reduzierter k\u00f6rperlicher Belastung. Hybridmodelle erm\u00f6glichen Teil-Remote-Optionen bei extremer Hitze.<\/p>\n<p>Die Gef\u00e4hrdungsbeurteilung muss seit 2025 explizit <strong>hitzespezifische Vulnerabilit\u00e4t<\/strong> von Senioren ber\u00fccksichtigen. Betriebe, die dies ignorieren, riskieren rechtliche Konsequenzen.<\/p>\n<h2>Die richtige Ern\u00e4hrung macht den Unterschied<\/h2>\n<p>Neben arbeitsrechtlichen Aspekten spielt die Ern\u00e4hrung eine entscheidende Rolle. <a href=\"https:\/\/www.journee-mondiale.com\/de\/diese-5-lebensmittel-verlaengern-das-leben-von-menschen-ueber-68-jahren\/\">Bestimmte Lebensmittel k\u00f6nnen die Hitzetoleranz von Menschen \u00fcber 68 Jahren erheblich verbessern<\/a> und somit die Arbeitsf\u00e4higkeit im Sommer st\u00e4rken.<\/p>\n<h2>Demografischer Wandel als Chance<\/h2>\n<p>Der Fachkr\u00e4ftemangel macht die Weiterbesch\u00e4ftigung \u00e4lterer Arbeitnehmer unverzichtbar. <strong>1,2 Millionen arbeitende Rentner<\/strong> sind ein wirtschaftlicher Faktor, der nicht ignoriert werden kann.<\/p>\n<p>Die Rentenrechtliche Harmonisierung zwischen Ost und West seit 2025 schafft einheitliche Rahmenbedingungen. Ost-Lohn-Hochwertungen entfallen, was die <strong>Planungssicherheit<\/strong> f\u00fcr Betriebe und Rentner erh\u00f6ht.<\/p>\n<p>Die Entwicklung zeigt einen wichtigen Zielkonflikt: Arbeitsschutz soll Gesundheitsrisiken minimieren, w\u00e4hrend Rentenreformen den Verbleib im Erwerbsleben f\u00f6rdern sollen. Die erfolgreiche Umsetzung h\u00e4ngt von betrieblicher Compliance und individueller Gesundheitsvorsorge ab. Rentner, die diese neuen Realit\u00e4ten verstehen und nutzen, k\u00f6nnen auch bei Sommerhitze <strong>sicher und produktiv arbeiten<\/strong>.<\/p>\n","protected":false},"excerpt":{"rendered":"<p>Die Sommerhitze 2025 bringt eine neue Realit\u00e4t f\u00fcr arbeitende Rentner in Deutschland. \u00dcber 1,2 Millionen Senioren stehen vor der Herausforderung, ihre Erwerbst\u00e4tigkeit mit den steigenden Temperaturen zu vereinbaren. Was viele nicht wissen: Die neuen Arbeitsschutzgesetze schaffen sowohl Chancen als auch Pflichten f\u00fcr Arbeitgeber und Besch\u00e4ftigte \u00fcber 65. Als Gerontologe beobachte ich seit Jahren, wie sich &#8230; <a title=\"Achtung Hitzeschutz: Welche arbeitenden Rentner jetzt neue Rechte haben\" class=\"read-more\" href=\"https:\/\/www.journee-mondiale.com\/de\/achtung-hitzeschutz-welche-arbeitenden-rentner-jetzt-neue-rechte-haben\/\" aria-label=\"Mehr Informationen \u00fcber Achtung Hitzeschutz: Welche arbeitenden Rentner jetzt neue Rechte haben\">Lire plus<\/a><\/p>\n","protected":false},"author":1,"featured_media":14793,"comment_status":"","ping_status":"","sticky":false,"template":"","format":"standard","meta":{"footnotes":""},"categories":[48],"tags":[],"class_list":["post-14794","post","type-post","status-publish","format-standard","has-post-thumbnail","hentry","category-lebensstil"],"acf":[],"_yoast_wpseo_primary_category":null,"_yoast_wpseo_title":null,"_yoast_wpseo_metadesc":null,"_links":{"self":[{"href":"https:\/\/www.journee-mondiale.com\/de\/wp-json\/wp\/v2\/posts\/14794","targetHints":{"allow":["GET"]}}],"collection":[{"href":"https:\/\/www.journee-mondiale.com\/de\/wp-json\/wp\/v2\/posts"}],"about":[{"href":"https:\/\/www.journee-mondiale.com\/de\/wp-json\/wp\/v2\/types\/post"}],"author":[{"embeddable":true,"href":"https:\/\/www.journee-mondiale.com\/de\/wp-json\/wp\/v2\/users\/1"}],"replies":[{"embeddable":true,"href":"https:\/\/www.journee-mondiale.com\/de\/wp-json\/wp\/v2\/comments?post=14794"}],"version-history":[{"count":0,"href":"https:\/\/www.journee-mondiale.com\/de\/wp-json\/wp\/v2\/posts\/14794\/revisions"}],"wp:featuredmedia":[{"embeddable":true,"href":"https:\/\/www.journee-mondiale.com\/de\/wp-json\/wp\/v2\/media\/14793"}],"wp:attachment":[{"href":"https:\/\/www.journee-mondiale.com\/de\/wp-json\/wp\/v2\/media?parent=14794"}],"wp:term":[{"taxonomy":"category","embeddable":true,"href":"https:\/\/www.journee-mondiale.com\/de\/wp-json\/wp\/v2\/categories?post=14794"},{"taxonomy":"post_tag","embeddable":true,"href":"https:\/\/www.journee-mondiale.com\/de\/wp-json\/wp\/v2\/tags?post=14794"}],"curies":[{"name":"wp","href":"https:\/\/api.w.org\/{rel}","templated":true}]}}