{"id":14782,"date":"2025-07-12T13:05:23","date_gmt":"2025-07-12T11:05:23","guid":{"rendered":"https:\/\/www.journee-mondiale.com\/de\/praxistest-porsche-taycan-turbo-gt-warum-tesla-vor-porsche-mehr-angst-haben-muss-als-vor-mercedes\/"},"modified":"2025-07-12T13:05:23","modified_gmt":"2025-07-12T11:05:23","slug":"praxistest-porsche-taycan-turbo-gt-warum-tesla-vor-porsche-mehr-angst-haben-muss-als-vor-mercedes","status":"publish","type":"post","link":"https:\/\/www.journee-mondiale.com\/de\/praxistest-porsche-taycan-turbo-gt-warum-tesla-vor-porsche-mehr-angst-haben-muss-als-vor-mercedes\/","title":{"rendered":"Praxistest Porsche Taycan Turbo GT: Warum Tesla vor Porsche mehr Angst haben muss als vor Mercedes"},"content":{"rendered":"<p>Die <strong>Porsche Taycan Turbo GT<\/strong> schreibt aktuell Automobilgeschichte auf vier Kontinenten. W\u00e4hrend Tesla-Fahrer noch \u00fcber Supercharger-Wartezeiten diskutieren, sammelt Porsche systematisch Rennstrecken-Rekorde und beweist: Deutsche Ingenieurskunst definiert Elektromobilit\u00e4t neu.<\/p>\n<h2>Die Legende von Interlagos: Felipe Nasrs 1:42,1 Minuten<\/h2>\n<p>Am 5. Februar 2025 donnerte Felipe Nasr, dreifacher IMSA-Champion, \u00fcber die legend\u00e4re brasilianische Rennstrecke. Seine <strong>1:42,1 Minuten<\/strong> auf dem 4,3 Kilometer langen Interlagos-Kurs schlugen nicht nur den bisherigen Taycan-Rekord um acht Sekunden. Sie unterbot sogar die Bestmarke des <strong>911 Turbo S<\/strong> um fast eine Sekunde.<\/p>\n<p>Nasr beschreibt den Moment der Zielflagge als &#8222;perfekte Symbiose aus deutscher Pr\u00e4zision und brasilianischer Leidenschaft&#8220;. Die <strong>1.108 PS Attack Mode<\/strong> katapultierte ihn vor der ber\u00fcchtigten &#8222;Curva do Caf\u00e9&#8220; auf 272 km\/h.<\/p>\n<h2>Shanghai International Circuit: Lars Kerns technische Meisterleistung<\/h2>\n<p>Porsche-Entwicklungsfahrer Lars Kern verwandelte im Oktober 2024 den <strong>Shanghai International Circuit<\/strong> in sein pers\u00f6nliches Testlabor. Seine 2:11,28 Minuten auf der 5,451 Kilometer langen Formel-1-Strecke demonstrierten die Vielseitigkeit des Taycan Turbo GT auf technisch anspruchsvollen Kurskombinationen.<\/p>\n<p>Das revolution\u00e4re <strong>Weissach-Paket<\/strong> reduzierte das Gewicht um 75 Kilogramm durch Karbonfelgen und optimierte Karosserieteile. Diese Gewichtsersparnis macht sich besonders in den engen Haarnadelkurven bemerkbar, wo jedes Gramm z\u00e4hlt.<\/p>\n<h2>Road Atlanta: Patrick Longs Regenmeisterschaft<\/h2>\n<p>Patrick Long bewies am 28. Mai 2025 auf dem <strong>Road Atlanta<\/strong> die Allwetter-Qualit\u00e4ten des Taycan Turbo GT. Trotz wechselhafter Bedingungen auf noch feuchter Strecke erzielte er <strong>1:27,1 Minuten<\/strong> und verbesserte den Vorg\u00e4ngerrekord um 6,73 Sekunden.<\/p>\n<p>Die fortschrittliche Thermomanagement-Technologie hielt die Batterietemperatur selbst unter Extrembedingungen stabil. Von 14\u00b0C Starttemperatur stieg sie auf maximal 65\u00b0C &#8211; knapp unter der kritischen Grenze von 65,5\u00b0C.<\/p>\n<h2>Yas Marina Circuit: Ramez Azzams W\u00fcstenrekord<\/h2>\n<p>Der <strong>Yas Marina Circuit<\/strong> in Abu Dhabi wurde im Juni 2025 Schauplatz von Ramez Azzams Meisterfahrt. Seine <strong>2:07,2 Minuten<\/strong> auf der 5,281 Kilometer langen Formel-1-Strecke erhielten die offizielle Anerkennung der Emirates Motorsport Association.<\/p>\n<p>Azzam erkl\u00e4rt nach seinem Rekord: &#8222;Die St\u00e4rke des Taycan Turbo GT zeigt sich nicht auf Geraden, sondern \u00fcber eine komplette Runde.&#8220; Die spezielle <strong>Pirelli Trofeo RS-Bereifung<\/strong> und das Porsche Active Ride-System kompensierten K\u00f6rperbewegungen pr\u00e4zise.<\/p>\n<h2>Formel-E Safety Car: Rennstrecken-DNA im Einsatz<\/h2>\n<p>Seit Mai 2024 dient der Taycan Turbo GT als offizielles <strong>Formel-E-Safety-Car<\/strong>. Ausgestattet mit Rennkommunikationstechnik f\u00fchrt er das Feld der weltbesten Elektro-Rennfahrer an. Diese Motorsport-Verbindung unterscheidet Porsche fundamental von Herstellern wie <a href=\"https:\/\/www.journee-mondiale.com\/de\/tesla-bekommt-konkurrenz-neue-elektro-schnaeppchen-unter-25-000-euro-zum-kampfpreis\/\">Tesla im Budget-Segment<\/a>.<\/p>\n<p>Gegen\u00fcber dem Tesla Model S Plaid demonstriert der Taycan Turbo GT deutliche Vorteile in Kurvenabschnitten. Beim N\u00fcrburgring-Rekord 2024 unterbot er den Tesla um <strong>26 Sekunden<\/strong>. Diese Dominanz zeigt sich auch im Vergleich zu <a href=\"https:\/\/www.journee-mondiale.com\/de\/praxistest-bmw-ix-vs-mercedes-eqs-suv-warum-tesla-vor-mercedes-mehr-angst-haben-muss-als-vor-bmw\/\">deutschen Premiumherstellern im Elektrosegment<\/a>.<\/p>\n<h2>Die Zukunft der Elektro-Performance<\/h2>\n<p>Porsche beweist mit diesen vier kontinentalen Rekorden eine konsequente Weiterentwicklung der Elektroantriebsphilosophie. Der Taycan Turbo GT \u00fcbertrifft nicht nur Elektrokonkurrenten, sondern auch interne Verbrenner-Referenzen. Dies unterstreicht den technologischen Vorsprung der deutschen Automobilindustrie im Premiumsegment und zeigt, wie <a href=\"https:\/\/www.journee-mondiale.com\/de\/doch-antrieb-der-zukunft-sogar-der-plug-in-hybrid-wird-als-elektroauto-ueberleben\/\">Elektromobilit\u00e4t die Zukunft definiert<\/a>.<\/p>\n<p>Die Rennstrecken-Legenden von Interlagos, Shanghai, Road Atlanta und Yas Marina beweisen: <strong>Deutsche Ingenieurskunst<\/strong> schreibt die Elektromobilit\u00e4t neu. Der Taycan Turbo GT verwandelt jede Rennstrecke in sein pers\u00f6nliches Territorium.<\/p>\n","protected":false},"excerpt":{"rendered":"<p>Die Porsche Taycan Turbo GT schreibt aktuell Automobilgeschichte auf vier Kontinenten. W\u00e4hrend Tesla-Fahrer noch \u00fcber Supercharger-Wartezeiten diskutieren, sammelt Porsche systematisch Rennstrecken-Rekorde und beweist: Deutsche Ingenieurskunst definiert Elektromobilit\u00e4t neu. Die Legende von Interlagos: Felipe Nasrs 1:42,1 Minuten Am 5. Februar 2025 donnerte Felipe Nasr, dreifacher IMSA-Champion, \u00fcber die legend\u00e4re brasilianische Rennstrecke. Seine 1:42,1 Minuten auf dem &#8230; <a title=\"Praxistest Porsche Taycan Turbo GT: Warum Tesla vor Porsche mehr Angst haben muss als vor Mercedes\" class=\"read-more\" href=\"https:\/\/www.journee-mondiale.com\/de\/praxistest-porsche-taycan-turbo-gt-warum-tesla-vor-porsche-mehr-angst-haben-muss-als-vor-mercedes\/\" aria-label=\"Mehr Informationen \u00fcber Praxistest Porsche Taycan Turbo GT: Warum Tesla vor Porsche mehr Angst haben muss als vor Mercedes\">Lire plus<\/a><\/p>\n","protected":false},"author":1,"featured_media":14781,"comment_status":"","ping_status":"","sticky":false,"template":"","format":"standard","meta":{"footnotes":""},"categories":[48],"tags":[],"class_list":["post-14782","post","type-post","status-publish","format-standard","has-post-thumbnail","hentry","category-lebensstil"],"acf":[],"_yoast_wpseo_primary_category":null,"_yoast_wpseo_title":null,"_yoast_wpseo_metadesc":null,"_links":{"self":[{"href":"https:\/\/www.journee-mondiale.com\/de\/wp-json\/wp\/v2\/posts\/14782","targetHints":{"allow":["GET"]}}],"collection":[{"href":"https:\/\/www.journee-mondiale.com\/de\/wp-json\/wp\/v2\/posts"}],"about":[{"href":"https:\/\/www.journee-mondiale.com\/de\/wp-json\/wp\/v2\/types\/post"}],"author":[{"embeddable":true,"href":"https:\/\/www.journee-mondiale.com\/de\/wp-json\/wp\/v2\/users\/1"}],"replies":[{"embeddable":true,"href":"https:\/\/www.journee-mondiale.com\/de\/wp-json\/wp\/v2\/comments?post=14782"}],"version-history":[{"count":0,"href":"https:\/\/www.journee-mondiale.com\/de\/wp-json\/wp\/v2\/posts\/14782\/revisions"}],"wp:featuredmedia":[{"embeddable":true,"href":"https:\/\/www.journee-mondiale.com\/de\/wp-json\/wp\/v2\/media\/14781"}],"wp:attachment":[{"href":"https:\/\/www.journee-mondiale.com\/de\/wp-json\/wp\/v2\/media?parent=14782"}],"wp:term":[{"taxonomy":"category","embeddable":true,"href":"https:\/\/www.journee-mondiale.com\/de\/wp-json\/wp\/v2\/categories?post=14782"},{"taxonomy":"post_tag","embeddable":true,"href":"https:\/\/www.journee-mondiale.com\/de\/wp-json\/wp\/v2\/tags?post=14782"}],"curies":[{"name":"wp","href":"https:\/\/api.w.org\/{rel}","templated":true}]}}