{"id":14714,"date":"2025-07-10T11:05:25","date_gmt":"2025-07-10T09:05:25","guid":{"rendered":"https:\/\/www.journee-mondiale.com\/de\/dieser-1527-einwohner-ort-zwischen-nordsee-und-elbe-bewahrt-seit-1928-ein-faszinierendes-pumpsystem-unter-historischen-fachwerkhaeusern\/"},"modified":"2025-07-10T11:05:25","modified_gmt":"2025-07-10T09:05:25","slug":"dieser-1527-einwohner-ort-zwischen-nordsee-und-elbe-bewahrt-seit-1928-ein-faszinierendes-pumpsystem-unter-historischen-fachwerkhaeusern","status":"publish","type":"post","link":"https:\/\/www.journee-mondiale.com\/de\/dieser-1527-einwohner-ort-zwischen-nordsee-und-elbe-bewahrt-seit-1928-ein-faszinierendes-pumpsystem-unter-historischen-fachwerkhaeusern\/","title":{"rendered":"Dieser 1527-Einwohner-Ort zwischen Nordsee und Elbe bewahrt seit 1928 ein faszinierendes Pumpsystem unter historischen Fachwerkh\u00e4usern"},"content":{"rendered":"<p>Der <strong>unsichtbare Fehler-Zyklus<\/strong> an der deutschen Nordseek\u00fcste wiederholt sich Jahr f\u00fcr Jahr: Touristen str\u00f6men in Massen zu den bekannten Str\u00e4nden und verpassen dabei wahre Perlen wie Ihlienworth. Dieses <strong>1.527-Einwohner-Dorf<\/strong> bewahrt seit fast einem Jahrhundert ein faszinierendes St\u00fcck Technikgeschichte zwischen jahrhundertealten Fachwerkh\u00e4usern. Entdecken Sie, warum dieser Ort der perfekte Kontrast zu \u00fcberf\u00fcllten K\u00fcstenst\u00e4dten ist.<\/p>\n<h2>Das verborgene Juwel der Landentwicklung seit 1928<\/h2>\n<p>Im Herzen der Samtgemeinde Land Hadeln verbirgt sich ein <strong>technisches Meisterwerk<\/strong>, das die Landschaft Norddeutschlands f\u00fcr immer ver\u00e4ndert hat. Das <strong>Sch\u00f6pfwerk Ihlienworth<\/strong>, erbaut 1928, ist nicht nur ein funktionierendes Denkmal der Ingenieurskunst, sondern auch der Schl\u00fcssel zum Verst\u00e4ndnis der regionalen Geschichte.<\/p>\n<p>Mit einer Pumpleistung von bis zu <strong>10 m\u00b3 pro Sekunde<\/strong> h\u00e4lt dieses Wunderwerk der Technik das Hadelner Sietland trocken &#8211; ein Gebiet, das bis zu zwei Meter unter dem Meeresspiegel liegt. Besucher k\u00f6nnen die original erhaltenen Unterwasserpumpen mit vertikaler Welle bestaunen, ein seltener Einblick in die Ingenieurskunst der 1920er Jahre.<\/p>\n<h2>600 Jahre Geschichte treffen auf moderne Nachhaltigkeit<\/h2>\n<p>W\u00e4hrend das Sch\u00f6pfwerk die technische Innovation repr\u00e4sentiert, atmet der Rest des Dorfes pure Geschichte. <strong>Fachwerk-Reihend\u00f6rfer<\/strong> wie Stra\u00dfdeich und Wester-Ihlienworth laden zu einer Zeitreise ein. Diese architektonischen Sch\u00e4tze stehen in faszinierendem Kontrast zur modernen Nachhaltigkeitsbewegung, die in Ihlienworth Fu\u00df gefasst hat.<\/p>\n<p>Das j\u00e4hrliche &#8222;Arte Sustenibile UNO&#8220; Kunstfestival verwandelt das Dorf in eine <strong>Galerie f\u00fcr \u00f6kologische Kunst<\/strong>. Es ist ein Beweis daf\u00fcr, dass selbst die kleinsten Orte Gro\u00dfes in Sachen Umweltbewusstsein bewirken k\u00f6nnen. \u00c4hnlich innovative Ans\u00e4tze finden Sie auch <a href=\"https:\/\/www.journee-mondiale.com\/de\/dieser-bayerische-see-von-8-quadratkilometern-beherbergt-7-inseln-und-inspirierte-kandinskys-beruehmteste-werke\/\">in diesem bayerischen See<\/a>, der Kunst und Natur auf einzigartige Weise verbindet.<\/p>\n<h2>Entdecken Sie die Ruhe fernab der Touristenmassen<\/h2>\n<p>Mit einer <strong>Bev\u00f6lkerungsdichte von nur 38 Einwohnern pro Quadratkilometer<\/strong> bietet Ihlienworth einen erfrischenden Gegensatz zu den \u00fcberf\u00fcllten K\u00fcstenorten. Hier finden Besucher die Ruhe, die sie an den beliebten Str\u00e4nden oft vergeblich suchen. Die weitl\u00e4ufige Landschaft l\u00e4dt zu ausgedehnten Spazierg\u00e4ngen und Radtouren ein.<\/p>\n<p>Wassersportbegeisterte kommen bei Kanufahrten auf der Medem und dem Hadelner Kanal auf ihre Kosten. Es ist eine <strong>authentische Alternative<\/strong> zu den oft \u00fcberlaufenen Wasserwegen an der K\u00fcste. \u00c4hnlich unber\u00fchrte Naturerlebnisse finden Sie auch in diesem <a href=\"https:\/\/www.journee-mondiale.com\/de\/wenn-sie-naturreisen-so-planen-verpassen-sie-dieses-163-einwohner-dorf-mit-620-hektar-moorparadies-voellig\/\">163-Einwohner-Dorf mit 620 Hektar Moorparadies<\/a>.<\/p>\n<h2>Kulturelle H\u00f6hepunkte im Rhythmus der Jahreszeiten<\/h2>\n<p>Das <strong>Sietl\u00e4nder Kahnfest<\/strong> und der traditionelle Holzmarkt sind nur zwei der kulturellen Highlights, die Ihlienworth zu bieten hat. Diese Veranstaltungen geben Einblick in die lebendigen Traditionen der Region und laden Besucher ein, in die lokale Kultur einzutauchen.<\/p>\n<p>F\u00fcr Technikbegeisterte ist ein Besuch des Sch\u00f6pfwerks ein Muss. Die Besichtigung der historischen Anlagen vermittelt ein tiefes Verst\u00e4ndnis f\u00fcr die Herausforderungen und Errungenschaften der Landgewinnung. Es erinnert an andere technische Meisterwerke wie <a href=\"https:\/\/www.journee-mondiale.com\/de\/dieser-60-km-von-berlin-versteckte-kanal-bewahrt-seit-1746-die-wiege-der-deutschen-industrierevolution\/\">diesen versteckten Kanal nahe Berlin<\/a>, der die Industriegeschichte Deutschlands gepr\u00e4gt hat.<\/p>\n<h2>Planen Sie Ihren Besuch in Ihlienworth<\/h2>\n<p>Die beste Zeit f\u00fcr einen Besuch in Ihlienworth ist der Sommer, wenn die Natur in voller Bl\u00fcte steht und die meisten Veranstaltungen stattfinden. \u00dcbernachtungsm\u00f6glichkeiten finden Sie in gem\u00fctlichen Ferienwohnungen und Pensionen, die Preise liegen meist zwischen 80 und 120 Euro pro Nacht.<\/p>\n<p>Brechen Sie aus dem Kreislauf der \u00fcblichen K\u00fcstenurlaube aus und entdecken Sie in Ihlienworth eine <strong>perfekte Balance aus Technikgeschichte, Naturerlebnis und kultureller Authentizit\u00e4t<\/strong>. Es ist ein Ort, der beweist, dass die wahren Sch\u00e4tze oft abseits der ausgetretenen Pfade liegen.<\/p>\n","protected":false},"excerpt":{"rendered":"<p>Der unsichtbare Fehler-Zyklus an der deutschen Nordseek\u00fcste wiederholt sich Jahr f\u00fcr Jahr: Touristen str\u00f6men in Massen zu den bekannten Str\u00e4nden und verpassen dabei wahre Perlen wie Ihlienworth. Dieses 1.527-Einwohner-Dorf bewahrt seit fast einem Jahrhundert ein faszinierendes St\u00fcck Technikgeschichte zwischen jahrhundertealten Fachwerkh\u00e4usern. Entdecken Sie, warum dieser Ort der perfekte Kontrast zu \u00fcberf\u00fcllten K\u00fcstenst\u00e4dten ist. Das verborgene &#8230; <a title=\"Dieser 1527-Einwohner-Ort zwischen Nordsee und Elbe bewahrt seit 1928 ein faszinierendes Pumpsystem unter historischen Fachwerkh\u00e4usern\" class=\"read-more\" href=\"https:\/\/www.journee-mondiale.com\/de\/dieser-1527-einwohner-ort-zwischen-nordsee-und-elbe-bewahrt-seit-1928-ein-faszinierendes-pumpsystem-unter-historischen-fachwerkhaeusern\/\" aria-label=\"Mehr Informationen \u00fcber Dieser 1527-Einwohner-Ort zwischen Nordsee und Elbe bewahrt seit 1928 ein faszinierendes Pumpsystem unter historischen Fachwerkh\u00e4usern\">Lire plus<\/a><\/p>\n","protected":false},"author":1,"featured_media":14713,"comment_status":"","ping_status":"","sticky":false,"template":"","format":"standard","meta":{"footnotes":""},"categories":[49],"tags":[],"class_list":["post-14714","post","type-post","status-publish","format-standard","has-post-thumbnail","hentry","category-reisen"],"acf":[],"_yoast_wpseo_primary_category":null,"_yoast_wpseo_title":null,"_yoast_wpseo_metadesc":null,"_links":{"self":[{"href":"https:\/\/www.journee-mondiale.com\/de\/wp-json\/wp\/v2\/posts\/14714","targetHints":{"allow":["GET"]}}],"collection":[{"href":"https:\/\/www.journee-mondiale.com\/de\/wp-json\/wp\/v2\/posts"}],"about":[{"href":"https:\/\/www.journee-mondiale.com\/de\/wp-json\/wp\/v2\/types\/post"}],"author":[{"embeddable":true,"href":"https:\/\/www.journee-mondiale.com\/de\/wp-json\/wp\/v2\/users\/1"}],"replies":[{"embeddable":true,"href":"https:\/\/www.journee-mondiale.com\/de\/wp-json\/wp\/v2\/comments?post=14714"}],"version-history":[{"count":0,"href":"https:\/\/www.journee-mondiale.com\/de\/wp-json\/wp\/v2\/posts\/14714\/revisions"}],"wp:featuredmedia":[{"embeddable":true,"href":"https:\/\/www.journee-mondiale.com\/de\/wp-json\/wp\/v2\/media\/14713"}],"wp:attachment":[{"href":"https:\/\/www.journee-mondiale.com\/de\/wp-json\/wp\/v2\/media?parent=14714"}],"wp:term":[{"taxonomy":"category","embeddable":true,"href":"https:\/\/www.journee-mondiale.com\/de\/wp-json\/wp\/v2\/categories?post=14714"},{"taxonomy":"post_tag","embeddable":true,"href":"https:\/\/www.journee-mondiale.com\/de\/wp-json\/wp\/v2\/tags?post=14714"}],"curies":[{"name":"wp","href":"https:\/\/api.w.org\/{rel}","templated":true}]}}