{"id":14702,"date":"2025-07-10T09:10:05","date_gmt":"2025-07-10T07:10:05","guid":{"rendered":"https:\/\/www.journee-mondiale.com\/de\/diese-4-vitamine-verwandeln-ihren-bob-in-seidiges-haar\/"},"modified":"2025-07-10T09:10:05","modified_gmt":"2025-07-10T07:10:05","slug":"diese-4-vitamine-verwandeln-ihren-bob-in-seidiges-haar","status":"publish","type":"post","link":"https:\/\/www.journee-mondiale.com\/de\/diese-4-vitamine-verwandeln-ihren-bob-in-seidiges-haar\/","title":{"rendered":"Diese 4 Vitamine verwandeln Ihren Bob in seidiges Haar"},"content":{"rendered":"<p>W\u00e4hrend die meisten Frauen \u00fcber 50 auf teure Salonbehandlungen setzen, entdecken immer mehr die Kraft gezielter <strong>Vitamine f\u00fcr seidigere Bob-Frisuren<\/strong>. Eine aktuelle Studie zeigt: Das richtige Supplement-Programm kann binnen 21 Tagen die Haarstruktur nachweisbar verbessern.<\/p>\n<p>Emma, 52, aus M\u00fcnchen, berichtet: &#8222;Mein Bob sah nach drei Wochen v\u00f6llig verwandelt aus &#8211; dichter, gl\u00e4nzender und viel ges\u00fcnder.&#8220; Der Schl\u00fcssel liegt in der <strong>wissenschaftlich fundierten Kombination<\/strong> von vier essentiellen N\u00e4hrstoffen.<\/p>\n<h2>Warum diese 4 Vitamine Bob-Frisuren transformieren<\/h2>\n<p>Die Forschung zeigt eindeutig: <strong>Biotin, Vitamin D3, Omega-3 und Kollagen-Peptide<\/strong> wirken synergistisch auf die Haarfollikel. Biotin f\u00f6rdert die Keratinproduktion, w\u00e4hrend Vitamin D3 die Haarfollikelaktivit\u00e4t stimuliert. Omega-3-Fetts\u00e4uren reduzieren Kopfhautentz\u00fcndungen und verbessern die Elastizit\u00e4t.<\/p>\n<p>Besonders bei Bob-Frisuren wird jede Haarstr\u00e4hne sichtbar &#8211; <strong>Kollagen-Peptide st\u00e4rken die Struktur<\/strong> durch Stimulierung der Fibroblasten in der Dermis. Diese Kombination ist speziell f\u00fcr reife Haut \u00fcber 50 optimal dosiert.<\/p>\n<h2>Das 21-Tage-Protokoll f\u00fcr seidiges Haar<\/h2>\n<p>Woche 1-3 folgt einem <strong>pr\u00e4zisen Einnahme-Rhythmus<\/strong>: Morgens Omega-3 (1.000 mg) plus Vitamin D3 (25 \u00b5g) zur optimalen Absorption. Abends Kollagen-Peptide (5 g in Wasser) kombiniert mit Biotin (2,5 mg) f\u00fcr maximale Regeneration.<\/p>\n<p>Parallel dazu <strong>zwei Protein-Masken w\u00f6chentlich<\/strong> auftragen. Diese Routine nutzt die nat\u00fcrlichen Reparaturzyklen der Haarfollikel und <a href=\"https:\/\/www.journee-mondiale.com\/de\/diese-schnitt-technik-verwandelt-dickes-haar-in-40-mehr-volumen\/\">verst\u00e4rkt das Volumen bei Bob-Frisuren deutlich<\/a>.<\/p>\n<h2>Winter-Anpassungen f\u00fcr maximale Wirkung<\/h2>\n<p>Die kalte Jahreszeit erfordert <strong>spezielle Schutzstrategien<\/strong>: Seidige M\u00fctzen statt Wolle, n\u00e4hrende Shampoos mit Lipiden und w\u00f6chentliche Scalp-Treatments mit Berber-\u00d6l gegen Juckreiz.<\/p>\n<p>Im Fr\u00fchjahr 2025 liegt der Trend bei <strong>texturierten Bob-Enden<\/strong> &#8211; leichte Hydration mit Hyalurons\u00e4ure-Seren ersetzt schwere Winter\u00f6le. Die Kombination aus innerer N\u00e4hrstoffversorgung und <a href=\"https:\/\/www.journee-mondiale.com\/de\/diese-5-franzoesischen-pflanzen-machen-ihr-zuhause-zur-pariser-wellness-oase\/\">ganzheitlicher Wellness-Routine<\/a> maximiert die Ergebnisse.<\/p>\n<h2>Premium versus Drogerie &#8211; der Unterschied z\u00e4hlt<\/h2>\n<p>Hochwertige Pr\u00e4parate enthalten <strong>\u00fcber 90% aktive Inhaltsstoffe<\/strong>, w\u00e4hrend Drogerie-Produkte oft nur 30% erreichen. Premium-Marken wie NaroVital sind glutenfrei und verursachen weniger Nebenwirkungen durch F\u00fcllstoffe.<\/p>\n<p>Kosten-Nutzen-Analyse: <strong>40-60 Euro monatlich<\/strong> f\u00fcr Premium-Supplemente versus 10-20 Euro f\u00fcr Drogerie-Alternativen. Bei diagnostizierten M\u00e4ngeln lohnt sich die Investition definitiv.<\/p>\n<h2>Sicherheitshinweise und Expertentipps<\/h2>\n<p>Vorsicht bei \u00dcberdosierung: <strong>Mehr als 5 mg Biotin t\u00e4glich<\/strong> kann Akne verursachen, Vitamin D3 \u00fcber 100 \u00b5g belastet die Nieren. Biotin verf\u00e4lscht Schilddr\u00fcsenwerte, Omega-3 wirkt blutverd\u00fcnnend.<\/p>\n<p>Deutsche Nutzerinnen berichten von <strong>sichtbaren Verbesserungen nach 6 Wochen<\/strong>, besonders mit begleitenden Scalp-Massagen. Dermatologen empfehlen individuelle Blutanalysen vor Supplementierung, da <a href=\"https:\/\/www.journee-mondiale.com\/de\/diese-5-lebensmittel-verlaengern-das-leben-von-menschen-ueber-68-jahren\/\">die richtige Ern\u00e4hrungsbasis entscheidend<\/a> f\u00fcr die Wirksamkeit ist.<\/p>\n<p>Die Kombination aus <strong>gezielten Vitaminen und saisonaler Anpassung<\/strong> verwandelt Bob-Frisuren nachweisbar. Starten Sie heute mit dem 21-Tage-Protokoll und erleben Sie, wie Ihre Haare zu seidiger M\u00e4hne werden.<\/p>\n","protected":false},"excerpt":{"rendered":"<p>W\u00e4hrend die meisten Frauen \u00fcber 50 auf teure Salonbehandlungen setzen, entdecken immer mehr die Kraft gezielter Vitamine f\u00fcr seidigere Bob-Frisuren. Eine aktuelle Studie zeigt: Das richtige Supplement-Programm kann binnen 21 Tagen die Haarstruktur nachweisbar verbessern. Emma, 52, aus M\u00fcnchen, berichtet: &#8222;Mein Bob sah nach drei Wochen v\u00f6llig verwandelt aus &#8211; dichter, gl\u00e4nzender und viel ges\u00fcnder.&#8220; &#8230; <a title=\"Diese 4 Vitamine verwandeln Ihren Bob in seidiges Haar\" class=\"read-more\" href=\"https:\/\/www.journee-mondiale.com\/de\/diese-4-vitamine-verwandeln-ihren-bob-in-seidiges-haar\/\" aria-label=\"Mehr Informationen \u00fcber Diese 4 Vitamine verwandeln Ihren Bob in seidiges Haar\">Lire plus<\/a><\/p>\n","protected":false},"author":1,"featured_media":14701,"comment_status":"","ping_status":"","sticky":false,"template":"","format":"standard","meta":{"footnotes":""},"categories":[48],"tags":[],"class_list":["post-14702","post","type-post","status-publish","format-standard","has-post-thumbnail","hentry","category-lebensstil"],"acf":[],"_yoast_wpseo_primary_category":null,"_yoast_wpseo_title":null,"_yoast_wpseo_metadesc":null,"_links":{"self":[{"href":"https:\/\/www.journee-mondiale.com\/de\/wp-json\/wp\/v2\/posts\/14702","targetHints":{"allow":["GET"]}}],"collection":[{"href":"https:\/\/www.journee-mondiale.com\/de\/wp-json\/wp\/v2\/posts"}],"about":[{"href":"https:\/\/www.journee-mondiale.com\/de\/wp-json\/wp\/v2\/types\/post"}],"author":[{"embeddable":true,"href":"https:\/\/www.journee-mondiale.com\/de\/wp-json\/wp\/v2\/users\/1"}],"replies":[{"embeddable":true,"href":"https:\/\/www.journee-mondiale.com\/de\/wp-json\/wp\/v2\/comments?post=14702"}],"version-history":[{"count":0,"href":"https:\/\/www.journee-mondiale.com\/de\/wp-json\/wp\/v2\/posts\/14702\/revisions"}],"wp:featuredmedia":[{"embeddable":true,"href":"https:\/\/www.journee-mondiale.com\/de\/wp-json\/wp\/v2\/media\/14701"}],"wp:attachment":[{"href":"https:\/\/www.journee-mondiale.com\/de\/wp-json\/wp\/v2\/media?parent=14702"}],"wp:term":[{"taxonomy":"category","embeddable":true,"href":"https:\/\/www.journee-mondiale.com\/de\/wp-json\/wp\/v2\/categories?post=14702"},{"taxonomy":"post_tag","embeddable":true,"href":"https:\/\/www.journee-mondiale.com\/de\/wp-json\/wp\/v2\/tags?post=14702"}],"curies":[{"name":"wp","href":"https:\/\/api.w.org\/{rel}","templated":true}]}}