{"id":14642,"date":"2025-07-08T06:05:04","date_gmt":"2025-07-08T04:05:04","guid":{"rendered":"https:\/\/www.journee-mondiale.com\/de\/diese-29-600-einwohner-wallfahrtsstadt-koennte-2025-durch-ihre-155-meter-hoehendifferenz-zum-deutschen-pilgerzentrum-aufsteigen\/"},"modified":"2025-07-08T06:05:04","modified_gmt":"2025-07-08T04:05:04","slug":"diese-29-600-einwohner-wallfahrtsstadt-koennte-2025-durch-ihre-155-meter-hoehendifferenz-zum-deutschen-pilgerzentrum-aufsteigen","status":"publish","type":"post","link":"https:\/\/www.journee-mondiale.com\/de\/diese-29-600-einwohner-wallfahrtsstadt-koennte-2025-durch-ihre-155-meter-hoehendifferenz-zum-deutschen-pilgerzentrum-aufsteigen\/","title":{"rendered":"Diese 29.600-Einwohner Wallfahrtsstadt k\u00f6nnte 2025 durch ihre 155 Meter H\u00f6hendifferenz zum deutschen Pilgerzentrum aufsteigen"},"content":{"rendered":"<p>W\u00e4hrend andere Wallfahrtsorte in Deutschland unter Besucherschwund leiden, k\u00f6nnte <strong>Werl mit seinen 29.600 Einwohnern im Jahr 2025 zum aufstrebenden Stern am Pilgerhimmel<\/strong> werden. Die Stadt in Nordrhein-Westfalen, die sich zwischen dem flachen M\u00fcnsterland und den sanften H\u00fcgeln des Sauerlandes erstreckt, bietet eine einzigartige Kombination aus spiritueller Tradition und naturnahem Erlebnis.<\/p>\n<h2>Warum Experten Werl als das deutsche Pilgerzentrum der Zukunft sehen<\/h2>\n<p>Nicht nur die jahrhundertealte Wallfahrtstradition macht Werl besonders. Die Stadt punktet mit einer <strong>beeindruckenden H\u00f6hendifferenz von 155 Metern<\/strong> innerhalb ihrer Grenzen \u2013 ein Merkmal, das Pilger und Naturliebhaber gleicherma\u00dfen anzieht. Von der tiefsten Stelle im Norden (73,1 m \u00fc. NN) bis zum h\u00f6chsten Punkt im s\u00fcdlichen Stadtwald (228,4 m \u00fc. NN) erstreckt sich eine abwechslungsreiche Landschaft, die spirituelle Erfahrungen mit k\u00f6rperlicher Herausforderung verbindet.<\/p>\n<p>W\u00e4hrend <a href=\"https:\/\/www.journee-mondiale.com\/de\/massentourismus-sommer-2025-dieser-slowenische-alpensee-mit-35-005-einwohnern-bleibt-verschont-von-instagram-horden\/\">andere Reiseziele unter Massentourismus leiden<\/a>, setzt Werl auf nachhaltigen und authentischen Pilgertourismus. Die Stadt erwartet f\u00fcr 2025 einen signifikanten Anstieg der Besucherzahlen, die die bisherige Marke von \u00fcber 100.000 Pilgern pro Jahr deutlich \u00fcbertreffen k\u00f6nnten.<\/p>\n<h2>Die Marienbasilika: Herzst\u00fcck des spirituellen Aufschwungs<\/h2>\n<p>Im Zentrum der Wallfahrtstradition steht die imposante Marienbasilika, deren Geschichte bis ins 17. Jahrhundert zur\u00fcckreicht. <strong>Seit ihrer Erweiterung um das &#8222;Forum der V\u00f6lker&#8220;-Museum im Jahr 1962 bietet sie Pilgern nicht nur spirituelle Einkehr, sondern auch kulturelle Bereicherung<\/strong>. Mit 15.000 Exponaten ist es das gr\u00f6\u00dfte Museum seiner Art in NRW und zieht Besucher weit \u00fcber die Grenzen der Wallfahrt hinaus an.<\/p>\n<h2>Innovative Wallfahrtskonzepte f\u00fcr 2025<\/h2>\n<p>Werl setzt auf ein vielf\u00e4ltiges Programm, um verschiedene Zielgruppen anzusprechen:<\/p>\n<ul>\n<li>Die <strong>349. Fu\u00dfwallfahrt von Werne nach Werl<\/strong> am 23. und 24. August 2025 unter dem Motto &#8222;Pilger der Hoffnung&#8220;<\/li>\n<li>Eine <strong>Motorrad-Wallfahrt &#8222;Moto Maria&#8220;<\/strong> mit \u00fcber 300 Teilnehmern<\/li>\n<li>Die familienfreundliche <strong>&#8222;Mini Kiddy Car Wallfahrt&#8220;<\/strong> f\u00fcr die j\u00fcngsten Pilger<\/li>\n<\/ul>\n<p>Diese innovativen Formate zeigen, wie Werl traditionelle Spiritualit\u00e4t mit modernem Lifestyle verbindet \u2013 ein Konzept, das zunehmend Anklang findet.<\/p>\n<h2>Naturerlebnis trifft auf spirituelle Erfahrung<\/h2>\n<p>Der Werler Stadtwald bietet <strong>markierte Wanderwege durch Mischw\u00e4lder und entlang des Haarstrangs<\/strong>, die Pilger und Naturfreunde gleicherma\u00dfen begeistern. Ein besonderer Rundweg verbindet spirituelle Stationen mit atemberaubenden Ausblicken \u00fcber die B\u00f6rdelandschaft \u2013 eine Kombination, die in Deutschland ihresgleichen sucht.<\/p>\n<p>Diese einzigartige Mischung aus Natur und Spiritualit\u00e4t erinnert an <a href=\"https:\/\/www.journee-mondiale.com\/de\/aeltestes-weinanbaugebiet-europas-dieses-545-kilometer-lange-drei-laender-flusstal-bewahrt-2000-jahre-roemische-tradition\/\">andere historisch bedeutsame Orte in Deutschland mit langer Tradition<\/a>, f\u00fcgt jedoch eine moderne, naturverbundene Komponente hinzu.<\/p>\n<h2>Werl 2025: Investitionen in die Zukunft<\/h2>\n<p>Mit dem REGIONALE-2025-Projekt investiert Werl massiv in seine Zukunft als Wallfahrtsort. <strong>Ein F\u00f6rdervolumen von 7,078 Millionen Euro<\/strong> flie\u00dft in die Verbesserung der Aufenthaltsqualit\u00e4t in der Innenstadt. Gr\u00fcnfl\u00e4chen und Sitzinseln laden zum Verweilen ein und schaffen eine Atmosph\u00e4re der Entschleunigung \u2013 perfekt f\u00fcr Pilger und Besucher, die dem Alltag entfliehen m\u00f6chten.<\/p>\n<h2>Von historischem Erbe zu zukunftsweisender Destination<\/h2>\n<p>Werls Aufstieg zum Pilgerzentrum der Zukunft basiert nicht nur auf seiner reichen Geschichte, sondern auch auf der F\u00e4higkeit, sich neu zu erfinden. \u00c4hnlich wie <a href=\"https:\/\/www.journee-mondiale.com\/de\/dieser-60-km-von-berlin-versteckte-kanal-bewahrt-seit-1746-die-wiege-der-deutschen-industrierevolution\/\">andere versteckte Sch\u00e4tze in Deutschland<\/a> bewahrt Werl sein Erbe, w\u00e4hrend es gleichzeitig innovative Konzepte entwickelt.<\/p>\n<p>Mit seiner einzigartigen Kombination aus spiritueller Tradition, nat\u00fcrlicher Sch\u00f6nheit und zukunftsorientierten Investitionen positioniert sich Werl als <strong>die Pilgerdestination 2025<\/strong>. F\u00fcr Reisende, die authentische spirituelle Erfahrungen in Verbindung mit Naturerlebnissen suchen, k\u00f6nnte Werl bald die erste Wahl sein \u2013 ein Juwel im Herzen Nordrhein-Westfalens, das darauf wartet, entdeckt zu werden.<\/p>\n","protected":false},"excerpt":{"rendered":"<p>W\u00e4hrend andere Wallfahrtsorte in Deutschland unter Besucherschwund leiden, k\u00f6nnte Werl mit seinen 29.600 Einwohnern im Jahr 2025 zum aufstrebenden Stern am Pilgerhimmel werden. Die Stadt in Nordrhein-Westfalen, die sich zwischen dem flachen M\u00fcnsterland und den sanften H\u00fcgeln des Sauerlandes erstreckt, bietet eine einzigartige Kombination aus spiritueller Tradition und naturnahem Erlebnis. Warum Experten Werl als das &#8230; <a title=\"Diese 29.600-Einwohner Wallfahrtsstadt k\u00f6nnte 2025 durch ihre 155 Meter H\u00f6hendifferenz zum deutschen Pilgerzentrum aufsteigen\" class=\"read-more\" href=\"https:\/\/www.journee-mondiale.com\/de\/diese-29-600-einwohner-wallfahrtsstadt-koennte-2025-durch-ihre-155-meter-hoehendifferenz-zum-deutschen-pilgerzentrum-aufsteigen\/\" aria-label=\"Mehr Informationen \u00fcber Diese 29.600-Einwohner Wallfahrtsstadt k\u00f6nnte 2025 durch ihre 155 Meter H\u00f6hendifferenz zum deutschen Pilgerzentrum aufsteigen\">Lire plus<\/a><\/p>\n","protected":false},"author":1,"featured_media":14641,"comment_status":"","ping_status":"","sticky":false,"template":"","format":"standard","meta":{"footnotes":""},"categories":[49],"tags":[],"class_list":["post-14642","post","type-post","status-publish","format-standard","has-post-thumbnail","hentry","category-reisen"],"acf":[],"_yoast_wpseo_primary_category":null,"_yoast_wpseo_title":null,"_yoast_wpseo_metadesc":null,"_links":{"self":[{"href":"https:\/\/www.journee-mondiale.com\/de\/wp-json\/wp\/v2\/posts\/14642","targetHints":{"allow":["GET"]}}],"collection":[{"href":"https:\/\/www.journee-mondiale.com\/de\/wp-json\/wp\/v2\/posts"}],"about":[{"href":"https:\/\/www.journee-mondiale.com\/de\/wp-json\/wp\/v2\/types\/post"}],"author":[{"embeddable":true,"href":"https:\/\/www.journee-mondiale.com\/de\/wp-json\/wp\/v2\/users\/1"}],"replies":[{"embeddable":true,"href":"https:\/\/www.journee-mondiale.com\/de\/wp-json\/wp\/v2\/comments?post=14642"}],"version-history":[{"count":0,"href":"https:\/\/www.journee-mondiale.com\/de\/wp-json\/wp\/v2\/posts\/14642\/revisions"}],"wp:featuredmedia":[{"embeddable":true,"href":"https:\/\/www.journee-mondiale.com\/de\/wp-json\/wp\/v2\/media\/14641"}],"wp:attachment":[{"href":"https:\/\/www.journee-mondiale.com\/de\/wp-json\/wp\/v2\/media?parent=14642"}],"wp:term":[{"taxonomy":"category","embeddable":true,"href":"https:\/\/www.journee-mondiale.com\/de\/wp-json\/wp\/v2\/categories?post=14642"},{"taxonomy":"post_tag","embeddable":true,"href":"https:\/\/www.journee-mondiale.com\/de\/wp-json\/wp\/v2\/tags?post=14642"}],"curies":[{"name":"wp","href":"https:\/\/api.w.org\/{rel}","templated":true}]}}