{"id":14638,"date":"2025-07-07T20:06:13","date_gmt":"2025-07-07T18:06:13","guid":{"rendered":"https:\/\/www.journee-mondiale.com\/de\/diese-3-haar-mythen-lassen-sie-ab-50-aelter-aussehen-als-noetig\/"},"modified":"2025-07-07T20:06:13","modified_gmt":"2025-07-07T18:06:13","slug":"diese-3-haar-mythen-lassen-sie-ab-50-aelter-aussehen-als-noetig","status":"publish","type":"post","link":"https:\/\/www.journee-mondiale.com\/de\/diese-3-haar-mythen-lassen-sie-ab-50-aelter-aussehen-als-noetig\/","title":{"rendered":"Diese 3 Haar-Mythen lassen Sie ab 50 \u00e4lter aussehen als n\u00f6tig"},"content":{"rendered":"<p>Jahrzehntelang haben Frauen ab 50 graue Haare als <strong>Zeichen des Alterns<\/strong> bek\u00e4mpft und mit teuren F\u00e4rbungen versteckt. Neue dermatologische Studien offenbaren jedoch eine \u00fcberraschende Wahrheit: K\u00fcnstliche Haarfarben k\u00f6nnen Sie tats\u00e4chlich <strong>\u00e4lter wirken lassen<\/strong> als nat\u00fcrliches Grau. Als Beauty-Expertin mit \u00fcber 15 Jahren Erfahrung in der Naturkosmetik zeige ich Ihnen, warum das Umdenken bei grauem Haar Ihr bester Anti-Aging-Trick sein k\u00f6nnte.<\/p>\n<p>Die Wissenschaft r\u00e4umt mit einem hartn\u00e4ckigen Mythos auf: Eine aktuelle Studie der Universit\u00e4t Nagoya belegt, dass <strong>oxidativer Stress<\/strong> durch aggressive F\u00e4rbemittel das Ergrauen beschleunigt. Gleichzeitig wirken k\u00fcnstliche Farben bei reiferer Haut oft <strong>unnat\u00fcrlich hart<\/strong> und schaffen einen Kontrast, der das Alter betont statt es zu kaschieren.<\/p>\n<h2>Warum gef\u00e4rbtes Haar Sie \u00e4lter aussehen l\u00e4sst<\/h2>\n<p>Dermatologische Forschung zeigt drei entscheidende Faktoren: Erstens verliert gef\u00e4rbtes Haar durch chemische Behandlungen seine <strong>nat\u00fcrliche Textur und Glanz<\/strong>. Zweitens entstehen harte \u00dcberg\u00e4nge am Ansatz, die unnat\u00fcrlich wirken. Drittens harmonieren k\u00fcnstliche Farben selten mit den ver\u00e4nderten Hautt\u00f6nen reiferer Haut.<\/p>\n<p>Professor Dr. Sarah Chen vom Institute of Dermatology erkl\u00e4rt: &#8222;Nat\u00fcrliches graues Haar reflektiert Licht anders und schafft eine <strong>weichere Ausstrahlung<\/strong>, die vorteilhafter f\u00fcr die Gesichtsz\u00fcge ist.&#8220; Diese Erkenntnis revolutioniert die Beauty-Industrie f\u00fcr Frauen 50+.<\/p>\n<h2>Die Macht der richtigen Frisur bei grauem Haar<\/h2>\n<p>Moderne Schnitte k\u00f6nnen graues Haar zum <strong>Highlight<\/strong> machen. Der Trend 2025 geht zu klaren Linien: Der <strong>Blunt Bob<\/strong> verleiht feinem grauen Haar mehr Dichte, w\u00e4hrend strukturierte Pixie Cuts f\u00fcr maximale Eleganz sorgen. Wichtig ist die pr\u00e4zise Schnitttechnik, die dem Haar Form und Bewegung gibt.<\/p>\n<p>Stufenschnitte waren gestern &#8211; heute dominieren <strong>volumenspendende Silhouetten<\/strong> mit glatten Schnittkanten. Diese Technik l\u00e4sst graues Haar f\u00fclliger und ges\u00fcnder erscheinen, als es jede Coloration k\u00f6nnte. <a href=\"https:\/\/www.journee-mondiale.com\/de\/diese-3-beauty-mythen-ueber-ponys-sabotieren-ihr-gesicht-ab-50\/\">\u00c4hnliche Beauty-Mythen<\/a> werden durch moderne Styling-Techniken widerlegt.<\/p>\n<h2>Nat\u00fcrliche Alternativen zur Haarf\u00e4rbung<\/h2>\n<p>Statt zu f\u00e4rben, setzen Beauty-Experten auf <strong>nat\u00fcrliche Auffrischung<\/strong>. Luteolin, ein Antioxidans aus Sellerie und Brokkoli, kann laut neuesten Studien das Ergrauen um bis zu 32% reduzieren. Silber-Shampoos neutralisieren Gelbstiche, w\u00e4hrend Glanz-Behandlungen die nat\u00fcrliche Sch\u00f6nheit unterstreichen.<\/p>\n<p>Die richtige Pflege macht den Unterschied: <strong>Antioxidantien-reiche Produkte<\/strong> st\u00e4rken die Haarstruktur von innen, w\u00e4hrend gezielte Treatments dem Haar seine jugendliche Leuchtkraft zur\u00fcckgeben. Diese Methoden sind schonender und nachhaltiger als aggressive F\u00e4rbungen.<\/p>\n<h2>Celebrity-Vorbilder und Selbstbewusstsein<\/h2>\n<p>Helen Mirren, Jamie Lee Curtis und Diane Keaton beweisen: Graues Haar steht f\u00fcr <strong>Authentizit\u00e4t und Souver\u00e4nit\u00e4t<\/strong>. Ihre \u00f6ffentliche Pr\u00e4senz normalisiert das nat\u00fcrliche Altern und zeigt, dass Sch\u00f6nheit nicht vom Kampf gegen die Zeit abh\u00e4ngt. <a href=\"https:\/\/www.journee-mondiale.com\/de\/diese-brillenregel-sabotiert-ihr-gesicht-ab-50\/\">Weitere Styling-Regeln<\/a> f\u00fcr Frauen 50+ werden heute kritisch hinterfragt.<\/p>\n<p>Die Psychologie der Selbstakzeptanz spielt eine entscheidende Rolle: Frauen, die zu ihrem nat\u00fcrlichen Grau stehen, wirken <strong>selbstbewusster und entspannter<\/strong>. Diese Ausstrahlung ist der beste Anti-Aging-Effekt \u00fcberhaupt.<\/p>\n<h2>Praktische Styling-Tipps f\u00fcr den Sommer<\/h2>\n<p>F\u00fcr lockiges graues Haar eignen sich leichte Schaumfestiger, um definierte Strukturen zu schaffen. Bei glattem Haar sorgen konkav gebogene Enden f\u00fcr nat\u00fcrliche Bewegung. <strong>Minimalistisches Styling<\/strong> reduziert den Aufwand und betont die nat\u00fcrliche Sch\u00f6nheit.<\/p>\n<p>Hautton-Harmonien sind entscheidend: Aschige Graut\u00f6ne k\u00fchlen rosa Untert\u00f6ne, w\u00e4hrend silbrige Nuancen warme Hautt\u00f6ne aufhellen. Ein guter Friseur kann diese <strong>individuellen Eigenschaften<\/strong> optimal nutzen. <a href=\"https:\/\/www.journee-mondiale.com\/de\/diese-5-franzoesischen-pflanzen-machen-ihr-zuhause-zur-pariser-wellness-oase\/\">Nat\u00fcrliche Sch\u00f6nheit<\/a> beginnt mit der Akzeptanz des eigenen Typs.<\/p>\n<p>Die \u00c4ra der grauen Verunsicherung endet 2025. Nat\u00fcrliches Grau ist kein Makel, sondern eine \u00e4sthetische Ressource. Die Kombination aus <strong>wissenschaftlich fundierter Pflege<\/strong>, modernen Schnitten und selbstbewusster Tragweise schafft mehr Attraktivit\u00e4t als der vergebliche Kampf gegen die Zeit. Lassen Sie Ihr Grau strahlen &#8211; es ist Ihr sch\u00f6nstes Accessoire.<\/p>\n","protected":false},"excerpt":{"rendered":"<p>Jahrzehntelang haben Frauen ab 50 graue Haare als Zeichen des Alterns bek\u00e4mpft und mit teuren F\u00e4rbungen versteckt. Neue dermatologische Studien offenbaren jedoch eine \u00fcberraschende Wahrheit: K\u00fcnstliche Haarfarben k\u00f6nnen Sie tats\u00e4chlich \u00e4lter wirken lassen als nat\u00fcrliches Grau. Als Beauty-Expertin mit \u00fcber 15 Jahren Erfahrung in der Naturkosmetik zeige ich Ihnen, warum das Umdenken bei grauem Haar &#8230; <a title=\"Diese 3 Haar-Mythen lassen Sie ab 50 \u00e4lter aussehen als n\u00f6tig\" class=\"read-more\" href=\"https:\/\/www.journee-mondiale.com\/de\/diese-3-haar-mythen-lassen-sie-ab-50-aelter-aussehen-als-noetig\/\" aria-label=\"Mehr Informationen \u00fcber Diese 3 Haar-Mythen lassen Sie ab 50 \u00e4lter aussehen als n\u00f6tig\">Lire plus<\/a><\/p>\n","protected":false},"author":1,"featured_media":14637,"comment_status":"","ping_status":"","sticky":false,"template":"","format":"standard","meta":{"footnotes":""},"categories":[48],"tags":[],"class_list":["post-14638","post","type-post","status-publish","format-standard","has-post-thumbnail","hentry","category-lebensstil"],"acf":[],"_yoast_wpseo_primary_category":null,"_yoast_wpseo_title":null,"_yoast_wpseo_metadesc":null,"_links":{"self":[{"href":"https:\/\/www.journee-mondiale.com\/de\/wp-json\/wp\/v2\/posts\/14638","targetHints":{"allow":["GET"]}}],"collection":[{"href":"https:\/\/www.journee-mondiale.com\/de\/wp-json\/wp\/v2\/posts"}],"about":[{"href":"https:\/\/www.journee-mondiale.com\/de\/wp-json\/wp\/v2\/types\/post"}],"author":[{"embeddable":true,"href":"https:\/\/www.journee-mondiale.com\/de\/wp-json\/wp\/v2\/users\/1"}],"replies":[{"embeddable":true,"href":"https:\/\/www.journee-mondiale.com\/de\/wp-json\/wp\/v2\/comments?post=14638"}],"version-history":[{"count":0,"href":"https:\/\/www.journee-mondiale.com\/de\/wp-json\/wp\/v2\/posts\/14638\/revisions"}],"wp:featuredmedia":[{"embeddable":true,"href":"https:\/\/www.journee-mondiale.com\/de\/wp-json\/wp\/v2\/media\/14637"}],"wp:attachment":[{"href":"https:\/\/www.journee-mondiale.com\/de\/wp-json\/wp\/v2\/media?parent=14638"}],"wp:term":[{"taxonomy":"category","embeddable":true,"href":"https:\/\/www.journee-mondiale.com\/de\/wp-json\/wp\/v2\/categories?post=14638"},{"taxonomy":"post_tag","embeddable":true,"href":"https:\/\/www.journee-mondiale.com\/de\/wp-json\/wp\/v2\/tags?post=14638"}],"curies":[{"name":"wp","href":"https:\/\/api.w.org\/{rel}","templated":true}]}}