{"id":14624,"date":"2025-07-07T13:06:12","date_gmt":"2025-07-07T11:06:12","guid":{"rendered":"https:\/\/www.journee-mondiale.com\/de\/tesla-bekommt-konkurrenz-neue-franzoesische-elektro-legenden-zum-kampfpreis\/"},"modified":"2025-07-07T13:06:12","modified_gmt":"2025-07-07T11:06:12","slug":"tesla-bekommt-konkurrenz-neue-franzoesische-elektro-legenden-zum-kampfpreis","status":"publish","type":"post","link":"https:\/\/www.journee-mondiale.com\/de\/tesla-bekommt-konkurrenz-neue-franzoesische-elektro-legenden-zum-kampfpreis\/","title":{"rendered":"Tesla bekommt Konkurrenz: Neue franz\u00f6sische Elektro-Legenden zum Kampfpreis"},"content":{"rendered":"<p>Die <strong>franz\u00f6sische Automobilgeschichte<\/strong> erlebt eine Renaissance. Zwei Legenden kehren zur\u00fcck: Der <strong>Renault 5 E-Tech Electric<\/strong> und der <strong>Citro\u00ebn \u00eb-C3<\/strong> schreiben die Geschichte ihrer Vorg\u00e4nger neu. Diese Elektroautos unter 30.000 Euro zeigen, wie Tradition und Innovation verschmelzen k\u00f6nnen.<\/p>\n<h2>Die Wiedergeburt zweier Automobillegenden<\/h2>\n<p>In den 1970er Jahren pr\u00e4gten der <strong>Renault 5<\/strong> und die Citro\u00ebn-Kleinwagen das Stra\u00dfenbild Europas. Heute kehren ihre elektrischen Nachfolger zur\u00fcck &#8211; mit modernster Technologie und einem klaren Ziel: <strong>Elektromobilit\u00e4t f\u00fcr alle<\/strong> zug\u00e4nglich machen.<\/p>\n<p>Der <strong>Renault 5 E-Tech Electric<\/strong> greift bewusst das ikonische Design seines Vorg\u00e4ngers auf. Mit seinem Retro-Charme und drei Motorvarianten von 95 bis 150 PS positioniert er sich als emotionaler Stadtflitzer. Der <strong>Citro\u00ebn \u00eb-C3<\/strong> hingegen setzt auf pragmatische Funktionalit\u00e4t &#8211; ein Erbe der franz\u00f6sischen Tradition, robuste Alltagsfahrzeuge zu bauen.<\/p>\n<h2>Zwei Philosophien, ein Ziel: Bezahlbare Elektromobilit\u00e4t<\/h2>\n<p>Die <strong>Preisgestaltung<\/strong> zeigt die unterschiedlichen Strategien deutlich. Der Citro\u00ebn \u00eb-C3 startet bereits bei 19.500 Euro nach F\u00f6rderung, w\u00e4hrend der Renault 5 E-Tech ab 24.900 Euro verf\u00fcgbar ist. Beide Modelle unterbieten damit deutlich die Konkurrenz aus Deutschland und Asien.<\/p>\n<p>Technisch verfolgen sie verschiedene Ans\u00e4tze: Der <strong>Citro\u00ebn \u00eb-C3<\/strong> nutzt eine 44 kWh LFP-Batterie (Lithium-Eisenphosphat), die ohne Nickel und Kobalt auskommt. Diese Technologie gilt als <strong>langlebiger und sicherer<\/strong>, erlaubt h\u00e4ufiges Laden auf 100 Prozent und reduziert die Produktionskosten erheblich.<\/p>\n<p>Der <strong>Renault 5 E-Tech<\/strong> setzt auf bew\u00e4hrte Lithium-Ionen-Batterien in zwei Gr\u00f6\u00dfen: 40 kWh f\u00fcr bis zu 312 km Reichweite oder 52 kWh f\u00fcr 400 km. Die h\u00f6here Energiedichte erm\u00f6glicht kompaktere Bauweise, w\u00e4hrend die optionale W\u00e4rmepumpe die Wintereffizienz verbessert.<\/p>\n<h2>Ladeleistung und Alltagstauglichkeit im Vergleich<\/h2>\n<p>Beim <strong>Schnellladen<\/strong> zeigt sich ein interessanter Unterschied: Der Citro\u00ebn \u00eb-C3 l\u00e4dt mit bis zu 100 kW, der Renault 5 mit 80-90 kW. In der Praxis bedeutet dies Ladezeiten von 26 Minuten (\u00eb-C3) versus 30 Minuten (Renault 5) f\u00fcr 10-80 Prozent Batteriekapazit\u00e4t.<\/p>\n<p>F\u00fcr den urbanen Einsatz bieten beide Modelle ausreichend Reichweite. Wie andere <a href=\"https:\/\/www.journee-mondiale.com\/de\/tesla-bekommt-konkurrenz-diese-5-elektroautos-ueberstehen-die-hitzewelle\/\">hitzetaugliche Elektroautos<\/a> bew\u00e4ltigen sie auch sommerliche Temperaturen problemlos. Die <strong>Winterreichweite<\/strong> reduziert sich jedoch typischerweise um 20-30 Prozent.<\/p>\n<h2>Fahrdynamik und Ausstattung: Komfort versus Sportlichkeit<\/h2>\n<p>Der <strong>Citro\u00ebn \u00eb-C3<\/strong> mit seinen 113 PS fokussiert auf Komfort und Effizienz. Die Beschleunigung von 0-100 km\/h in 11 Sekunden reicht f\u00fcr den Stadtverkehr v\u00f6llig aus. Das Fahrwerk ist auf Komfort ausgelegt, verzichtet aber auf sportliche Ambitionen.<\/p>\n<p>Der <strong>Renault 5 E-Tech<\/strong> bietet hingegen echte Fahrfreude. Die 150-PS-Version beschleunigt in nur 8 Sekunden auf 100 km\/h und \u00fcberzeugt mit agiler Stra\u00dfenlage. Das moderne Infotainment mit Android Automotive OS und die verf\u00fcgbaren Assistenzsysteme setzen neue Ma\u00dfst\u00e4be in der Klasse.<\/p>\n<h2>Marktposition und Zukunftsperspektiven<\/h2>\n<p>Beide Modelle geh\u00f6ren zu den <strong>Top 5 der europ\u00e4ischen Elektroautos unter 30.000 Euro<\/strong>. W\u00e4hrend andere Hersteller wie <a href=\"https:\/\/www.journee-mondiale.com\/de\/byd-bekommt-konkurrenz-neue-elektro-schnaeppchen-zum-kampfpreis-erschuettern-deutschen-markt\/\">BYD mit g\u00fcnstigen Elektromodellen<\/a> den Markt herausfordern, setzen die Franzosen auf europ\u00e4ische Werte und etablierte Servicenetzwerke.<\/p>\n<p>Die <strong>Batteriegarantie<\/strong> von 8 Jahren oder 160.000 km unterstreicht das Vertrauen beider Hersteller in ihre Technologie. F\u00fcr Besitzer wird auch die <a href=\"https:\/\/www.journee-mondiale.com\/de\/klimaanlagen-wartungswelle-bald-kommt-die-teure-sommerfalle-worauf-sie-warten-sollten\/\">Wartung elektrischer Klimaanlagen<\/a> ein Thema &#8211; ein Kostenfaktor, der bei Elektroautos oft \u00fcbersehen wird.<\/p>\n<p>Die <strong>Renaissance der franz\u00f6sischen Elektroautos<\/strong> ist mehr als nur ein Comeback &#8211; sie zeigt, wie traditionelle Automobilnationen mit innovativer Technologie und cleverer Preispolitik den Markt neu definieren k\u00f6nnen. Beide Modelle machen Elektromobilit\u00e4t f\u00fcr breite Bev\u00f6lkerungsschichten zug\u00e4nglich und schreiben damit ein neues Kapitel franz\u00f6sischer Automobilgeschichte.<\/p>\n","protected":false},"excerpt":{"rendered":"<p>Die franz\u00f6sische Automobilgeschichte erlebt eine Renaissance. Zwei Legenden kehren zur\u00fcck: Der Renault 5 E-Tech Electric und der Citro\u00ebn \u00eb-C3 schreiben die Geschichte ihrer Vorg\u00e4nger neu. Diese Elektroautos unter 30.000 Euro zeigen, wie Tradition und Innovation verschmelzen k\u00f6nnen. Die Wiedergeburt zweier Automobillegenden In den 1970er Jahren pr\u00e4gten der Renault 5 und die Citro\u00ebn-Kleinwagen das Stra\u00dfenbild Europas. &#8230; <a title=\"Tesla bekommt Konkurrenz: Neue franz\u00f6sische Elektro-Legenden zum Kampfpreis\" class=\"read-more\" href=\"https:\/\/www.journee-mondiale.com\/de\/tesla-bekommt-konkurrenz-neue-franzoesische-elektro-legenden-zum-kampfpreis\/\" aria-label=\"Mehr Informationen \u00fcber Tesla bekommt Konkurrenz: Neue franz\u00f6sische Elektro-Legenden zum Kampfpreis\">Lire plus<\/a><\/p>\n","protected":false},"author":1,"featured_media":14623,"comment_status":"","ping_status":"","sticky":false,"template":"","format":"standard","meta":{"footnotes":""},"categories":[48],"tags":[],"class_list":["post-14624","post","type-post","status-publish","format-standard","has-post-thumbnail","hentry","category-lebensstil"],"acf":[],"_yoast_wpseo_primary_category":null,"_yoast_wpseo_title":null,"_yoast_wpseo_metadesc":null,"_links":{"self":[{"href":"https:\/\/www.journee-mondiale.com\/de\/wp-json\/wp\/v2\/posts\/14624","targetHints":{"allow":["GET"]}}],"collection":[{"href":"https:\/\/www.journee-mondiale.com\/de\/wp-json\/wp\/v2\/posts"}],"about":[{"href":"https:\/\/www.journee-mondiale.com\/de\/wp-json\/wp\/v2\/types\/post"}],"author":[{"embeddable":true,"href":"https:\/\/www.journee-mondiale.com\/de\/wp-json\/wp\/v2\/users\/1"}],"replies":[{"embeddable":true,"href":"https:\/\/www.journee-mondiale.com\/de\/wp-json\/wp\/v2\/comments?post=14624"}],"version-history":[{"count":0,"href":"https:\/\/www.journee-mondiale.com\/de\/wp-json\/wp\/v2\/posts\/14624\/revisions"}],"wp:featuredmedia":[{"embeddable":true,"href":"https:\/\/www.journee-mondiale.com\/de\/wp-json\/wp\/v2\/media\/14623"}],"wp:attachment":[{"href":"https:\/\/www.journee-mondiale.com\/de\/wp-json\/wp\/v2\/media?parent=14624"}],"wp:term":[{"taxonomy":"category","embeddable":true,"href":"https:\/\/www.journee-mondiale.com\/de\/wp-json\/wp\/v2\/categories?post=14624"},{"taxonomy":"post_tag","embeddable":true,"href":"https:\/\/www.journee-mondiale.com\/de\/wp-json\/wp\/v2\/tags?post=14624"}],"curies":[{"name":"wp","href":"https:\/\/api.w.org\/{rel}","templated":true}]}}