{"id":14612,"date":"2025-07-07T06:05:28","date_gmt":"2025-07-07T04:05:28","guid":{"rendered":"https:\/\/www.journee-mondiale.com\/de\/diese-7-991-einwohner-hansestadt-bewahrt-europas-artenreichstes-vogelschutzgebiet-seit-1636-zwischen-historischen-fachwerkhaeusern\/"},"modified":"2025-07-07T06:05:28","modified_gmt":"2025-07-07T04:05:28","slug":"diese-7-991-einwohner-hansestadt-bewahrt-europas-artenreichstes-vogelschutzgebiet-seit-1636-zwischen-historischen-fachwerkhaeusern","status":"publish","type":"post","link":"https:\/\/www.journee-mondiale.com\/de\/diese-7-991-einwohner-hansestadt-bewahrt-europas-artenreichstes-vogelschutzgebiet-seit-1636-zwischen-historischen-fachwerkhaeusern\/","title":{"rendered":"Diese 7.991-Einwohner Hansestadt bewahrt Europas artenreichstes Vogelschutzgebiet seit 1636 zwischen historischen Fachwerkh\u00e4usern"},"content":{"rendered":"<p>Entdecken Sie eine <strong>verborgene Perle des Sauerlandes<\/strong>, wo Geschichte und Natur in perfekter Harmonie verschmelzen. Medebach, eine charmante <strong>7.991-Einwohner-Stadt<\/strong>, \u00fcberrascht mit ihrer Kombination aus mittelalterlichem Erbe und atemberaubender Biodiversit\u00e4t. Hier erleben Sie eine Reise abseits ausgetretener Pfade, die selbst erfahrene Sauerland-Kenner in Staunen versetzt.<\/p>\n<h2>Eine Hansestadt mit \u00dcberraschungen<\/h2>\n<p>Seit 2012 tr\u00e4gt Medebach offiziell wieder den Titel &#8222;Hansestadt&#8220; \u2013 eine Anerkennung seiner <strong>\u00fcber 875-j\u00e4hrigen Geschichte<\/strong>. Doch statt \u00fcberf\u00fcllter Touristenmagnete erwarten Sie hier authentische Erlebnisse:<\/p>\n<ul>\n<li>Entdecken Sie versteckte Fachwerkh\u00e4user aus dem 17. und 18. Jahrhundert<\/li>\n<li>Schlendern Sie durch mittelalterliche Gassen zum historischen Marktplatz<\/li>\n<li>Erleben Sie lebendige Traditionen wie das &#8222;Gelobte Fest&#8220;, gefeiert seit 1636<\/li>\n<\/ul>\n<p>Medebach bietet eine willkommene Alternative zu bekannten Sauerland-Hotspots. W\u00e4hrend <a href=\"https:\/\/www.journee-mondiale.com\/de\/massentourismus-sommer-2025-dieser-slowenische-alpensee-mit-35-005-einwohnern-bleibt-verschont-von-instagram-horden\/\">andere Orte unter Massentourismus leiden<\/a>, genie\u00dfen Sie hier die Ruhe einer kleinen Hansestadt mit gro\u00dfem Charme.<\/p>\n<h2>Europas Vogelparadies vor Ihrer Haust\u00fcr<\/h2>\n<p>Das wahre Juwel Medebachs ist die <strong>Medebacher Bucht<\/strong> \u2013 ein 13.900 Hektar gro\u00dfes EU-Vogelschutzgebiet von europ\u00e4ischer Bedeutung. Naturliebhaber und Vogelbeobachter finden hier ein Eldorado:<\/p>\n<ul>\n<li>Beobachten Sie seltene Arten wie Schwarzstorch, Raubw\u00fcrger und Rotmilan<\/li>\n<li>Erkunden Sie versteckte Beobachtungspunkte, die nur Einheimische kennen<\/li>\n<li>Erleben Sie die Brutzeit von M\u00e4rz bis Juni oder den Vogelzug im Herbst<\/li>\n<\/ul>\n<p>Tipp von Locals: Der Beobachtungsturm &#8222;Das Baumhaus&#8220; in den Nuhnewiesen bietet atemberaubende Ausblicke auf die vielf\u00e4ltige Vogelwelt.<\/p>\n<h2>Wandern Sie auf den Spuren der Einheimischen<\/h2>\n<p>Medebach ist ein Paradies f\u00fcr Wanderer, die authentische Erlebnisse suchen. Hier einige Insider-Tipps abseits der Touristenpfade:<\/p>\n<ul>\n<li>Der &#8222;Sensenmannsweg&#8220; \u2013 eine kaum bekannte Route mit Wiesenpieper-Vorkommen<\/li>\n<li>Fr\u00fchmorgendliche Exkursionen zur F\u00fctterungszeit (5-8 Uhr) f\u00fcr beste Sichtungen<\/li>\n<li>Versteckte T\u00fcmpel bei Medelon, wo Sie mit etwas Gl\u00fcck Eisv\u00f6gel beobachten<\/li>\n<\/ul>\n<p>Diese Routen bieten nicht nur Naturerlebnisse, sondern auch Einblicke in die <strong>lokale Kultur und Traditionen<\/strong>. \u00c4hnlich wie <a href=\"https:\/\/www.journee-mondiale.com\/de\/diese-7-chiemsee-wanderwege-von-518-metern-hoehe-kennen-nur-2400-einheimische-seit-generationen\/\">einzigartige Wanderwege am Chiemsee<\/a>, sind diese Pfade echte Geheimtipps der Einheimischen.<\/p>\n<h2>Kultur und Natur in perfekter Balance<\/h2>\n<p>Medebach bietet eine seltene Kombination aus kulturellem Erbe und Naturschutz:<\/p>\n<ul>\n<li>Entdecken Sie lebendige Traditionen wie Sch\u00fctzenfeste und Karneval<\/li>\n<li>Besuchen Sie das Schwerspatmuseum in Dreislar f\u00fcr einen Einblick in die Bergbaugeschichte<\/li>\n<li>Genie\u00dfen Sie die Ruhe des Luftkurortes, ideal f\u00fcr Familien und Naturliebhaber<\/li>\n<\/ul>\n<p>Mit \u00fcber <strong>700.000 \u00dcbernachtungen pro Jahr<\/strong> bietet Medebach eine ruhige Alternative zu \u00fcberlaufenen Wintersportorten wie Winterberg, ohne dabei an Attraktivit\u00e4t einzub\u00fc\u00dfen.<\/p>\n<h2>Planen Sie Ihren Besuch<\/h2>\n<p>Um das Beste aus Ihrem Medebach-Besuch herauszuholen:<\/p>\n<ul>\n<li>Beste Reisezeit: M\u00e4rz bis Juni f\u00fcr Brutv\u00f6gel, September bis Oktober f\u00fcr Zugv\u00f6gel<\/li>\n<li>Anreise: Einfach mit dem Auto \u00fcber die A46 oder umweltfreundlich mit der &#8222;Vogelschutzlinie&#8220; (Bus 362) ab Winterberg<\/li>\n<li>Unterkunft: W\u00e4hlen Sie authentische Ferienh\u00f6fe in Referinghausen oder Bio-G\u00e4steh\u00e4user in Deifeld f\u00fcr ein echtes Sauerland-Erlebnis<\/li>\n<\/ul>\n<p>Medebach beweist, dass <strong>nachhaltiger Tourismus und kulturelles Erbe<\/strong> Hand in Hand gehen k\u00f6nnen. \u00c4hnlich wie <a href=\"https:\/\/www.journee-mondiale.com\/de\/deutschlands-dichtestes-denkmalensemble-bewahrt-in-diesem-7-156-einwohner-moselstaedtchen-ueber-100-historische-gebaeude-seit-900-jahren\/\">andere historische Kleinst\u00e4dte in Deutschland<\/a>, bewahrt Medebach sein architektonisches Erbe, w\u00e4hrend es gleichzeitig ein Vorreiter im Naturschutz ist.<\/p>\n<p>Entdecken Sie Medebach \u2013 wo Tradition, Natur und Nachhaltigkeit eine einzigartige Reiseerfahrung schaffen, fernab vom Massentourismus.<\/p>\n","protected":false},"excerpt":{"rendered":"<p>Entdecken Sie eine verborgene Perle des Sauerlandes, wo Geschichte und Natur in perfekter Harmonie verschmelzen. Medebach, eine charmante 7.991-Einwohner-Stadt, \u00fcberrascht mit ihrer Kombination aus mittelalterlichem Erbe und atemberaubender Biodiversit\u00e4t. Hier erleben Sie eine Reise abseits ausgetretener Pfade, die selbst erfahrene Sauerland-Kenner in Staunen versetzt. Eine Hansestadt mit \u00dcberraschungen Seit 2012 tr\u00e4gt Medebach offiziell wieder den &#8230; <a title=\"Diese 7.991-Einwohner Hansestadt bewahrt Europas artenreichstes Vogelschutzgebiet seit 1636 zwischen historischen Fachwerkh\u00e4usern\" class=\"read-more\" href=\"https:\/\/www.journee-mondiale.com\/de\/diese-7-991-einwohner-hansestadt-bewahrt-europas-artenreichstes-vogelschutzgebiet-seit-1636-zwischen-historischen-fachwerkhaeusern\/\" aria-label=\"Mehr Informationen \u00fcber Diese 7.991-Einwohner Hansestadt bewahrt Europas artenreichstes Vogelschutzgebiet seit 1636 zwischen historischen Fachwerkh\u00e4usern\">Lire plus<\/a><\/p>\n","protected":false},"author":1,"featured_media":14611,"comment_status":"","ping_status":"","sticky":false,"template":"","format":"standard","meta":{"footnotes":""},"categories":[49],"tags":[],"class_list":["post-14612","post","type-post","status-publish","format-standard","has-post-thumbnail","hentry","category-reisen"],"acf":[],"_yoast_wpseo_primary_category":null,"_yoast_wpseo_title":null,"_yoast_wpseo_metadesc":null,"_links":{"self":[{"href":"https:\/\/www.journee-mondiale.com\/de\/wp-json\/wp\/v2\/posts\/14612","targetHints":{"allow":["GET"]}}],"collection":[{"href":"https:\/\/www.journee-mondiale.com\/de\/wp-json\/wp\/v2\/posts"}],"about":[{"href":"https:\/\/www.journee-mondiale.com\/de\/wp-json\/wp\/v2\/types\/post"}],"author":[{"embeddable":true,"href":"https:\/\/www.journee-mondiale.com\/de\/wp-json\/wp\/v2\/users\/1"}],"replies":[{"embeddable":true,"href":"https:\/\/www.journee-mondiale.com\/de\/wp-json\/wp\/v2\/comments?post=14612"}],"version-history":[{"count":0,"href":"https:\/\/www.journee-mondiale.com\/de\/wp-json\/wp\/v2\/posts\/14612\/revisions"}],"wp:featuredmedia":[{"embeddable":true,"href":"https:\/\/www.journee-mondiale.com\/de\/wp-json\/wp\/v2\/media\/14611"}],"wp:attachment":[{"href":"https:\/\/www.journee-mondiale.com\/de\/wp-json\/wp\/v2\/media?parent=14612"}],"wp:term":[{"taxonomy":"category","embeddable":true,"href":"https:\/\/www.journee-mondiale.com\/de\/wp-json\/wp\/v2\/categories?post=14612"},{"taxonomy":"post_tag","embeddable":true,"href":"https:\/\/www.journee-mondiale.com\/de\/wp-json\/wp\/v2\/tags?post=14612"}],"curies":[{"name":"wp","href":"https:\/\/api.w.org\/{rel}","templated":true}]}}