{"id":14588,"date":"2025-07-06T10:04:52","date_gmt":"2025-07-06T08:04:52","guid":{"rendered":"https:\/\/www.journee-mondiale.com\/de\/deutschlands-dichtestes-denkmalensemble-bewahrt-in-diesem-7-156-einwohner-moselstaedtchen-ueber-100-historische-gebaeude-seit-900-jahren\/"},"modified":"2025-07-06T10:04:52","modified_gmt":"2025-07-06T08:04:52","slug":"deutschlands-dichtestes-denkmalensemble-bewahrt-in-diesem-7-156-einwohner-moselstaedtchen-ueber-100-historische-gebaeude-seit-900-jahren","status":"publish","type":"post","link":"https:\/\/www.journee-mondiale.com\/de\/deutschlands-dichtestes-denkmalensemble-bewahrt-in-diesem-7-156-einwohner-moselstaedtchen-ueber-100-historische-gebaeude-seit-900-jahren\/","title":{"rendered":"Deutschlands dichtestes Denkmalensemble bewahrt in diesem 7.156-Einwohner Moselst\u00e4dtchen \u00fcber 100 historische Geb\u00e4ude seit 900 Jahren"},"content":{"rendered":"<p>In diesem 7.156-Einwohner-Moselst\u00e4dtchen bewahrt jeder 71. Einwohner ein St\u00fcck Geschichte. Bernkastel-Kues, eine Schatzkammer mittelalterlicher Architektur, beherbergt \u00fcber <strong>100 denkmalgesch\u00fctzte Geb\u00e4ude<\/strong> auf engstem Raum &#8211; eine Dichte, die ihresgleichen sucht. Seit 900 Jahren thronen diese steinernen Zeugen der Vergangenheit \u00fcber der Mosel und machen die Stadt zu einem lebendigen Freilichtmuseum.<\/p>\n<h2>Ein architektonisches Wunder im Herzen des Moseltals<\/h2>\n<p>Inmitten der malerischen Weinberge des <a href=\"https:\/\/www.journee-mondiale.com\/de\/aeltestes-weinanbaugebiet-europas-dieses-545-kilometer-lange-drei-laender-flusstal-bewahrt-2000-jahre-roemische-tradition\/\">Moseltals, das seit 2000 Jahren r\u00f6mische Weintradition pflegt<\/a>, erhebt sich Bernkastel-Kues als architektonisches Juwel. Mit einer <strong>Denkmaldichte von etwa 12 Geb\u00e4uden pro 1.000 Einwohner<\/strong> \u00fcbertrifft die Stadt sogar ber\u00fchmte Kulturzentren. Zum Vergleich: Das UNESCO-Weltkulturerbe Quedlinburg kommt auf etwa 15 Denkm\u00e4ler pro 1.000 Einwohner.<\/p>\n<h2>Das Spitzh\u00e4uschen &#8211; Ein 600 Jahre altes Selfie-Motiv<\/h2>\n<p>Im Herzen der Altstadt ragt das <strong>Spitzh\u00e4uschen<\/strong> empor, ein architektonisches Meisterwerk aus dem Jahr 1416. Dieses dreigeschossige Weinbauernhaus mit seinem charakteristischen spitzen Giebel ist nicht nur ein Symbol mittelalterlicher Baukunst, sondern auch das meistfotografierte Geb\u00e4ude der Stadt. Seine geschwungenen Fachwerkstreben und die originalen Weinf\u00e4sser im Erdgeschoss erz\u00e4hlen Geschichten von 600 Jahren Weinbautradition.<\/p>\n<h2>Burg Landshut &#8211; Von den Flammen zur Aussichtsplattform<\/h2>\n<p>Hoch \u00fcber den D\u00e4chern thront die <strong>Ruine der Burg Landshut<\/strong>, ein Wahrzeichen mit bewegter Geschichte. Vor genau 400 Jahren, im Jahr 1625, fiel die Burg einem verheerenden Brand zum Opfer. Doch statt in Vergessenheit zu geraten, erlebte sie eine Renaissance: Heute bietet ihr 50 Meter hoher Bergfried Besuchern einen atemberaubenden Panoramablick \u00fcber das Moseltal und die Weinberge.<\/p>\n<h2>Lebendige Tradition: Das Weinfest der Mittelmosel<\/h2>\n<p>Die Geschichte Bernkastel-Kues&#8216; ist untrennbar mit dem Wein verbunden. Vom 4. bis 8. September 2025 verwandelt das <strong>Weinfest der Mittelmosel<\/strong> die Stadt in eine pulsierende Feier der Weinkultur. H\u00f6hepunkte wie der Moselbl\u00fcmchen-Abend am 4. September, bei dem Einheimische in traditioneller Winzertracht die Stra\u00dfen s\u00e4umen, oder der historische Festumzug am 7. September lassen die Vergangenheit lebendig werden.<\/p>\n<h2>Ein Denkmal-Ensemble von Weltrang<\/h2>\n<p>Mit \u00fcber <strong>600 denkmalgesch\u00fctzten Geb\u00e4uden<\/strong> auf engstem Raum bietet Bernkastel-Kues eine architektonische Vielfalt, die <a href=\"https:\/\/www.journee-mondiale.com\/de\/was-roermonds-61-227-einwohner-outlet-shoppern-ueber-sechs-versteckte-architekturstile-verschweigen\/\">selbst gr\u00f6\u00dfere St\u00e4dte in den Schatten stellt<\/a>. Vom gotischen Rathaus aus dem Jahr 1608 bis zu den malerischen Fachwerkh\u00e4usern aus der Renaissance &#8211; jede Gasse erz\u00e4hlt eine andere Geschichte. Diese einzigartige Konzentration historischer Bausubstanz macht die Stadt zu einem Mekka f\u00fcr Architekturliebhaber und Geschichtsinteressierte.<\/p>\n<h2>Bernkastel-Kues: Mehr als nur ein Weinst\u00e4dtchen<\/h2>\n<p>W\u00e4hrend <a href=\"https:\/\/www.journee-mondiale.com\/de\/weniger-touristisch-als-marburg-verbindet-diese-nordhessische-stadt-von-14-011-einwohnern-mittelalterlichen-charme-mit-globaler-medizintechnik-innovation\/\">andere historische Kleinst\u00e4dte oft im Schatten bekannterer Reiseziele stehen<\/a>, hat sich Bernkastel-Kues als eigenst\u00e4ndige Destination etabliert. Mit j\u00e4hrlich \u00fcber 200.000 Besuchern ist die Stadt ein lebendiges Beispiel daf\u00fcr, wie kulturelles Erbe und moderne Gastfreundschaft harmonisch verschmelzen k\u00f6nnen. Besonders w\u00e4hrend des Weinfestes im September platzt die kleine Stadt regelrecht aus allen N\u00e4hten und bietet ein einzigartiges Erlebnis f\u00fcr Kultur- und Weinliebhaber gleicherma\u00dfen.<\/p>\n<p>Bernkastel-Kues ist mehr als nur eine Ansammlung alter Steine. Es ist ein lebendiges Zeugnis deutscher Geschichte, wo jedes Geb\u00e4ude eine Geschichte erz\u00e4hlt und jeder Winkel eine neue Entdeckung bereith\u00e4lt. In dieser einzigartigen Schatzkammer mittelalterlicher Architektur wird Geschichte nicht nur bewahrt, sondern t\u00e4glich gelebt und gefeiert.<\/p>\n","protected":false},"excerpt":{"rendered":"<p>In diesem 7.156-Einwohner-Moselst\u00e4dtchen bewahrt jeder 71. Einwohner ein St\u00fcck Geschichte. Bernkastel-Kues, eine Schatzkammer mittelalterlicher Architektur, beherbergt \u00fcber 100 denkmalgesch\u00fctzte Geb\u00e4ude auf engstem Raum &#8211; eine Dichte, die ihresgleichen sucht. Seit 900 Jahren thronen diese steinernen Zeugen der Vergangenheit \u00fcber der Mosel und machen die Stadt zu einem lebendigen Freilichtmuseum. Ein architektonisches Wunder im Herzen des &#8230; <a title=\"Deutschlands dichtestes Denkmalensemble bewahrt in diesem 7.156-Einwohner Moselst\u00e4dtchen \u00fcber 100 historische Geb\u00e4ude seit 900 Jahren\" class=\"read-more\" href=\"https:\/\/www.journee-mondiale.com\/de\/deutschlands-dichtestes-denkmalensemble-bewahrt-in-diesem-7-156-einwohner-moselstaedtchen-ueber-100-historische-gebaeude-seit-900-jahren\/\" aria-label=\"Mehr Informationen \u00fcber Deutschlands dichtestes Denkmalensemble bewahrt in diesem 7.156-Einwohner Moselst\u00e4dtchen \u00fcber 100 historische Geb\u00e4ude seit 900 Jahren\">Lire plus<\/a><\/p>\n","protected":false},"author":1,"featured_media":14587,"comment_status":"","ping_status":"","sticky":false,"template":"","format":"standard","meta":{"footnotes":""},"categories":[49],"tags":[],"class_list":["post-14588","post","type-post","status-publish","format-standard","has-post-thumbnail","hentry","category-reisen"],"acf":[],"_yoast_wpseo_primary_category":null,"_yoast_wpseo_title":null,"_yoast_wpseo_metadesc":null,"_links":{"self":[{"href":"https:\/\/www.journee-mondiale.com\/de\/wp-json\/wp\/v2\/posts\/14588","targetHints":{"allow":["GET"]}}],"collection":[{"href":"https:\/\/www.journee-mondiale.com\/de\/wp-json\/wp\/v2\/posts"}],"about":[{"href":"https:\/\/www.journee-mondiale.com\/de\/wp-json\/wp\/v2\/types\/post"}],"author":[{"embeddable":true,"href":"https:\/\/www.journee-mondiale.com\/de\/wp-json\/wp\/v2\/users\/1"}],"replies":[{"embeddable":true,"href":"https:\/\/www.journee-mondiale.com\/de\/wp-json\/wp\/v2\/comments?post=14588"}],"version-history":[{"count":0,"href":"https:\/\/www.journee-mondiale.com\/de\/wp-json\/wp\/v2\/posts\/14588\/revisions"}],"wp:featuredmedia":[{"embeddable":true,"href":"https:\/\/www.journee-mondiale.com\/de\/wp-json\/wp\/v2\/media\/14587"}],"wp:attachment":[{"href":"https:\/\/www.journee-mondiale.com\/de\/wp-json\/wp\/v2\/media?parent=14588"}],"wp:term":[{"taxonomy":"category","embeddable":true,"href":"https:\/\/www.journee-mondiale.com\/de\/wp-json\/wp\/v2\/categories?post=14588"},{"taxonomy":"post_tag","embeddable":true,"href":"https:\/\/www.journee-mondiale.com\/de\/wp-json\/wp\/v2\/tags?post=14588"}],"curies":[{"name":"wp","href":"https:\/\/api.w.org\/{rel}","templated":true}]}}