{"id":14540,"date":"2025-07-04T16:05:37","date_gmt":"2025-07-04T14:05:37","guid":{"rendered":"https:\/\/www.journee-mondiale.com\/de\/diese-karibische-privatinsel-fuer-nur-54-gaeste-beherbergt-200-flamingos-zwischen-balinesischen-villen\/"},"modified":"2025-07-04T16:05:37","modified_gmt":"2025-07-04T14:05:37","slug":"diese-karibische-privatinsel-fuer-nur-54-gaeste-beherbergt-200-flamingos-zwischen-balinesischen-villen","status":"publish","type":"post","link":"https:\/\/www.journee-mondiale.com\/de\/diese-karibische-privatinsel-fuer-nur-54-gaeste-beherbergt-200-flamingos-zwischen-balinesischen-villen\/","title":{"rendered":"Diese karibische Privatinsel f\u00fcr nur 54 G\u00e4ste beherbergt 200 Flamingos zwischen balinesischen Villen"},"content":{"rendered":"<p>Stellen Sie sich vor, Sie betreten eine Welt, in der tropische Luxus und unber\u00fchrte Natur in perfekter Harmonie existieren. Willkommen auf Necker Island, Sir Richard Bransons <strong>exklusives Paradies f\u00fcr nur 54 G\u00e4ste<\/strong>, das sich \u00fcber 0,30 Quadratkilometer karibisches Juwel erstreckt. Hier, wo balinesische Villen auf flammende Flamingoschw\u00e4rme treffen, erwartet Sie ein Erlebnis, das selbst die anspruchsvollsten Reisenden in Ehrfurcht versetzt.<\/p>\n<h2>Ein Mikrokosmos der Exklusivit\u00e4t: 54 G\u00e4ste, 200 Flamingos<\/h2>\n<p>Auf Necker Island verschmelzen Luxus und Biodiversit\u00e4t zu einer einzigartigen Erfahrung. <strong>Maximal 48 Erwachsene und 6 Kinder<\/strong> k\u00f6nnen gleichzeitig die Insel bewohnen, umgeben von einer pulsierenden Tierwelt. Stellen Sie sich vor, wie Sie Ihren Morgen-Smoothie schl\u00fcrfen, w\u00e4hrend eine Schar von <strong>200 Flamingos<\/strong> majest\u00e4tisch \u00fcber die Lagunen zieht. Diese au\u00dfergew\u00f6hnliche Balance zwischen menschlicher Pr\u00e4senz und Naturspektakel macht Necker Island zu einem wahrhaft einzigartigen Reiseziel.<\/p>\n<h2>Balinesische Eleganz trifft karibische Lebensfreude<\/h2>\n<p>Die Architektur der Insel ist ein Fest f\u00fcr die Sinne. <strong>24 exquisite Zimmer<\/strong>, verteilt auf balinesisch inspirierte Villen und das pr\u00e4chtige Great House, bieten atemberaubende 360-Grad-Blicke auf das azurblaue Meer. Handgeschnitzte Holzbalkone und kunstvoll gestaltete Steinfassaden zeugen von der Liebe zum Detail. Jede Villa verf\u00fcgt \u00fcber private Pools, Strandterrassen und Outdoor-Duschen &#8211; ein Luxus, der selbst <a href=\"https:\/\/www.journee-mondiale.com\/de\/diese-italienische-insel-von-27-einwohnern-versteckt-roemische-ruinen-und-kristallklare-unterwasserhoehlen\/\">die versteckten Sch\u00e4tze italienischer Inseln<\/a> in den Schatten stellt.<\/p>\n<h2>Nachhaltiger Luxus: Die gr\u00fcne Revolution der Karibik<\/h2>\n<p>Necker Island setzt neue Ma\u00dfst\u00e4be in Sachen \u00d6ko-Luxus. <strong>1.232 Solarpaneele<\/strong> und Windturbinen decken einen Gro\u00dfteil des Energiebedarfs. Das Ziel? Eine <strong>75-prozentige Reduktion des Dieselverbrauchs<\/strong>. Diese Hingabe zur Nachhaltigkeit steht in krassem Gegensatz zu <a href=\"https:\/\/www.journee-mondiale.com\/de\/warum-dieser-pazifik-atoll-von-296-einwohnern-5-meter-ueber-dem-meer-70-jahre-atommuell-versteckt\/\">anderen Pazifikinseln, die mit Umweltproblemen k\u00e4mpfen<\/a>. Hier genie\u00dfen Sie Luxus mit reinem Gewissen, w\u00e4hrend Sie aktiv zum Schutz der karibischen Meere beitragen.<\/p>\n<h2>Exklusive Erlebnisse: Von Privatregatta bis Lemuren-F\u00fctterung<\/h2>\n<p>Die &#8222;Celebration Weeks&#8220; \u00f6ffnen die Tore zu diesem Paradies f\u00fcr ausgew\u00e4hlte G\u00e4ste. Ob Sie nun beim <strong>Leadership Gathering im Juni 2025<\/strong> oder beim <strong>Entrepreneurs Event im November<\/strong> dabei sein m\u00f6chten &#8211; f\u00fcr einen Startpreis von 21.788 USD pro Person erleben Sie f\u00fcnf Tage puren Luxus. Segelregatten mit Sir Richard Branson pers\u00f6nlich, Schachturniere unter Palmen oder das F\u00fcttern verspielter Lemuren &#8211; hier werden Tr\u00e4ume wahr, von denen selbst <a href=\"https:\/\/www.journee-mondiale.com\/de\/weniger-bekannt-als-zermatt-transformierte-dieser-1500-meter-hohe-schweizer-kurort-sich-zum-sonnigsten-golf-ski-hotspot-der-alpen\/\">exklusive Schweizer Ski-Resorts<\/a> nur tr\u00e4umen k\u00f6nnen.<\/p>\n<h2>Ein Leuchtturm der Regeneration<\/h2>\n<p>Nach der Verw\u00fcstung durch Hurrikan Irma 2017 erstrahlte Necker Island wie ein Ph\u00f6nix aus der Asche. Der Wiederaufbau folgte nicht nur dem Ziel der Wiederherstellung, sondern der Verbesserung. <strong>100% erneuerbare Energieanlagen<\/strong> und verbesserte Sturmresistenz machen die Insel zu einem Vorbild f\u00fcr nachhaltigen Luxustourismus in Zeiten des Klimawandels.<\/p>\n<p>Necker Island ist mehr als eine Luxusdestination &#8211; es ist eine Sinfonie aus Exklusivit\u00e4t, Naturwunder und Nachhaltigkeit. In einer Welt, die nach authentischen Erlebnissen d\u00fcrstet, bietet diese Privatinsel eine Oase der Erneuerung f\u00fcr K\u00f6rper und Geist. Hier, wo Flamingos in der Abendd\u00e4mmerung tanzen und der Luxus im Einklang mit der Natur steht, finden Sie vielleicht mehr als nur Urlaub &#8211; Sie entdecken eine neue Perspektive auf das, was wirklich wertvoll ist.<\/p>\n","protected":false},"excerpt":{"rendered":"<p>Stellen Sie sich vor, Sie betreten eine Welt, in der tropische Luxus und unber\u00fchrte Natur in perfekter Harmonie existieren. Willkommen auf Necker Island, Sir Richard Bransons exklusives Paradies f\u00fcr nur 54 G\u00e4ste, das sich \u00fcber 0,30 Quadratkilometer karibisches Juwel erstreckt. Hier, wo balinesische Villen auf flammende Flamingoschw\u00e4rme treffen, erwartet Sie ein Erlebnis, das selbst die &#8230; <a title=\"Diese karibische Privatinsel f\u00fcr nur 54 G\u00e4ste beherbergt 200 Flamingos zwischen balinesischen Villen\" class=\"read-more\" href=\"https:\/\/www.journee-mondiale.com\/de\/diese-karibische-privatinsel-fuer-nur-54-gaeste-beherbergt-200-flamingos-zwischen-balinesischen-villen\/\" aria-label=\"Mehr Informationen \u00fcber Diese karibische Privatinsel f\u00fcr nur 54 G\u00e4ste beherbergt 200 Flamingos zwischen balinesischen Villen\">Lire plus<\/a><\/p>\n","protected":false},"author":1,"featured_media":14539,"comment_status":"","ping_status":"","sticky":false,"template":"","format":"standard","meta":{"footnotes":""},"categories":[49],"tags":[],"class_list":["post-14540","post","type-post","status-publish","format-standard","has-post-thumbnail","hentry","category-reisen"],"acf":[],"_yoast_wpseo_primary_category":null,"_yoast_wpseo_title":null,"_yoast_wpseo_metadesc":null,"_links":{"self":[{"href":"https:\/\/www.journee-mondiale.com\/de\/wp-json\/wp\/v2\/posts\/14540","targetHints":{"allow":["GET"]}}],"collection":[{"href":"https:\/\/www.journee-mondiale.com\/de\/wp-json\/wp\/v2\/posts"}],"about":[{"href":"https:\/\/www.journee-mondiale.com\/de\/wp-json\/wp\/v2\/types\/post"}],"author":[{"embeddable":true,"href":"https:\/\/www.journee-mondiale.com\/de\/wp-json\/wp\/v2\/users\/1"}],"replies":[{"embeddable":true,"href":"https:\/\/www.journee-mondiale.com\/de\/wp-json\/wp\/v2\/comments?post=14540"}],"version-history":[{"count":0,"href":"https:\/\/www.journee-mondiale.com\/de\/wp-json\/wp\/v2\/posts\/14540\/revisions"}],"wp:featuredmedia":[{"embeddable":true,"href":"https:\/\/www.journee-mondiale.com\/de\/wp-json\/wp\/v2\/media\/14539"}],"wp:attachment":[{"href":"https:\/\/www.journee-mondiale.com\/de\/wp-json\/wp\/v2\/media?parent=14540"}],"wp:term":[{"taxonomy":"category","embeddable":true,"href":"https:\/\/www.journee-mondiale.com\/de\/wp-json\/wp\/v2\/categories?post=14540"},{"taxonomy":"post_tag","embeddable":true,"href":"https:\/\/www.journee-mondiale.com\/de\/wp-json\/wp\/v2\/tags?post=14540"}],"curies":[{"name":"wp","href":"https:\/\/api.w.org\/{rel}","templated":true}]}}