{"id":14506,"date":"2025-07-03T14:05:29","date_gmt":"2025-07-03T12:05:29","guid":{"rendered":"https:\/\/www.journee-mondiale.com\/de\/warum-sie-schwarzkuemmeloel-ab-60-jahren-falsch-dosieren\/"},"modified":"2025-07-03T14:05:29","modified_gmt":"2025-07-03T12:05:29","slug":"warum-sie-schwarzkuemmeloel-ab-60-jahren-falsch-dosieren","status":"publish","type":"post","link":"https:\/\/www.journee-mondiale.com\/de\/warum-sie-schwarzkuemmeloel-ab-60-jahren-falsch-dosieren\/","title":{"rendered":"Warum Sie Schwarzk\u00fcmmel\u00f6l ab 60 Jahren falsch dosieren"},"content":{"rendered":"<p>Die meisten Menschen machen einen fatalen Fehler bei der Anwendung von <strong>Schwarzk\u00fcmmel\u00f6l<\/strong> \u2013 und das betrifft besonders verschiedene Altersgruppen v\u00f6llig unterschiedlich. Als Heilpraktiker sehe ich t\u00e4glich, wie Menschen \u00fcber 60 Jahren andere Dosierungen ben\u00f6tigen als j\u00fcngere Anwender, doch diese entscheidenden Unterschiede werden v\u00f6llig ignoriert.<\/p>\n<p>Bei <strong>\u00fcber 60-J\u00e4hrigen<\/strong> zeigt sich eine dramatisch h\u00f6here Empfindlichkeit gegen\u00fcber dem \u00d6l. Ihre ver\u00e4nderten Stoffwechselprozesse f\u00fchren zu einem erh\u00f6hten Risiko f\u00fcr Nierenbelastungen und gef\u00e4hrliche Blutzuckerschwankungen. Gleichzeitig profitieren sie besonders stark von der antioxidativen Wirkung \u2013 wenn die Dosierung stimmt.<\/p>\n<h2>Die kritischen Anwendungsfehler der verschiedenen Altersgruppen<\/h2>\n<p>Menschen <strong>unter 40 Jahren<\/strong> neigen zur Selbstmedikation und \u00fcberschreiten regelm\u00e4\u00dfig die Tagesdosis von 3 Gramm. Sie nehmen oft sechs Kapseln t\u00e4glich ohne \u00e4rztliche Beratung ein, was zu chronischen Magenbeschwerden und \u00dcbelkeit f\u00fchrt.<\/p>\n<p>Die <strong>\u00e4lteren Anwender<\/strong> hingegen reduzieren ihre Dosis nicht entsprechend ihrer ver\u00e4nderten K\u00f6rperfunktionen. Besonders gef\u00e4hrlich wird es, wenn sie gleichzeitig Blutverd\u00fcnner einnehmen \u2013 das Blutungsrisiko steigt dramatisch an.<\/p>\n<p>Bei <a href=\"https:\/\/www.journee-mondiale.com\/de\/diese-7-koerpersignale-verraten-b12-mangel-ohne-teuren-bluttest\/\">Mangelerscheinungen<\/a> greifen viele reflexartig zu h\u00f6heren Schwarzk\u00fcmmel\u00f6l-Dosen, ohne die altersspezifischen Unterschiede zu beachten.<\/p>\n<h2>Warum Medikamenteninteraktionen bei \u00e4lteren Menschen besonders gef\u00e4hrlich sind<\/h2>\n<p>Das im Schwarzk\u00fcmmel\u00f6l enthaltene <strong>Thymochinon<\/strong> hemmt die Thrombozytenaggregation und verst\u00e4rkt die Wirkung von Blutverd\u00fcnnern wie Warfarin. Bei Diabetikern \u00fcber 60 Jahren verst\u00e4rkt es zus\u00e4tzlich die blutzuckersenkende Wirkung der Medikamente \u2013 hypoglyk\u00e4mische Episoden sind die Folge.<\/p>\n<p>Eine 72-j\u00e4hrige Diabetikerin aus meiner Praxis erlebte genau das: Nach der Anpassung auf einen Teel\u00f6ffel t\u00e4glich plus Metformin-Dosierung reduzierten sich ihre Nervenschmerzen um 40 Prozent \u2013 ohne gef\u00e4hrliche Blutzuckerschwankungen.<\/p>\n<h2>Die optimale Winteranwendung nach Altersgruppen<\/h2>\n<p>In der kalten Jahreszeit wirkt Schwarzk\u00fcmmel\u00f6l besonders effektiv bei <strong>Atemwegserkrankungen<\/strong> und Gelenkschmerzen. J\u00fcngere Menschen vertragen Inhalationen mit zwei Essl\u00f6ffeln in hei\u00dfem Wasser, w\u00e4hrend \u00e4ltere Anwender maximal einen Essl\u00f6ffel verwenden sollten.<\/p>\n<p>Die Massage mit erw\u00e4rmtem \u00d6l bei Gelenkschmerzen zeigt bei <strong>Wintersportlern<\/strong> eine 40-prozentige Reduktion der Schmerzepisoden \u2013 jedoch nur bei altersangepasster Anwendung.<\/p>\n<p>Wie <a href=\"https:\/\/www.journee-mondiale.com\/de\/diese-kuechenkraeuter-wirken-staerker-als-teure-nahrungsergaenzung\/\">nat\u00fcrliche K\u00fcchenalternativen<\/a> zeigen auch hier die Dosierung den entscheidenden Unterschied.<\/p>\n<h2>Qualit\u00e4tsmerkmale und therapeutische Dosierung<\/h2>\n<p>Hochwertiges Schwarzk\u00fcmmel\u00f6l muss <strong>kaltgepresst<\/strong> bei maximal 40 Grad Celsius sein, um das wirksame Thymochinon zu erhalten. Bio-Zertifizierung vermeidet Pestizidr\u00fcckst\u00e4nde, w\u00e4hrend dunkle Glasflaschen vor Lichtoxidation sch\u00fctzen.<\/p>\n<p>Die therapeutische Standarddosierung betr\u00e4gt ein bis zwei Teel\u00f6ffel t\u00e4glich f\u00fcr gesunde Erwachsene. <strong>Absolute Kontraindikationen<\/strong> bestehen bei Schwangerschaft aufgrund der uterotonischen Wirkung und bei Niereninsuffizienz wegen des Proteinurie-Risikos.<\/p>\n<p>Besonders wichtig: Menschen mit <strong>Doldenbl\u00fctler-Allergie<\/strong> riskieren eine Anaphylaxie und sollten das \u00d6l vollst\u00e4ndig meiden.<\/p>\n<h2>Erfolgsbeispiele aus der Praxis<\/h2>\n<p>Ein 35-j\u00e4hriger Psoriasis-Patient kombinierte die \u00e4u\u00dferliche Anwendung mit zwei Kapseln t\u00e4glich und erzielte einen 90-prozentigen R\u00fcckgang der L\u00e4sionen innerhalb von acht Wochen. Bei einem \u00e4lteren Patienten mit identischer Erkrankung f\u00fchrte dieselbe Dosierung zu Hautirritationen \u2013 erst die Halbierung brachte den gew\u00fcnschten Erfolg.<\/p>\n<p>Diese Beispiele belegen: <a href=\"https:\/\/www.journee-mondiale.com\/de\/diese-harvard-studie-beweist-pflanzenkost-reduziert-sterblichkeit-um-30\/\">Wissenschaftliche Studien<\/a> best\u00e4tigen die Wirksamkeit, doch die altersadaptierte Anwendung entscheidet \u00fcber Erfolg oder Misserfolg.<\/p>\n<p>Die Erkenntnis ist eindeutig: <strong>Schwarzk\u00fcmmel\u00f6l<\/strong> kann bei korrekter, altersangepasster Anwendung au\u00dfergew\u00f6hnliche Heileffekte erzielen. Doch nur wer die spezifischen Bed\u00fcrfnisse und Risiken seiner Altersgruppe kennt, kann das volle Potenzial dieses wertvollen Naturheilmittels sicher nutzen.<\/p>\n","protected":false},"excerpt":{"rendered":"<p>Die meisten Menschen machen einen fatalen Fehler bei der Anwendung von Schwarzk\u00fcmmel\u00f6l \u2013 und das betrifft besonders verschiedene Altersgruppen v\u00f6llig unterschiedlich. Als Heilpraktiker sehe ich t\u00e4glich, wie Menschen \u00fcber 60 Jahren andere Dosierungen ben\u00f6tigen als j\u00fcngere Anwender, doch diese entscheidenden Unterschiede werden v\u00f6llig ignoriert. Bei \u00fcber 60-J\u00e4hrigen zeigt sich eine dramatisch h\u00f6here Empfindlichkeit gegen\u00fcber dem &#8230; <a title=\"Warum Sie Schwarzk\u00fcmmel\u00f6l ab 60 Jahren falsch dosieren\" class=\"read-more\" href=\"https:\/\/www.journee-mondiale.com\/de\/warum-sie-schwarzkuemmeloel-ab-60-jahren-falsch-dosieren\/\" aria-label=\"Mehr Informationen \u00fcber Warum Sie Schwarzk\u00fcmmel\u00f6l ab 60 Jahren falsch dosieren\">Lire plus<\/a><\/p>\n","protected":false},"author":1,"featured_media":14505,"comment_status":"","ping_status":"","sticky":false,"template":"","format":"standard","meta":{"footnotes":""},"categories":[8],"tags":[],"class_list":["post-14506","post","type-post","status-publish","format-standard","has-post-thumbnail","hentry","category-gesundheit"],"acf":[],"_yoast_wpseo_primary_category":null,"_yoast_wpseo_title":null,"_yoast_wpseo_metadesc":null,"_links":{"self":[{"href":"https:\/\/www.journee-mondiale.com\/de\/wp-json\/wp\/v2\/posts\/14506","targetHints":{"allow":["GET"]}}],"collection":[{"href":"https:\/\/www.journee-mondiale.com\/de\/wp-json\/wp\/v2\/posts"}],"about":[{"href":"https:\/\/www.journee-mondiale.com\/de\/wp-json\/wp\/v2\/types\/post"}],"author":[{"embeddable":true,"href":"https:\/\/www.journee-mondiale.com\/de\/wp-json\/wp\/v2\/users\/1"}],"replies":[{"embeddable":true,"href":"https:\/\/www.journee-mondiale.com\/de\/wp-json\/wp\/v2\/comments?post=14506"}],"version-history":[{"count":0,"href":"https:\/\/www.journee-mondiale.com\/de\/wp-json\/wp\/v2\/posts\/14506\/revisions"}],"wp:featuredmedia":[{"embeddable":true,"href":"https:\/\/www.journee-mondiale.com\/de\/wp-json\/wp\/v2\/media\/14505"}],"wp:attachment":[{"href":"https:\/\/www.journee-mondiale.com\/de\/wp-json\/wp\/v2\/media?parent=14506"}],"wp:term":[{"taxonomy":"category","embeddable":true,"href":"https:\/\/www.journee-mondiale.com\/de\/wp-json\/wp\/v2\/categories?post=14506"},{"taxonomy":"post_tag","embeddable":true,"href":"https:\/\/www.journee-mondiale.com\/de\/wp-json\/wp\/v2\/tags?post=14506"}],"curies":[{"name":"wp","href":"https:\/\/api.w.org\/{rel}","templated":true}]}}