{"id":13396,"date":"2025-04-29T08:36:30","date_gmt":"2025-04-29T06:36:30","guid":{"rendered":"https:\/\/www.journee-mondiale.com\/de\/dieser-strukturierte-pixie-macht-feines-haar-30-voluminoeser-und-laesst-sie-8-jahre-juenger-wirken\/"},"modified":"2025-04-29T08:36:30","modified_gmt":"2025-04-29T06:36:30","slug":"dieser-strukturierte-pixie-macht-feines-haar-30-voluminoeser-und-laesst-sie-8-jahre-juenger-wirken","status":"publish","type":"post","link":"https:\/\/www.journee-mondiale.com\/de\/dieser-strukturierte-pixie-macht-feines-haar-30-voluminoeser-und-laesst-sie-8-jahre-juenger-wirken\/","title":{"rendered":"Dieser strukturierte Pixie macht feines Haar 30% volumin\u00f6ser (&#8230; und l\u00e4sst Sie 8 Jahre j\u00fcnger wirken)"},"content":{"rendered":"<p>Der Fr\u00fchling ist da, und mit ihm kommt eine frische Welle von Haarschnitten, die Style und Praktikabilit\u00e4t vereinen. Der <strong>strukturierte Pixie Cut 2025<\/strong> etabliert sich als die ultimative Trendfrisur f\u00fcr all jene, die einen mutigen, leichten Look suchen. Dieser moderne Kurzhaarschnitt bietet mehr als nur Style \u2013 er symbolisiert Selbstbewusstsein und Freiheit, perfekt f\u00fcr die w\u00e4rmeren Monate, die vor uns liegen.<\/p>\n<h2>Warum der strukturierte Pixie 2025 die Fr\u00fchjahrssaison dominiert<\/h2>\n<p>Der Trend verzeichnet beeindruckende <strong>30% mehr Nachfrage<\/strong> in Salons verglichen mit dem Vorjahr. \u201eWas den strukturierten Pixie 2025 auszeichnet, ist seine unglaubliche Vielseitigkeit bei minimalem Pflegeaufwand \u2013 ideal f\u00fcr aktive Frauen, die im Fr\u00fchling und kommenden Sommer nicht viel Zeit mit dem F\u00f6hnen verbringen m\u00f6chten&#8220;, erkl\u00e4rt <strong>Lisa Bergmann<\/strong>, renommierte Hairstylistin aus Berlin.<\/p>\n<p>Der klassische Pixie erh\u00e4lt in dieser Saison ein signifikantes Upgrade durch <strong>asymmetrische Linien<\/strong> und <strong>texturierte Oberfl\u00e4chen<\/strong>, die selbst feinem Haar beeindruckendes Volumen verleihen. \u00c4hnliche Volumeneffekte werden auch beim <a href=\"https:\/\/www.journee-mondiale.com\/de\/dieser-strukturierte-kurzhaarschnitt-macht-feines-haar-40-voller-und-verjuengt-um-8-jahre\/\" target=\"_blank\">strukturierten Kurzhaarschnitt f\u00fcr feines Haar<\/a> erzielt, der das Haar bis zu 40% voller erscheinen l\u00e4sst.<\/p>\n<h2>Charakteristische Merkmale f\u00fcr den perfekten strukturierten Pixie<\/h2>\n<p>Was macht den strukturierten Pixie 2025 so besonders? Diese wesentlichen Elemente definieren den Look:<\/p>\n<ul>\n<li><strong>Dynamische Asymmetrie<\/strong> &#8211; scharfe Winkel und l\u00e4ngere Deckhaare betonen Gesichtsz\u00fcge<\/li>\n<li><strong>Hochgradig texturierte Schichten<\/strong> &#8211; schaffen Dimension und Bewegung<\/li>\n<li><strong>Hybride \u00dcbergangsm\u00f6glichkeiten<\/strong> &#8211; wie der Bixie Wolf Cut f\u00fcr vorsichtigere Stylerinnen<\/li>\n<li><strong>Individuelle Anpassbarkeit<\/strong> &#8211; optimierbar f\u00fcr verschiedene Gesichtsformen<\/li>\n<\/ul>\n<h2>F\u00fcr welche Gesichtsformen eignet sich der Look am besten?<\/h2>\n<p>\u201eDer strukturierte Pixie wirkt wie ein <strong>nat\u00fcrliches Face-Lifting<\/strong> f\u00fcr die richtigen Gesichtsformen&#8220;, erl\u00e4utert <strong>Dr. Caroline Weber<\/strong>, Beauty-Expertin. \u201eEr funktioniert wie ein Rahmen, der Ihre besten Gesichtsz\u00fcge hervorhebt.&#8220; Besonders schmeichelhaft ist der Schnitt f\u00fcr ovale, herzf\u00f6rmige und kantige Gesichter, da er Wangenknochen dramatisch betont.<\/p>\n<p>F\u00fcr rundere Gesichter empfehlen Experten l\u00e4ngere, asymmetrische Ponys, \u00e4hnlich dem <a href=\"https:\/\/www.journee-mondiale.com\/de\/dieser-japanische-prinzessinnenschnitt-macht-feines-haar-85-voller-in-nur-3-minuten-taeglich\/\" target=\"_blank\">japanischen Prinzessinnenschnitt<\/a>, der ebenfalls f\u00fcr mehr Volumen sorgt und die Gesichtsform optisch streckt.<\/p>\n<h2>Stylingtipps f\u00fcr unterschiedliche Haartypen<\/h2>\n<p>Jeder Haartyp kann vom strukturierten Pixie profitieren, wenn er richtig angepasst wird:<\/p>\n<blockquote><p>\u201eFeines Haar wird durch den strukturierten Schnitt zum Leben erweckt. Die kurzen, aber pr\u00e4zise gestuften Schichten schaffen eine Illusion von F\u00fclle, die mit l\u00e4ngeren Schnitten kaum zu erreichen ist,&#8220; betont Bergmann.<\/p><\/blockquote>\n<p>F\u00fcr lockiges Haar empfehlen sich <strong>definierte Lockencremes<\/strong>, inspiriert von Styles wie Julia Garners Curly Pixie. Bei dichtem Haar bieten Untercut-Varianten eine willkommene Erleichterung f\u00fcr die w\u00e4rmeren Fr\u00fchlingsmonate.<\/p>\n<h2>Die Psychologie hinter dem mutigen Schnitt<\/h2>\n<p>Der Pixie Cut ist mehr als nur eine Frisur \u2013 er ist eine <strong>Lebenseinstellung<\/strong>. Studien zeigen, dass drastische Haarver\u00e4nderungen oft mit wichtigen Lebensphasen korrelieren. Ein selbstbewusster Kurzhaarschnitt kann wie ein pers\u00f6nlicher Neuanfang wirken, perfekt abgestimmt auf die Fr\u00fchlingsenergie, die Neubeginn symbolisiert.<\/p>\n<p>Diese Transformation spiegelt einen gr\u00f6\u00dferen Trend zu <a href=\"https:\/\/www.journee-mondiale.com\/de\/7-nachhaltige-materialien-fuer-eine-festliche-tischdeko-die-ich-dieses-fruehjahr-selbst-entdeckt-habe-und-die-jeden-ueberraschen-werden\/\" target=\"_blank\">nachhaltigeren Lebensstilentscheidungen<\/a> wider, da der Pixie weniger Pflegeprodukte ben\u00f6tigt und die <strong>Haargesundheit<\/strong> f\u00f6rdert.<\/p>\n<h2>Die perfekten Farbakzente f\u00fcr Fr\u00fchjahr 2025<\/h2>\n<p>Der strukturierte Pixie entfaltet sein volles Potential mit den richtigen Farbakzenten:<\/p>\n<ul>\n<li><strong>K\u00fchle Platint\u00f6ne<\/strong> &#8211; setzen modische Statements und passen perfekt zur Fr\u00fchlingssaison<\/li>\n<li><strong>Warme Kupfernuancen<\/strong> &#8211; bringen Dimension und W\u00e4rme in den Look<\/li>\n<li><strong>Subtile Balayage-Effekte<\/strong> &#8211; erzeugen nat\u00fcrliche Dimension selbst bei kurzen L\u00e4ngen<\/li>\n<\/ul>\n<p>F\u00fcr langanhaltende Farbbrillanz empfehlen Experten <strong>schonende F\u00e4rbemethoden<\/strong> wie Olaplex-Behandlungen, \u00e4hnlich der Philosophie hinter <a href=\"https:\/\/www.journee-mondiale.com\/de\/die-wahrheit-ueber-the-melanin-chemist-warum-ich-nach-7-jahren-forschung-meine-beauty-produkte-komplett-umgestellt-habe\/\" target=\"_blank\">hochwertigen Hautpflegeprodukten<\/a>, die die nat\u00fcrliche Struktur respektieren.<\/p>\n<h2>Styling f\u00fcr wechselnde Fr\u00fchlingswetterlagen<\/h2>\n<p>Das wechselhafte Fr\u00fchlingswetter erfordert anpassungsf\u00e4hige Styling-Strategien. Leichte Schaumfestiger geben dem Pixie Halt ohne Schwere, w\u00e4hrend <strong>feuchtigkeitsspendende Stylingprodukte<\/strong> vor Frizz an regnerischen Tagen sch\u00fctzen.<\/p>\n<p>F\u00fcr k\u00e4ltere Fr\u00fchlingstage harmoniert der strukturierte Pixie hervorragend mit <a href=\"https:\/\/www.journee-mondiale.com\/de\/7-mom-approved-winter-essentials-that-made-me-ditch-my-200-designer-coat-and-still-stay-warm\/\" target=\"_blank\">stylischen Accessoires wie M\u00fctzen und Kopft\u00fcchern<\/a>, ohne die Frisur zu beeintr\u00e4chtigen \u2013 ein weiterer praktischer Vorteil dieses vielseitigen Schnitts.<\/p>\n<p>Sind Sie bereit, mit Ihrem Look neue Wege zu gehen? Der strukturierte Pixie Cut 2025 bietet die perfekte Mischung aus K\u00fchnheit und Leichtigkeit f\u00fcr den Fr\u00fchling \u2013 ein Statement-Haarschnitt, der nicht nur Ihr \u00c4u\u00dferes, sondern auch Ihr Lebensgef\u00fchl transformieren kann. Erlauben Sie sich, mit diesem trendigen, pflegeleichten Look in die warme Jahreszeit zu starten und entdecken Sie, wie befreiend ein mutiger Schnitt sein kann.<\/p>\n","protected":false},"excerpt":{"rendered":"<p>Der Fr\u00fchling ist da, und mit ihm kommt eine frische Welle von Haarschnitten, die Style und Praktikabilit\u00e4t vereinen. Der strukturierte Pixie Cut 2025 etabliert sich als die ultimative Trendfrisur f\u00fcr all jene, die einen mutigen, leichten Look suchen. Dieser moderne Kurzhaarschnitt bietet mehr als nur Style \u2013 er symbolisiert Selbstbewusstsein und Freiheit, perfekt f\u00fcr die &#8230; <a title=\"Dieser strukturierte Pixie macht feines Haar 30% volumin\u00f6ser (&#8230; und l\u00e4sst Sie 8 Jahre j\u00fcnger wirken)\" class=\"read-more\" href=\"https:\/\/www.journee-mondiale.com\/de\/dieser-strukturierte-pixie-macht-feines-haar-30-voluminoeser-und-laesst-sie-8-jahre-juenger-wirken\/\" aria-label=\"Mehr Informationen \u00fcber Dieser strukturierte Pixie macht feines Haar 30% volumin\u00f6ser (&#8230; und l\u00e4sst Sie 8 Jahre j\u00fcnger wirken)\">Lire plus<\/a><\/p>\n","protected":false},"author":1,"featured_media":13395,"comment_status":"","ping_status":"","sticky":false,"template":"","format":"standard","meta":{"footnotes":""},"categories":[48],"tags":[],"class_list":["post-13396","post","type-post","status-publish","format-standard","has-post-thumbnail","hentry","category-lebensstil"],"acf":[],"_yoast_wpseo_primary_category":null,"_yoast_wpseo_title":null,"_yoast_wpseo_metadesc":null,"_links":{"self":[{"href":"https:\/\/www.journee-mondiale.com\/de\/wp-json\/wp\/v2\/posts\/13396","targetHints":{"allow":["GET"]}}],"collection":[{"href":"https:\/\/www.journee-mondiale.com\/de\/wp-json\/wp\/v2\/posts"}],"about":[{"href":"https:\/\/www.journee-mondiale.com\/de\/wp-json\/wp\/v2\/types\/post"}],"author":[{"embeddable":true,"href":"https:\/\/www.journee-mondiale.com\/de\/wp-json\/wp\/v2\/users\/1"}],"replies":[{"embeddable":true,"href":"https:\/\/www.journee-mondiale.com\/de\/wp-json\/wp\/v2\/comments?post=13396"}],"version-history":[{"count":0,"href":"https:\/\/www.journee-mondiale.com\/de\/wp-json\/wp\/v2\/posts\/13396\/revisions"}],"wp:featuredmedia":[{"embeddable":true,"href":"https:\/\/www.journee-mondiale.com\/de\/wp-json\/wp\/v2\/media\/13395"}],"wp:attachment":[{"href":"https:\/\/www.journee-mondiale.com\/de\/wp-json\/wp\/v2\/media?parent=13396"}],"wp:term":[{"taxonomy":"category","embeddable":true,"href":"https:\/\/www.journee-mondiale.com\/de\/wp-json\/wp\/v2\/categories?post=13396"},{"taxonomy":"post_tag","embeddable":true,"href":"https:\/\/www.journee-mondiale.com\/de\/wp-json\/wp\/v2\/tags?post=13396"}],"curies":[{"name":"wp","href":"https:\/\/api.w.org\/{rel}","templated":true}]}}