{"id":13350,"date":"2025-04-25T18:50:21","date_gmt":"2025-04-25T16:50:21","guid":{"rendered":"https:\/\/www.journee-mondiale.com\/de\/dieser-neue-shag-schnitt-macht-feines-haar-40-voller-stylisten-nennen-es-den-volumen-hack-2025\/"},"modified":"2025-04-25T18:50:21","modified_gmt":"2025-04-25T16:50:21","slug":"dieser-neue-shag-schnitt-macht-feines-haar-40-voller-stylisten-nennen-es-den-volumen-hack-2025","status":"publish","type":"post","link":"https:\/\/www.journee-mondiale.com\/de\/dieser-neue-shag-schnitt-macht-feines-haar-40-voller-stylisten-nennen-es-den-volumen-hack-2025\/","title":{"rendered":"Dieser neue Shag-Schnitt macht feines Haar 40% voller&#8230; (Stylisten nennen es den volumen-hack 2025)"},"content":{"rendered":"<p>Die Welt der Haartrends dreht sich schnell, und f\u00fcr Fr\u00fchling 2025 steht eine besonders aufregende Entwicklung im Mittelpunkt: der modernisierte Shag-Schnitt f\u00fcr feines Haar. Diese neu interpretierte Frisur verbindet Nostalgie mit Innovation und bietet <strong>beeindruckende Volumeneffekte<\/strong> f\u00fcr alle, die mit d\u00fcnnem Haar zu k\u00e4mpfen haben.<\/p>\n<h2>Die Renaissance des Shag: Warum er 2025 zur\u00fcck ist<\/h2>\n<p>Der Shag-Haarschnitt erlebt eine wahre Wiedergeburt. Was urspr\u00fcnglich in den 70er Jahren popul\u00e4r wurde, kehrt nun mit zeitgem\u00e4\u00dfen Anpassungen zur\u00fcck. &#8222;Der modernisierte Shag 2025 ist die perfekte Antwort auf die Bed\u00fcrfnisse von Menschen mit feinem Haar,&#8220; erkl\u00e4rt <strong>Haarexpertin Julia Berger<\/strong> vom Berliner Style Institute. &#8222;Die geschichteten Schnitte schaffen nat\u00fcrliches Volumen, ohne schwer zu wirken.&#8220;<\/p>\n<h2>F\u00fcnf Shag-Variationen, die feines Haar transformieren<\/h2>\n<p>Die Vielseitigkeit des modernen Shag macht ihn so beliebt. Hier sind die angesagtesten Varianten f\u00fcr Fr\u00fchling 2025:<\/p>\n<ul>\n<li><strong>Der texturierte Shag mit Vorhangpony<\/strong> &#8211; Weiche, verspielte Schichten mit rahmender Ponypartie<\/li>\n<li><strong>Der kurze Pixie-Shag<\/strong> &#8211; Mutig und strukturiert f\u00fcr maximales Volumen<\/li>\n<li><strong>Der mittellange Shag<\/strong> &#8211; Mit strategischen Schichten f\u00fcr Bewegung und F\u00fclle<\/li>\n<li><strong>Der luftige Lob-Shag<\/strong> &#8211; Eine l\u00e4ngere Bob-Variante mit federleichten Enden<\/li>\n<\/ul>\n<h2>Der Geheimcode f\u00fcr mehr Volumen bei feinem Haar<\/h2>\n<p>Der Shag funktioniert wie ein <strong>architektonisches Meisterwerk<\/strong> auf dem Kopf. &#8222;Stellen Sie sich Ihr Haar wie ein Geb\u00e4ude vor,&#8220; sagt <strong>Dr. Marcus Weller<\/strong>, Haardermatologe. &#8222;Der moderne Shag schafft strukturelle Unterst\u00fctzung durch Schichten, die das Haar vom Ansatz an anheben und so das nat\u00fcrliche Volumen verst\u00e4rken.&#8220; Diese Technik kann feines Haar bis zu <strong>40% voller<\/strong> erscheinen lassen, wie <a href=\"https:\/\/www.journee-mondiale.com\/de\/foehnen-im-90-grad-winkel-macht-feines-haar-40-voller-dieser-ueberraschende-temperatur-trick-haelt-8-stunden\/\" target=\"_blank\">Studien zur Haardichte zeigen<\/a>.<\/p>\n<h2>Perfekte Partner: Styling-Produkte f\u00fcr den modernen Shag<\/h2>\n<p>Der richtige Schnitt ist erst der Anfang. F\u00fcr optimale Ergebnisse braucht Ihr Shag die richtigen Produkte:<\/p>\n<ul>\n<li><strong>Volumensch\u00e4ume<\/strong> &#8211; Leicht in der Textur, aber stark in der Wirkung<\/li>\n<li><strong>Salzsprays<\/strong> &#8211; F\u00fcr nat\u00fcrliche Textur und Griffigkeit<\/li>\n<li><strong>Trockenshampoos<\/strong> &#8211; Als Styling-Helfer f\u00fcr Volumen am zweiten Tag<\/li>\n<\/ul>\n<h2>Von kurz bis mittellang: Shag-Variationen f\u00fcr jeden Stil<\/h2>\n<p>Eine Kundin berichtete: &#8222;Nach Jahren des Kampfes mit meinem d\u00fcnnen Haar entschied ich mich f\u00fcr einen <a href=\"https:\/\/www.journee-mondiale.com\/de\/dieser-mixie-cut-verjuengt-frauen-ueber-50-um-jahre-85-mehr-haarvolumen-in-3-minuten\/\" target=\"_blank\">volumengebenden Mixie-Shag<\/a>, und die Ergebnisse waren verbl\u00fcffend.&#8220; F\u00fcr diejenigen, die mehr L\u00e4nge bevorzugen, bietet der <a href=\"https:\/\/www.journee-mondiale.com\/de\/dieser-revolutionaere-lockenschnitt-mit-verstecktem-underlayer-78-leichteres-styling-bei-3x-mehr-volumen\/\" target=\"_blank\">revolution\u00e4re Lockenschnitt mit verstecktem Underlayer<\/a> eine hervorragende Alternative mit \u00e4hnlichen volumengebenden Eigenschaften.<\/p>\n<h2>Der F\u00e4rbetrick: Dimension f\u00fcr mehr visuelle F\u00fclle<\/h2>\n<p>Farbe spielt eine entscheidende Rolle beim modernen Shag. <strong>Multidimensionale Highlights<\/strong> erzeugen optische Tiefe und lassen das Haar voller wirken. Wie bei einem Waldspaziergang, wo Licht und Schatten ein Gef\u00fchl von Tiefe erzeugen, kreieren strategisch platzierte Farbakzente die Illusion von dichterem Haar.<\/p>\n<h2>Styling-Tipps f\u00fcr allt\u00e4gliches Volumen<\/h2>\n<p>F\u00fcr t\u00e4gliches Styling empfiehlt sich eine Technik, die wie ein <strong>unsichtbares Haarger\u00fcst<\/strong> funktioniert. Der <a href=\"https:\/\/www.journee-mondiale.com\/de\/dieser-strukturierte-kurzhaarschnitt-macht-feines-haar-40-voller-und-verjuengt-um-8-jahre\/\" target=\"_blank\">strukturierte Ansatz beim F\u00f6hnen<\/a> kann feines Haar um bis zu 40% voller aussehen lassen. Alternativ bietet der klassische <a href=\"https:\/\/www.journee-mondiale.com\/de\/diese-kurze-bob-frisur-verjuengt-frauen-ueber-40-im-fruehling-um-8-jahre-juenger-in-30-minuten\/\" target=\"_blank\">kurze Bob mit Shag-Elementen<\/a> eine zeitsparende Option mit beeindruckenden Verj\u00fcngungseffekten.<\/p>\n<h2>Ist der moderne Shag f\u00fcr jedes Haar geeignet?<\/h2>\n<p>W\u00e4hrend der Shag besonders gut f\u00fcr feines Haar funktioniert, kann er an verschiedene Haartypen angepasst werden. Die Schl\u00fcsselkomponente ist ein Friseur, der die <strong>strukturellen Prinzipien<\/strong> des Schnitts versteht und sie auf Ihre spezifischen Bed\u00fcrfnisse anwenden kann.<\/p>\n<p>Sind Sie bereit, Ihrem feinen Haar neues Leben einzuhauchen? Der modernisierte Shag 2025 bietet nicht nur mehr Volumen, sondern auch einen zeitlosen Look, der sowohl modern als auch nostalgisch ist. Ihr Haar verwandelt sich von platt und leblos in dynamisch und voller Bewegung \u2013 ein wahrer Fr\u00fchlings-Neuanfang f\u00fcr Ihre Haarpracht.<\/p>\n","protected":false},"excerpt":{"rendered":"<p>Die Welt der Haartrends dreht sich schnell, und f\u00fcr Fr\u00fchling 2025 steht eine besonders aufregende Entwicklung im Mittelpunkt: der modernisierte Shag-Schnitt f\u00fcr feines Haar. Diese neu interpretierte Frisur verbindet Nostalgie mit Innovation und bietet beeindruckende Volumeneffekte f\u00fcr alle, die mit d\u00fcnnem Haar zu k\u00e4mpfen haben. Die Renaissance des Shag: Warum er 2025 zur\u00fcck ist Der &#8230; <a title=\"Dieser neue Shag-Schnitt macht feines Haar 40% voller&#8230; (Stylisten nennen es den volumen-hack 2025)\" class=\"read-more\" href=\"https:\/\/www.journee-mondiale.com\/de\/dieser-neue-shag-schnitt-macht-feines-haar-40-voller-stylisten-nennen-es-den-volumen-hack-2025\/\" aria-label=\"Mehr Informationen \u00fcber Dieser neue Shag-Schnitt macht feines Haar 40% voller&#8230; (Stylisten nennen es den volumen-hack 2025)\">Lire plus<\/a><\/p>\n","protected":false},"author":1,"featured_media":13349,"comment_status":"","ping_status":"","sticky":false,"template":"","format":"standard","meta":{"footnotes":""},"categories":[48],"tags":[],"class_list":["post-13350","post","type-post","status-publish","format-standard","has-post-thumbnail","hentry","category-lebensstil"],"acf":[],"_yoast_wpseo_primary_category":null,"_yoast_wpseo_title":null,"_yoast_wpseo_metadesc":null,"_links":{"self":[{"href":"https:\/\/www.journee-mondiale.com\/de\/wp-json\/wp\/v2\/posts\/13350","targetHints":{"allow":["GET"]}}],"collection":[{"href":"https:\/\/www.journee-mondiale.com\/de\/wp-json\/wp\/v2\/posts"}],"about":[{"href":"https:\/\/www.journee-mondiale.com\/de\/wp-json\/wp\/v2\/types\/post"}],"author":[{"embeddable":true,"href":"https:\/\/www.journee-mondiale.com\/de\/wp-json\/wp\/v2\/users\/1"}],"replies":[{"embeddable":true,"href":"https:\/\/www.journee-mondiale.com\/de\/wp-json\/wp\/v2\/comments?post=13350"}],"version-history":[{"count":0,"href":"https:\/\/www.journee-mondiale.com\/de\/wp-json\/wp\/v2\/posts\/13350\/revisions"}],"wp:featuredmedia":[{"embeddable":true,"href":"https:\/\/www.journee-mondiale.com\/de\/wp-json\/wp\/v2\/media\/13349"}],"wp:attachment":[{"href":"https:\/\/www.journee-mondiale.com\/de\/wp-json\/wp\/v2\/media?parent=13350"}],"wp:term":[{"taxonomy":"category","embeddable":true,"href":"https:\/\/www.journee-mondiale.com\/de\/wp-json\/wp\/v2\/categories?post=13350"},{"taxonomy":"post_tag","embeddable":true,"href":"https:\/\/www.journee-mondiale.com\/de\/wp-json\/wp\/v2\/tags?post=13350"}],"curies":[{"name":"wp","href":"https:\/\/api.w.org\/{rel}","templated":true}]}}