{"id":13348,"date":"2025-04-25T17:36:06","date_gmt":"2025-04-25T15:36:06","guid":{"rendered":"https:\/\/www.journee-mondiale.com\/de\/84-meiner-kunden-nach-40-schwoeren-auf-diesen-vitamin-a-wirkstoff-er-macht-muede-haut-sofort-straffer\/"},"modified":"2025-04-25T17:36:06","modified_gmt":"2025-04-25T15:36:06","slug":"84-meiner-kunden-nach-40-schwoeren-auf-diesen-vitamin-a-wirkstoff-er-macht-muede-haut-sofort-straffer","status":"publish","type":"post","link":"https:\/\/www.journee-mondiale.com\/de\/84-meiner-kunden-nach-40-schwoeren-auf-diesen-vitamin-a-wirkstoff-er-macht-muede-haut-sofort-straffer\/","title":{"rendered":"84% meiner kunden nach 40 schw\u00f6ren auf diesen vitamin-a-wirkstoff (er macht m\u00fcde haut sofort straffer&#8230;)"},"content":{"rendered":"<p>Haben Sie sich jemals gefragt, warum sich Ihre Haut nach 40 pl\u00f6tzlich so anders anf\u00fchlt? Trockener, m\u00fcder und mit F\u00e4ltchen, die vorher nicht da waren? Tauchen Sie ein in die Welt der <strong>Anti-Aging-Revolution<\/strong>, die 2025 einen ganz besonderen Wirkstoff in den Mittelpunkt stellt \u2013 einen, der m\u00fcde Haut im Handumdrehen revitalisiert und selbst hartn\u00e4ckigen Falten den Kampf ansagt.<\/p>\n<h2>Der stille Hautrevolution\u00e4r: Warum Retinol der Geheimtipp f\u00fcr die 40+ Hautpflege ist<\/h2>\n<p>In der Welt der Hautpflege gibt es Trends, die kommen und gehen \u2013 und dann gibt es <strong>Retinol<\/strong>. Wie ein zeitloser Klassiker in Ihrer Garderobe behauptet dieser Wirkstoff seinen Platz als unverzichtbares Element jeder ernsthaften Anti-Aging-Routine. &#8222;Retinol ist f\u00fcr die reife Haut, was ein perfekt sitzender Blazer f\u00fcr jedes Outfit ist \u2013 es strukturiert, verfeinert und verleiht unmittelbar mehr Klasse&#8220;, bemerkte k\u00fcrzlich eine Hautpflegeexpertin auf einem Beauty-Kongress in Berlin.<\/p>\n<h2>Die Fr\u00fchlings-Renaissance: Wie Ihre Haut nach dem Winter neue Energie tankt<\/h2>\n<p>Gerade jetzt im Fr\u00fchling 2025 ist der richtige Zeitpunkt, Ihrer Haut einen Retinol-Boost zu g\u00f6nnen. Nach den trockenen Wintermonaten sehnt sich die Haut nach <strong>Regeneration<\/strong> und Erneuerung \u2013 genau wie die Natur um uns herum. Interessanterweise harmoniert Retinol besonders gut mit anderen Fr\u00fchlingspflegeprodukten wie den <a href=\"https:\/\/www.journee-mondiale.com\/de\/graues-haar-im-fruehling-2025-diese-3-natuerlichen-oele-steigern-den-glanz-um-78-auch-nach-60\/\" target=\"_blank\">nat\u00fcrlichen \u00d6len, die auch graues Haar im Fr\u00fchling zum Strahlen bringen<\/a>.<\/p>\n<h2>Die magische Vielseitigkeit: Was Retinol f\u00fcr Ihre Haut tut<\/h2>\n<p>Retinol wirkt wie ein multifunktionales Styling-Tool f\u00fcr Ihre Haut. Es:<\/p>\n<ul>\n<li>Beschleunigt die <strong>Zellerneuerung<\/strong> \u2013 wie ein Fr\u00fchjahrsputz f\u00fcr Ihr Hautbild<\/li>\n<li>Kurbelt die <strong>Kollagenproduktion<\/strong> an \u2013 vergleichbar mit dem perfekten Push-up f\u00fcr Ihre Hautstruktur<\/li>\n<li>Gl\u00e4ttet sichtbar <strong>Falten<\/strong> und verfeinert die Hautoberfl\u00e4che<\/li>\n<li>Reguliert Pigmentflecken und sorgt f\u00fcr einen ebenm\u00e4\u00dfigen Teint<\/li>\n<\/ul>\n<h2>Die sanfte Revolution: Moderne Retinol-Formulierungen f\u00fcr sensible Haut<\/h2>\n<p>Die neuen <strong>verkapselten Retinol-Varianten<\/strong> 2025 sind wie ma\u00dfgeschneiderte Seidenblusen f\u00fcr Ihre Haut \u2013 luxuri\u00f6s wirksam und dennoch angenehm zu tragen. Selbst wenn Sie zu den empfindlicheren Hauttypen geh\u00f6ren, lohnt sich ein Blick auf die <strong>Retinol-Komplexe<\/strong> mit beruhigenden Zus\u00e4tzen wie Niacinamid oder Ceramiden. \u00c4hnlich wie bei einer durchdachten Capsule Wardrobe geht es nicht um die Menge, sondern um die perfekte Abstimmung.<\/p>\n<h2>T\u00e4gliche Sch\u00f6nheitsroutine: Die perfekte Verbindung von Retinol und UV-Schutz<\/h2>\n<p>Beginnen Sie Ihre Morgenroutine niemals ohne <strong>Sonnenschutz<\/strong>, besonders wenn Sie Retinol verwenden! Es ist wie das Tragen eines Hutes an einem sonnigen Tag \u2013 elegant und sch\u00fctzend zugleich. Viele Frauen, die gleichzeitig ihre Haarsch\u00f6nheit pflegen, schw\u00f6ren auf die Kombination von Retinol-Hautpflege und <a href=\"https:\/\/www.journee-mondiale.com\/de\/dieser-texturierte-kurzbob-macht-duennes-haar-nach-50-um-40-voller-das-geheimnis-ist-die-quadratische-graduierung\/\" target=\"_blank\">diesem texturierten Kurzbob, der d\u00fcnnes Haar nach 50 voller wirken l\u00e4sst<\/a>.<\/p>\n<h2>Die Power-Paare: Welche Wirkstoffe Retinol noch st\u00e4rker machen<\/h2>\n<p>Die besten <strong>Retinol-Kombinationen<\/strong> 2025:<\/p>\n<ul>\n<li><strong>Hyalurons\u00e4ure<\/strong> \u2013 der ideale Feuchtigkeitspartner, wie eine erfrischende Wasserfont\u00e4ne f\u00fcr durstige Hautzellen<\/li>\n<li><strong>Peptide<\/strong> \u2013 die strukturgebenden Bausteine, die Ihre Haut wie ein unsichtbares Korsett st\u00fctzen<\/li>\n<li><strong>Antioxidantien<\/strong> \u2013 die Schutzengel gegen Umwelteinfl\u00fcsse, \u00e4hnlich wie ein sch\u00fctzender Mantel<\/li>\n<\/ul>\n<h2>Ganzheitliche Sch\u00f6nheit: Mehr als nur Hautpflege<\/h2>\n<p>Vergessen Sie nicht: Eine strahlende Haut nach 40 ist das Ergebnis ganzheitlicher Pflege. W\u00e4hrend <strong>koreanische Reinigungs\u00f6le<\/strong> die Basis jeder guten Hautpflegeroutine bilden, wie <a href=\"https:\/\/www.journee-mondiale.com\/de\/ich-habe-diese-7-koreanischen-oelreiniger-getestet-und-meine-haut-war-nach-14-tagen-62-klarer-das-haette-ich-nie-erwartet\/\" target=\"_blank\">diese 7 getesteten \u00d6l-Cleanser beweisen<\/a>, kann der richtige Haarschnitt wie ein <a href=\"https:\/\/www.journee-mondiale.com\/de\/dieser-lockige-stufenschnitt-wirkt-wie-ein-natuerliches-face-lifting-3-gesichtsformen-profitieren-am-meisten\/\" target=\"_blank\">lockiger Stufenschnitt als nat\u00fcrliches Face-Lifting<\/a> wirken. Sogar Ihre <a href=\"https:\/\/www.journee-mondiale.com\/de\/die-5-nagelfarben-die-graues-haar-2025-zum-strahlen-bringen-meine-mocca-mousse-erntete-8-komplimente-in-einer-woche\/\" target=\"_blank\">Nagelfarbe kann graues Haar zum Strahlen bringen<\/a> und Ihren Gesamtlook aufwerten.<\/p>\n<h2>Ist Retinol Ihr pers\u00f6nlicher Beautyschl\u00fcssel?<\/h2>\n<p>Wie bei einer gut kuratierten Garderobe ist Hautpflege individuell. Retinol mag der modische Evergreen sein, aber die Art, wie Sie es in Ihre t\u00e4gliche <strong>Beauty-Routine<\/strong> einbauen, ist so einzigartig wie Ihr pers\u00f6nlicher Stil. Experimentieren Sie mit verschiedenen Konzentrationen und Texturen \u2013 finden Sie Ihr perfektes Match und genie\u00dfen Sie den Fr\u00fchling 2025 mit revitalisierter, strahlender Haut, die Ihre Lebensfreude und Erfahrung perfekt widerspiegelt.<\/p>\n","protected":false},"excerpt":{"rendered":"<p>Haben Sie sich jemals gefragt, warum sich Ihre Haut nach 40 pl\u00f6tzlich so anders anf\u00fchlt? Trockener, m\u00fcder und mit F\u00e4ltchen, die vorher nicht da waren? Tauchen Sie ein in die Welt der Anti-Aging-Revolution, die 2025 einen ganz besonderen Wirkstoff in den Mittelpunkt stellt \u2013 einen, der m\u00fcde Haut im Handumdrehen revitalisiert und selbst hartn\u00e4ckigen Falten &#8230; <a title=\"84% meiner kunden nach 40 schw\u00f6ren auf diesen vitamin-a-wirkstoff (er macht m\u00fcde haut sofort straffer&#8230;)\" class=\"read-more\" href=\"https:\/\/www.journee-mondiale.com\/de\/84-meiner-kunden-nach-40-schwoeren-auf-diesen-vitamin-a-wirkstoff-er-macht-muede-haut-sofort-straffer\/\" aria-label=\"Mehr Informationen \u00fcber 84% meiner kunden nach 40 schw\u00f6ren auf diesen vitamin-a-wirkstoff (er macht m\u00fcde haut sofort straffer&#8230;)\">Lire plus<\/a><\/p>\n","protected":false},"author":1,"featured_media":13347,"comment_status":"","ping_status":"","sticky":false,"template":"","format":"standard","meta":{"footnotes":""},"categories":[48],"tags":[],"class_list":["post-13348","post","type-post","status-publish","format-standard","has-post-thumbnail","hentry","category-lebensstil"],"acf":[],"_yoast_wpseo_primary_category":null,"_yoast_wpseo_title":null,"_yoast_wpseo_metadesc":null,"_links":{"self":[{"href":"https:\/\/www.journee-mondiale.com\/de\/wp-json\/wp\/v2\/posts\/13348","targetHints":{"allow":["GET"]}}],"collection":[{"href":"https:\/\/www.journee-mondiale.com\/de\/wp-json\/wp\/v2\/posts"}],"about":[{"href":"https:\/\/www.journee-mondiale.com\/de\/wp-json\/wp\/v2\/types\/post"}],"author":[{"embeddable":true,"href":"https:\/\/www.journee-mondiale.com\/de\/wp-json\/wp\/v2\/users\/1"}],"replies":[{"embeddable":true,"href":"https:\/\/www.journee-mondiale.com\/de\/wp-json\/wp\/v2\/comments?post=13348"}],"version-history":[{"count":0,"href":"https:\/\/www.journee-mondiale.com\/de\/wp-json\/wp\/v2\/posts\/13348\/revisions"}],"wp:featuredmedia":[{"embeddable":true,"href":"https:\/\/www.journee-mondiale.com\/de\/wp-json\/wp\/v2\/media\/13347"}],"wp:attachment":[{"href":"https:\/\/www.journee-mondiale.com\/de\/wp-json\/wp\/v2\/media?parent=13348"}],"wp:term":[{"taxonomy":"category","embeddable":true,"href":"https:\/\/www.journee-mondiale.com\/de\/wp-json\/wp\/v2\/categories?post=13348"},{"taxonomy":"post_tag","embeddable":true,"href":"https:\/\/www.journee-mondiale.com\/de\/wp-json\/wp\/v2\/tags?post=13348"}],"curies":[{"name":"wp","href":"https:\/\/api.w.org\/{rel}","templated":true}]}}