{"id":13328,"date":"2025-04-24T08:35:45","date_gmt":"2025-04-24T06:35:45","guid":{"rendered":"https:\/\/www.journee-mondiale.com\/de\/kurzer-lob-haarschnitt-vereint-40-mehr-volumen-mit-10-minuten-styling-der-franzoesische-fruehlingseffekt-2025\/"},"modified":"2025-04-24T08:35:45","modified_gmt":"2025-04-24T06:35:45","slug":"kurzer-lob-haarschnitt-vereint-40-mehr-volumen-mit-10-minuten-styling-der-franzoesische-fruehlingseffekt-2025","status":"publish","type":"post","link":"https:\/\/www.journee-mondiale.com\/de\/kurzer-lob-haarschnitt-vereint-40-mehr-volumen-mit-10-minuten-styling-der-franzoesische-fruehlingseffekt-2025\/","title":{"rendered":"Kurzer lob haarschnitt vereint 40% mehr volumen mit 10-minuten styling (der franz\u00f6sische fr\u00fchlingseffekt 2025)"},"content":{"rendered":"<p>Der Fr\u00fchling 2025 steht vor der T\u00fcr und mit ihm ein Haarschnitt-Trend, der <strong>Praktikabilit\u00e4t<\/strong> und <strong>Femininit\u00e4t<\/strong> perfekt vereint: der kurze Lob. Diese raffinierte Variante des klassischen Long Bobs bietet die ideale Balance zwischen dem pflegeleichten Charakter kurzer Frisuren und der weiblichen Eleganz mittellanger Schnitte.<\/p>\n<h2>Was genau ist der kurze Lob?<\/h2>\n<p>Der kurze Lob (abgek\u00fcrzt f\u00fcr &#8222;Long Bob&#8220;) ist eine <strong>vielseitige Frisur<\/strong>, die zwischen Kinn und Schultern endet \u2013 l\u00e4nger als ein klassischer Bob, aber k\u00fcrzer als schulterlanges Haar. &#8222;Diese Schnittl\u00e4nge ist der perfekte Kompromiss f\u00fcr Frauen, die einen praktischen, aber femininen Look suchen&#8220;, erkl\u00e4rt <strong>Haarstylistin Marie Dubois<\/strong> vom renommierten Pariser Salon &#8222;Coiffure de l&#8217;Avenir&#8220;.<\/p>\n<h2>Der Fr\u00fchlingsfrische-Effekt: Warum jetzt der perfekte Zeitpunkt ist<\/h2>\n<p>Mit den steigenden Temperaturen und l\u00e4ngeren Tagen sehnen sich viele nach einer <strong>Ver\u00e4nderung<\/strong>, die Leichtigkeit und Frische ausstrahlt. Der kurze Lob erf\u00fcllt diesen Wunsch ideal. &#8222;Wie ein Fr\u00fchlingsputz f\u00fcr die Seele befreit dieser Schnitt von schwerem Ballast und schenkt gleichzeitig ein Gef\u00fchl von Neuanfang und Eleganz&#8220;, beschreibt <strong>Psychologin Dr. Clara Bergmann<\/strong> den emotionalen Effekt eines solchen Haarschnitts.<\/p>\n<h2>Die perfekte Synthese von Zeitersparnis und Stil<\/h2>\n<p>Eine meiner Klientinnen berichtete, wie ihr kurzer Lob ihren Morgen revolutionierte: Statt 45 Minuten f\u00fcr F\u00f6hnen und Styling ben\u00f6tigt sie nun nur noch 10 Minuten \u2013 ohne dabei auf <strong>Ausdruckskraft<\/strong> zu verzichten. F\u00fcr Berufst\u00e4tige bietet dieser Haarschnitt die perfekte Balance zwischen Effizienz und Ausstrahlung \u2013 wie ein raffiniertes Gesch\u00e4ftsoutfit, das problemlos vom Meeting zum Dinner \u00fcbergeht.<\/p>\n<h2>Vielseitigkeit als Trumpf: Verschiedene Styling-Varianten<\/h2>\n<p>Die wahre St\u00e4rke des kurzen Lobs liegt in seiner <strong>Wandlungsf\u00e4higkeit<\/strong>. Experimentieren Sie mit diesen Optionen:<\/p>\n<ul>\n<li>Sleek und glatt f\u00fcr einen professionellen Business-Look<\/li>\n<li>Sanfte Wellen f\u00fcr romantische Anl\u00e4sse<\/li>\n<li>Texturierter Beach-Wave f\u00fcr entspannte Wochenenden<\/li>\n<li>Akkurater Seitenscheitel f\u00fcr elegante Abendveranstaltungen<\/li>\n<\/ul>\n<h2>F\u00fcr jeden Gesichtstyp die passende Variante<\/h2>\n<p>Der kurze Lob kann an jede <strong>Gesichtsform<\/strong> angepasst werden. Bei runden Gesichtern empfiehlt sich ein asymmetrischer Schnitt mit l\u00e4ngerem Vorderhaar, w\u00e4hrend eckige Gesichter von weicheren, gestuften \u00dcberg\u00e4ngen profitieren. F\u00fcr herzf\u00f6rmige Gesichter sind <a href=\"https:\/\/www.journee-mondiale.com\/de\/diese-frisur-verjuengt-sofort-vorhangpony-macht-2025-jedes-gesicht-8-jahre-juenger\/\" target=\"_blank\">Vorhangponys<\/a> ideal, die das Gesicht optisch verschlanken.<\/p>\n<h2>Der Verj\u00fcngungseffekt: Jahre j\u00fcnger in Minuten<\/h2>\n<p>Eine \u00fcberraschende Nebenwirkung des kurzen Lobs ist seine <strong>verj\u00fcngende Wirkung<\/strong>. \u00c4hnlich wie bei der <a href=\"https:\/\/www.journee-mondiale.com\/de\/diese-kurze-bob-frisur-verjuengt-frauen-ueber-40-im-fruehling-um-8-jahre-juenger-in-30-minuten\/\" target=\"_blank\">kurzen Bob-Frisur f\u00fcr Frauen \u00fcber 40<\/a> kann dieser Schnitt das Gesicht \u00f6ffnen und ihm neue Frische verleihen. Der Effekt ist vergleichbar mit einem sanften Filter, der die besten Eigenschaften hervorhebt und Schw\u00e4chen geschickt kaschiert.<\/p>\n<h2>Pflegetipps f\u00fcr maximale Ausstrahlung<\/h2>\n<p>Um Ihren kurzen Lob in <strong>Bestform<\/strong> zu halten, beachten Sie diese Expertenratschl\u00e4ge:<\/p>\n<ul>\n<li>Verwenden Sie volumengebende Produkte speziell f\u00fcr feines Haar<\/li>\n<li>Investieren Sie in ein qualitativ hochwertiges Trockenshampoo f\u00fcr Frische zwischen den W\u00e4schen<\/li>\n<li>G\u00f6nnen Sie sich alle 6-8 Wochen einen Nachschnitt f\u00fcr pr\u00e4zise Konturen<\/li>\n<\/ul>\n<h2>Besonders f\u00fcr feines Haar: Der Volumenwunder-Effekt<\/h2>\n<p>Frauen mit feinem Haar profitieren besonders vom kurzen Lob. \u00c4hnlich wie beim <a href=\"https:\/\/www.journee-mondiale.com\/de\/dieser-strukturierte-kurzhaarschnitt-macht-feines-haar-40-voller-und-verjuengt-um-8-jahre\/\" target=\"_blank\">strukturierten Kurzhaarschnitt<\/a> verleiht die richtige Schnittf\u00fchrung dem Haar bis zu <strong>40% mehr Volumen<\/strong>. Der Effekt erinnert an einen nat\u00fcrlichen Push-up, der dem Haar Kraft und F\u00fclle zur\u00fcckgibt, ohne schwere Chemikalien zu ben\u00f6tigen, wie sie bei einer <a href=\"https:\/\/www.journee-mondiale.com\/de\/sanfte-dauerwelle-ab-50-wie-frauen-mit-feinem-haar-40-mehr-volumen-ohne-chemie-schaeden-erhalten\/\" target=\"_blank\">sanften Dauerwelle<\/a> zum Einsatz kommen.<\/p>\n<h2>Der franz\u00f6sische Touch: Effortless Chic<\/h2>\n<p>Franz\u00f6sinnen haben das Konzept des &#8222;effortless chic&#8220; perfektioniert, und der kurze Lob verk\u00f6rpert diese Philosophie ideal. F\u00fcr besondere Anl\u00e4sse l\u00e4sst sich der Schnitt auch wunderbar zu einem <a href=\"https:\/\/www.journee-mondiale.com\/de\/dieser-franzoesische-5-minuten-haarknoten-schenkt-frauen-ueber-50-sofortigen-lifting-effekt-dieser-fruehling-aendert-alles\/\" target=\"_blank\">franz\u00f6sischen 5-Minuten-Haarknoten<\/a> stylen \u2013 eine elegante Option f\u00fcr festliche Momente im Fr\u00fchling.<\/p>\n<p>Sind Sie bereit f\u00fcr die perfekte Balance zwischen Alltagstauglichkeit und stilvoller Ausstrahlung? Der kurze Lob ist mehr als nur ein Haarschnitt \u2013 er ist eine Lebenseinstellung, die Praktisches mit Sch\u00f6nem vereint, ohne Kompromisse einzugehen. Lassen Sie sich von dieser zeitlosen Frisur inspirieren, die 2025 ihren wohlverdienten Platz im Rampenlicht einnimmt.<\/p>\n","protected":false},"excerpt":{"rendered":"<p>Der Fr\u00fchling 2025 steht vor der T\u00fcr und mit ihm ein Haarschnitt-Trend, der Praktikabilit\u00e4t und Femininit\u00e4t perfekt vereint: der kurze Lob. Diese raffinierte Variante des klassischen Long Bobs bietet die ideale Balance zwischen dem pflegeleichten Charakter kurzer Frisuren und der weiblichen Eleganz mittellanger Schnitte. Was genau ist der kurze Lob? Der kurze Lob (abgek\u00fcrzt f\u00fcr &#8230; <a title=\"Kurzer lob haarschnitt vereint 40% mehr volumen mit 10-minuten styling (der franz\u00f6sische fr\u00fchlingseffekt 2025)\" class=\"read-more\" href=\"https:\/\/www.journee-mondiale.com\/de\/kurzer-lob-haarschnitt-vereint-40-mehr-volumen-mit-10-minuten-styling-der-franzoesische-fruehlingseffekt-2025\/\" aria-label=\"Mehr Informationen \u00fcber Kurzer lob haarschnitt vereint 40% mehr volumen mit 10-minuten styling (der franz\u00f6sische fr\u00fchlingseffekt 2025)\">Lire plus<\/a><\/p>\n","protected":false},"author":1,"featured_media":13327,"comment_status":"","ping_status":"","sticky":false,"template":"","format":"standard","meta":{"footnotes":""},"categories":[48],"tags":[],"class_list":["post-13328","post","type-post","status-publish","format-standard","has-post-thumbnail","hentry","category-lebensstil"],"acf":[],"_yoast_wpseo_primary_category":null,"_yoast_wpseo_title":null,"_yoast_wpseo_metadesc":null,"_links":{"self":[{"href":"https:\/\/www.journee-mondiale.com\/de\/wp-json\/wp\/v2\/posts\/13328","targetHints":{"allow":["GET"]}}],"collection":[{"href":"https:\/\/www.journee-mondiale.com\/de\/wp-json\/wp\/v2\/posts"}],"about":[{"href":"https:\/\/www.journee-mondiale.com\/de\/wp-json\/wp\/v2\/types\/post"}],"author":[{"embeddable":true,"href":"https:\/\/www.journee-mondiale.com\/de\/wp-json\/wp\/v2\/users\/1"}],"replies":[{"embeddable":true,"href":"https:\/\/www.journee-mondiale.com\/de\/wp-json\/wp\/v2\/comments?post=13328"}],"version-history":[{"count":0,"href":"https:\/\/www.journee-mondiale.com\/de\/wp-json\/wp\/v2\/posts\/13328\/revisions"}],"wp:featuredmedia":[{"embeddable":true,"href":"https:\/\/www.journee-mondiale.com\/de\/wp-json\/wp\/v2\/media\/13327"}],"wp:attachment":[{"href":"https:\/\/www.journee-mondiale.com\/de\/wp-json\/wp\/v2\/media?parent=13328"}],"wp:term":[{"taxonomy":"category","embeddable":true,"href":"https:\/\/www.journee-mondiale.com\/de\/wp-json\/wp\/v2\/categories?post=13328"},{"taxonomy":"post_tag","embeddable":true,"href":"https:\/\/www.journee-mondiale.com\/de\/wp-json\/wp\/v2\/tags?post=13328"}],"curies":[{"name":"wp","href":"https:\/\/api.w.org\/{rel}","templated":true}]}}