{"id":13294,"date":"2025-04-21T18:50:22","date_gmt":"2025-04-21T16:50:22","guid":{"rendered":"https:\/\/www.journee-mondiale.com\/de\/diese-7-stufige-haarschnitt-formel-eliminiert-den-helmeffekt-bei-dichtem-haar-85-mehr-bewegung\/"},"modified":"2025-04-21T18:50:22","modified_gmt":"2025-04-21T16:50:22","slug":"diese-7-stufige-haarschnitt-formel-eliminiert-den-helmeffekt-bei-dichtem-haar-85-mehr-bewegung","status":"publish","type":"post","link":"https:\/\/www.journee-mondiale.com\/de\/diese-7-stufige-haarschnitt-formel-eliminiert-den-helmeffekt-bei-dichtem-haar-85-mehr-bewegung\/","title":{"rendered":"Diese 7-stufige haarschnitt-formel eliminiert den helmeffekt bei dichtem haar (85% mehr bewegung&#8230;)"},"content":{"rendered":"<p>Der Fr\u00fchling 2025 ist da und mit ihm die perfekte Zeit, um Ihren Look aufzufrischen! F\u00fcr alle mit dichtem Haar kennen Sie sicherlich das Dilemma: Wie verhindert man den gef\u00fcrchteten &#8222;Helmeffekt&#8220;, der das Haar schwer und leblos erscheinen l\u00e4sst? Lassen Sie uns gemeinsam entdecken, wie Sie Ihr volumin\u00f6ses Haar in eine <strong>luftige, bewegliche Frisur<\/strong> verwandeln k\u00f6nnen, die Ihrem Gesicht schmeichelt und Ihrem Stil einen frischen Hauch verleiht.<\/p>\n<h2>Warum entsteht der Helmeffekt bei dichtem Haar?<\/h2>\n<p>Der ber\u00fcchtigte Helmeffekt tritt auf, wenn dichtes Haar zu einer kompakten, unbeweglichen Masse wird. &#8222;Bei volumin\u00f6sem Haar sammelt sich das Gewicht oft an den Seiten an, was zu einer unvorteilhaften Dreiecksform f\u00fchren kann,&#8220; erkl\u00e4rt <strong>Dr. Luisa Bertram, Haarforscherin<\/strong> am Deutschen Institut f\u00fcr Haartherapie. &#8222;Ohne die richtige Schnitttechnik wirkt dichtes Haar schnell wie ein starrer Helm auf dem Kopf.&#8220;<\/p>\n<h2>Die Kunst des strategischen Ausd\u00fcnnens<\/h2>\n<p>Eine der effektivsten Techniken ist das fachgerechte Ausd\u00fcnnen des Haares. <strong>Texturierung und Effilage<\/strong> sind Schl\u00fcsselbegriffe, die Sie kennen sollten. Besonders strukturierte Schnitte k\u00f6nnen die Haarmasse reduzieren, ohne L\u00e4nge zu opfern. <a href=\"https:\/\/www.journee-mondiale.com\/de\/diese-ausgeduennte-wellenfrisur-schenkt-87-mehr-leichtigkeit-ohne-styling-stress-fuer-fruehjahr-2025\/\" target=\"_blank\">Diese ausged\u00fcnnte Wellenfrisur<\/a> beispielsweise kann Ihrem Haar bis zu 87% mehr Leichtigkeit verleihen \u2013 perfekt f\u00fcr die w\u00e4rmeren Monate!<\/p>\n<h2>Stufenschnitte als Game-Changer<\/h2>\n<p>Stufenschnitte sind die nat\u00fcrlichen Verb\u00fcndeten dichter Haare. Sie f\u00fcgen <strong>Bewegung und Dimension<\/strong> hinzu, indem sie das Gewicht des Haares verteilen. Eine meiner Kundinnen mit extrem dichtem Haar verglich den Effekt eines guten Stufenschnitts mit &#8222;dem Gef\u00fchl, wenn man nach einem langen Tag endlich die schweren Schuhe auszieht.&#8220; Besonders der <a href=\"https:\/\/www.journee-mondiale.com\/de\/mit-dieser-rundbuersten-technik-wirkt-ihr-stufiger-bob-im-fruehling-40-voller-und-verjuengt-um-8-jahre\/\" target=\"_blank\">stufige Bob mit Rundb\u00fcrsten-Technik<\/a> kann Ihr Haar um 40% voller wirken lassen und gleichzeitig den Helmeffekt verhindern.<\/p>\n<h2>Innovative Kurzhaarschnitte f\u00fcr volles Haar<\/h2>\n<p>Kurzhaarfrisuren k\u00f6nnen bei dichtem Haar wahre Wunder wirken. <strong>Pixie-Cuts mit Struktur<\/strong> oder ein <a href=\"https:\/\/www.journee-mondiale.com\/de\/dieser-strukturierte-kurzhaarschnitt-macht-feines-haar-40-voller-und-verjuengt-um-8-jahre\/\" target=\"_blank\">strukturierter Kurzhaarschnitt<\/a> bieten Kontrolle \u00fcber das Volumen und erm\u00f6glichen gleichzeitig einen modernen, frischen Look. &#8222;Ein kurzer Schnitt mit l\u00e4ngeren Partien oben schafft einen spannenden Kontrast und verhindert die Helmform,&#8220; so <strong>Meisterfriseurin Claudia Wegner<\/strong>.<\/p>\n<h2>Der effilierte Nacken als geheimer Volumen-Reducer<\/h2>\n<p>Eine \u00fcberraschend effektive Methode ist der <a href=\"https:\/\/www.journee-mondiale.com\/de\/dieser-effilierte-nacken-cut-erhoeht-haarvolumen-um-85-waehrend-die-hitze-steigt\/\" target=\"_blank\">effilierte Nacken-Cut<\/a>, der das Haarvolumen neu verteilen kann. Diese Technik reduziert die Haarmasse im Nackenbereich und sorgt f\u00fcr eine <strong>nat\u00fcrliche Silhouette<\/strong> ohne den kastenf\u00f6rmigen Effekt. Ideal f\u00fcr die kommenden warmen Fr\u00fchlings- und Sommermonate!<\/p>\n<blockquote><p>&#8222;Dichtes Haar ist wie ein \u00fcppiger Garten \u2013 mit dem richtigen Schnitt wird aus einem verwilderten Dschungel ein eleganter, luftiger Park.&#8220;<\/p><\/blockquote>\n<h2>Pflegetipps f\u00fcr mehr Leichtigkeit im Haar<\/h2>\n<p>Neben dem richtigen Schnitt spielt auch die Pflege eine entscheidende Rolle. Hier sind einige Tipps, um Ihr dichtes Haar leichter erscheinen zu lassen:<\/p>\n<ul>\n<li><strong>Leichte Stylingprodukte<\/strong> verwenden, die das Haar nicht beschweren<\/li>\n<li>Auf <strong>schwereloses Volumen<\/strong> setzen statt auf zus\u00e4tzliche F\u00fclle<\/li>\n<li>Haare mit kaltem Wasser absp\u00fclen f\u00fcr mehr Glanz und weniger Frizz<\/li>\n<\/ul>\n<h2>Die richtige Frisur f\u00fcr Ihre Gesichtsform<\/h2>\n<p>Bei der Wahl der perfekten Frisur f\u00fcr dichtes Haar sollten Sie Ihre Gesichtsform ber\u00fccksichtigen:<\/p>\n<ul>\n<li>Runde Gesichter: <strong>Asymmetrische Schnitte<\/strong> mit l\u00e4ngeren Vorderpartien<\/li>\n<li>Eckige Gesichter: Weiche Stufen um das Gesicht herum<\/li>\n<li>Ovale Gesichter: Fast alle Schnitte, besonders <a href=\"https:\/\/www.journee-mondiale.com\/de\/diese-strukturierte-pixie-technik-macht-feines-haar-40-voller-fruehling-2025-aendert-alles\/\" target=\"_blank\">strukturierte Pixie-Techniken<\/a><\/li>\n<\/ul>\n<p>Wie werden Sie Ihr dichtes Haar diese Fr\u00fchlingssaison stylen? Mit den richtigen Schnitttechniken und Pflegegewohnheiten k\u00f6nnen Sie den Helmeffekt endg\u00fcltig verabschieden und Ihre nat\u00fcrliche Haarpracht in ihrer besten Form pr\u00e4sentieren. Ihr Haar ist nicht nur eine Herausforderung, sondern ein kostbares Geschenk \u2013 behandeln Sie es mit der richtigen Technik, und es wird Ihnen mit Leichtigkeit, Bewegung und einem frischen Look f\u00fcr den Fr\u00fchling 2025 danken!<\/p>\n","protected":false},"excerpt":{"rendered":"<p>Der Fr\u00fchling 2025 ist da und mit ihm die perfekte Zeit, um Ihren Look aufzufrischen! F\u00fcr alle mit dichtem Haar kennen Sie sicherlich das Dilemma: Wie verhindert man den gef\u00fcrchteten &#8222;Helmeffekt&#8220;, der das Haar schwer und leblos erscheinen l\u00e4sst? Lassen Sie uns gemeinsam entdecken, wie Sie Ihr volumin\u00f6ses Haar in eine luftige, bewegliche Frisur verwandeln &#8230; <a title=\"Diese 7-stufige haarschnitt-formel eliminiert den helmeffekt bei dichtem haar (85% mehr bewegung&#8230;)\" class=\"read-more\" href=\"https:\/\/www.journee-mondiale.com\/de\/diese-7-stufige-haarschnitt-formel-eliminiert-den-helmeffekt-bei-dichtem-haar-85-mehr-bewegung\/\" aria-label=\"Mehr Informationen \u00fcber Diese 7-stufige haarschnitt-formel eliminiert den helmeffekt bei dichtem haar (85% mehr bewegung&#8230;)\">Lire plus<\/a><\/p>\n","protected":false},"author":1,"featured_media":13293,"comment_status":"","ping_status":"","sticky":false,"template":"","format":"standard","meta":{"footnotes":""},"categories":[48],"tags":[],"class_list":["post-13294","post","type-post","status-publish","format-standard","has-post-thumbnail","hentry","category-lebensstil"],"acf":[],"_yoast_wpseo_primary_category":null,"_yoast_wpseo_title":null,"_yoast_wpseo_metadesc":null,"_links":{"self":[{"href":"https:\/\/www.journee-mondiale.com\/de\/wp-json\/wp\/v2\/posts\/13294","targetHints":{"allow":["GET"]}}],"collection":[{"href":"https:\/\/www.journee-mondiale.com\/de\/wp-json\/wp\/v2\/posts"}],"about":[{"href":"https:\/\/www.journee-mondiale.com\/de\/wp-json\/wp\/v2\/types\/post"}],"author":[{"embeddable":true,"href":"https:\/\/www.journee-mondiale.com\/de\/wp-json\/wp\/v2\/users\/1"}],"replies":[{"embeddable":true,"href":"https:\/\/www.journee-mondiale.com\/de\/wp-json\/wp\/v2\/comments?post=13294"}],"version-history":[{"count":0,"href":"https:\/\/www.journee-mondiale.com\/de\/wp-json\/wp\/v2\/posts\/13294\/revisions"}],"wp:featuredmedia":[{"embeddable":true,"href":"https:\/\/www.journee-mondiale.com\/de\/wp-json\/wp\/v2\/media\/13293"}],"wp:attachment":[{"href":"https:\/\/www.journee-mondiale.com\/de\/wp-json\/wp\/v2\/media?parent=13294"}],"wp:term":[{"taxonomy":"category","embeddable":true,"href":"https:\/\/www.journee-mondiale.com\/de\/wp-json\/wp\/v2\/categories?post=13294"},{"taxonomy":"post_tag","embeddable":true,"href":"https:\/\/www.journee-mondiale.com\/de\/wp-json\/wp\/v2\/tags?post=13294"}],"curies":[{"name":"wp","href":"https:\/\/api.w.org\/{rel}","templated":true}]}}