{"id":13280,"date":"2025-04-20T18:50:07","date_gmt":"2025-04-20T16:50:07","guid":{"rendered":"https:\/\/www.journee-mondiale.com\/de\/dieser-strukturierte-kurzhaarschnitt-macht-feines-haar-40-voller-und-verjuengt-um-8-jahre\/"},"modified":"2025-04-20T18:50:07","modified_gmt":"2025-04-20T16:50:07","slug":"dieser-strukturierte-kurzhaarschnitt-macht-feines-haar-40-voller-und-verjuengt-um-8-jahre","status":"publish","type":"post","link":"https:\/\/www.journee-mondiale.com\/de\/dieser-strukturierte-kurzhaarschnitt-macht-feines-haar-40-voller-und-verjuengt-um-8-jahre\/","title":{"rendered":"Dieser strukturierte Kurzhaarschnitt macht feines Haar 40% voller (und verj\u00fcngt um 8 Jahre)"},"content":{"rendered":"<p>Der strukturierte Kurzhaarschnitt, auch bekannt als &#8222;Carr\u00e9 court structur\u00e9 2025&#8220;, erobert diesen Fr\u00fchling die Modewelt im Sturm. Diese zeitgem\u00e4\u00dfe Interpretation des klassischen Bob vereint pr\u00e4zise Linien mit dynamischer Bewegung und bietet eine perfekte Balance zwischen Eleganz und Alltagstauglichkeit.<\/p>\n<h2>Die Renaissance des strukturierten Kurzhaarschnitts<\/h2>\n<p>Im Fr\u00fchling 2025 erleben wir eine wahre Revolution bei kurzen Haarschnitten. Der strukturierte Kurzbob hat sich von seinen traditionellen Wurzeln gel\u00f6st und pr\u00e4sentiert sich mit frischen, architektonischen Linien. <strong>Pr\u00e4zise Schnittf\u00fchrung<\/strong> und geometrische Formen verleihen dieser Frisur ihre charakteristische Dynamik.<\/p>\n<p>&#8222;Der moderne strukturierte Bob ist die Verk\u00f6rperung von Selbstbewusstsein und Stil&#8220;, erkl\u00e4rt Frisurenexpertin Marie Dumont vom Pariser Salon &#8222;Ciseaux d&#8217;Or&#8220;. &#8222;Er wirkt besonders verj\u00fcngend und kann das Erscheinungsbild um bis zu acht Jahre j\u00fcnger wirken lassen &#8211; in nur 30 Minuten Salonzeit!&#8220;<\/p>\n<h2>Sechs Variationen f\u00fcr jeden Gesichtstyp<\/h2>\n<p>Die Vielseitigkeit macht den strukturierten Kurzhaarschnitt so beliebt. Je nach Gesichtsform und pers\u00f6nlichem Stil k\u00f6nnen Sie aus verschiedenen Varianten w\u00e4hlen:<\/p>\n<ul>\n<li><strong>Pr\u00e4zisions-Carr\u00e9<\/strong>: Klare, gerade Linien f\u00fcr ein elegantes Statement<\/li>\n<li><strong>Dynamisches Carr\u00e9 plongeant<\/strong>: K\u00fcrzerer Nacken, l\u00e4ngere Vorderpartie<\/li>\n<li><strong>Micro-Bob<\/strong>: Ultra-kurz und extrem grafisch<\/li>\n<li><strong>Texturierter Bob<\/strong>: Mit beweglichen Stufen f\u00fcr mehr Volumen<\/li>\n<\/ul>\n<h2>Der volumenverst\u00e4rkende Effekt<\/h2>\n<p>Besonders f\u00fcr feines Haar ist diese Frisur ein wahrer Segen. <strong>Strategisch platzierte Stufen<\/strong> sorgen f\u00fcr nat\u00fcrlichen Schwung und optische F\u00fclle. Diese Technik kann <a href=\"https:\/\/www.journee-mondiale.com\/de\/diese-strukturierte-pixie-technik-macht-feines-haar-40-voller-fruehling-2025-aendert-alles\/\" target=\"_blank\">feines Haar bis zu 40% voller erscheinen lassen<\/a>, ohne aufwendiges Styling.<\/p>\n<p>Dr. Lisa Neumann, Dermatologin mit Schwerpunkt Haarpflege, vergleicht den Effekt mit einer optischen Illusion: &#8222;Wie ein gut strukturiertes Geb\u00e4ude Gr\u00f6\u00dfe vermittelt, verleiht der pr\u00e4zise Schnitt feinem Haar Dimension und K\u00f6rper, wo vorher kaum welcher war.&#8220;<\/p>\n<h2>Die perfekte Wahl f\u00fcr den \u00dcbergang zu grauen Haaren<\/h2>\n<p>Der strukturierte Kurzbob eignet sich hervorragend f\u00fcr Frauen, die ihren nat\u00fcrlichen Grauton embracen m\u00f6chten. Die <strong>klaren Linien<\/strong> betonen die silbernen Reflexe und verleihen ihnen einen modernen, selbstbewussten Ausdruck.<\/p>\n<p>F\u00fcr zus\u00e4tzlichen Glanz empfehlen sich <a href=\"https:\/\/www.journee-mondiale.com\/de\/graues-haar-im-fruehling-diese-3-natuerlichen-oele-steigern-den-glanz-um-78-auch-nach-60\/\" target=\"_blank\">nat\u00fcrliche \u00d6le, die den Glanz um bis zu 78% steigern k\u00f6nnen<\/a>, besonders bei reifem Haar.<\/p>\n<h2>Styling-Optionen ohne Stress<\/h2>\n<p>Anders als viele aufwendige Frisurentrends ist der strukturierte Kurzbob \u00fcberraschend pflegeleicht. Hier einige alltagstaugliche Styling-Tipps:<\/p>\n<ul>\n<li><strong>Lufttrocknen<\/strong>: Einfach Texturspray ins handtuchtrockene Haar spr\u00fchen<\/li>\n<li><strong>Glatte Variante<\/strong>: Kurz mit Rundb\u00fcrste f\u00f6hnen f\u00fcr eleganten Look<\/li>\n<li><strong>Welliger Look<\/strong>: Mit Salzspray f\u00fcr l\u00e4ssigen Beach-Vibe<\/li>\n<\/ul>\n<p>Wer noch mehr Volumen w\u00fcnscht, kann von <a href=\"https:\/\/www.journee-mondiale.com\/de\/diese-umwerfende-frisurtechnik-schenkt-feinem-haar-78-mehr-volumen-ohne-jeglichen-styling-stress\/\" target=\"_blank\">speziellen Techniken profitieren, die feinem Haar bis zu 78% mehr F\u00fclle verleihen<\/a> &#8211; ohne t\u00e4glichen Styling-Stress.<\/p>\n<h2>Alternative f\u00fcr noch mehr K\u00fchnheit: Der strukturierte Pixie<\/h2>\n<p>F\u00fcr Frauen, die bereit sind, noch k\u00fcrzer zu gehen, bietet der <a href=\"https:\/\/www.journee-mondiale.com\/de\/dieser-pixie-cut-verleiht-40-mehr-volumen-und-bringt-sogar-stylisten-zum-staunen\/\" target=\"_blank\">moderne Pixie-Cut eine volumenreiche Alternative<\/a>, die selbst Stylisten begeistert. Diese k\u00fcrzere Variante des strukturierten Schnitts betont besonders die Gesichtsz\u00fcge und wirkt erfrischend jugendlich.<\/p>\n<h2>Die perfekte Fr\u00fchlingsverwandlung<\/h2>\n<p>Der Fr\u00fchling 2025 ist die ideale Zeit f\u00fcr eine Ver\u00e4nderung. Ein <a href=\"https:\/\/www.journee-mondiale.com\/de\/diese-kurze-bob-frisur-verjuengt-frauen-ueber-40-im-fruehling-um-8-jahre-juenger-in-30-minuten\/\" target=\"_blank\">gut geschnittener Bob kann Frauen \u00fcber 40 um bis zu 8 Jahre j\u00fcnger wirken lassen<\/a> &#8211; eine Transformation, die in nur einer halben Stunde beim Friseur m\u00f6glich ist.<\/p>\n<p>Wie ein Schmetterling, der im Fr\u00fchling aus seinem Kokon schl\u00fcpft, verleiht der strukturierte Kurzhaarschnitt 2025 Ihrem Erscheinungsbild neue Fl\u00fcgel. Sind Sie bereit, sich von alten Haargewohnheiten zu verabschieden und mit diesem modernen, dynamischen Look in einen frischen Lebensabschnitt zu starten?<\/p>\n","protected":false},"excerpt":{"rendered":"<p>Der strukturierte Kurzhaarschnitt, auch bekannt als &#8222;Carr\u00e9 court structur\u00e9 2025&#8220;, erobert diesen Fr\u00fchling die Modewelt im Sturm. Diese zeitgem\u00e4\u00dfe Interpretation des klassischen Bob vereint pr\u00e4zise Linien mit dynamischer Bewegung und bietet eine perfekte Balance zwischen Eleganz und Alltagstauglichkeit. Die Renaissance des strukturierten Kurzhaarschnitts Im Fr\u00fchling 2025 erleben wir eine wahre Revolution bei kurzen Haarschnitten. Der &#8230; <a title=\"Dieser strukturierte Kurzhaarschnitt macht feines Haar 40% voller (und verj\u00fcngt um 8 Jahre)\" class=\"read-more\" href=\"https:\/\/www.journee-mondiale.com\/de\/dieser-strukturierte-kurzhaarschnitt-macht-feines-haar-40-voller-und-verjuengt-um-8-jahre\/\" aria-label=\"Mehr Informationen \u00fcber Dieser strukturierte Kurzhaarschnitt macht feines Haar 40% voller (und verj\u00fcngt um 8 Jahre)\">Lire plus<\/a><\/p>\n","protected":false},"author":1,"featured_media":13279,"comment_status":"","ping_status":"","sticky":false,"template":"","format":"standard","meta":{"footnotes":""},"categories":[48],"tags":[],"class_list":["post-13280","post","type-post","status-publish","format-standard","has-post-thumbnail","hentry","category-lebensstil"],"acf":[],"_yoast_wpseo_primary_category":null,"_yoast_wpseo_title":null,"_yoast_wpseo_metadesc":null,"_links":{"self":[{"href":"https:\/\/www.journee-mondiale.com\/de\/wp-json\/wp\/v2\/posts\/13280","targetHints":{"allow":["GET"]}}],"collection":[{"href":"https:\/\/www.journee-mondiale.com\/de\/wp-json\/wp\/v2\/posts"}],"about":[{"href":"https:\/\/www.journee-mondiale.com\/de\/wp-json\/wp\/v2\/types\/post"}],"author":[{"embeddable":true,"href":"https:\/\/www.journee-mondiale.com\/de\/wp-json\/wp\/v2\/users\/1"}],"replies":[{"embeddable":true,"href":"https:\/\/www.journee-mondiale.com\/de\/wp-json\/wp\/v2\/comments?post=13280"}],"version-history":[{"count":0,"href":"https:\/\/www.journee-mondiale.com\/de\/wp-json\/wp\/v2\/posts\/13280\/revisions"}],"wp:featuredmedia":[{"embeddable":true,"href":"https:\/\/www.journee-mondiale.com\/de\/wp-json\/wp\/v2\/media\/13279"}],"wp:attachment":[{"href":"https:\/\/www.journee-mondiale.com\/de\/wp-json\/wp\/v2\/media?parent=13280"}],"wp:term":[{"taxonomy":"category","embeddable":true,"href":"https:\/\/www.journee-mondiale.com\/de\/wp-json\/wp\/v2\/categories?post=13280"},{"taxonomy":"post_tag","embeddable":true,"href":"https:\/\/www.journee-mondiale.com\/de\/wp-json\/wp\/v2\/tags?post=13280"}],"curies":[{"name":"wp","href":"https:\/\/api.w.org\/{rel}","templated":true}]}}