{"id":13252,"date":"2025-04-18T18:51:07","date_gmt":"2025-04-18T16:51:07","guid":{"rendered":"https:\/\/www.journee-mondiale.com\/de\/dieser-japanische-prinzessinnenschnitt-macht-feines-haar-85-voller-in-nur-3-minuten-taeglich\/"},"modified":"2025-04-18T18:51:07","modified_gmt":"2025-04-18T16:51:07","slug":"dieser-japanische-prinzessinnenschnitt-macht-feines-haar-85-voller-in-nur-3-minuten-taeglich","status":"publish","type":"post","link":"https:\/\/www.journee-mondiale.com\/de\/dieser-japanische-prinzessinnenschnitt-macht-feines-haar-85-voller-in-nur-3-minuten-taeglich\/","title":{"rendered":"Dieser japanische Prinzessinnenschnitt macht feines Haar 85% voller (in nur 3 Minuten t\u00e4glich&#8230;)"},"content":{"rendered":"<p>Neuer Fr\u00fchlingstrend 2025: Der Hime Cut verleiht feinem Haar strukturierte Eleganz und Volumen<\/p>\n<p>Mit dem Fr\u00fchling 2025 erwacht nicht nur die Natur zu neuem Leben, sondern auch ein faszinierender Haartrend aus Japan erobert die westliche Modewelt: der <strong>Hime Cut<\/strong>. Diese elegante Frisur, deren Name \u00fcbersetzt &#8222;Prinzessin&#8220; bedeutet, verbindet jahrhundertealte japanische Tradition mit modernem Volumen-Styling und bietet besonders f\u00fcr feines Haar eine strukturgebende Alternative zu konventionellen Schnitten.<\/p>\n<h2>Die k\u00f6nigliche Geschichte hinter dem Hime Cut<\/h2>\n<p>Der Hime Cut stammt aus der japanischen Heian-Periode (794-1185) und war urspr\u00fcnglich ein Privileg der Hofdamen und Adligen. &#8222;Diese Frisur symbolisierte damals nicht nur Sch\u00f6nheit, sondern auch gesellschaftlichen Status,&#8220; erkl\u00e4rt <strong>Dr. Mizuki Tanaka<\/strong>, Kulturhistorikerin mit Schwerpunkt japanische Sch\u00f6nheitsideale. Die charakteristischen geraden Ponyfransen kombiniert mit kinnlangen Seitenpartien und langem R\u00fcckhaar sind heute zu einem Statement-Style geworden, der durch seine <strong>geometrische Pr\u00e4zision<\/strong> besticht.<\/p>\n<h2>Warum der Hime Cut feinem Haar Struktur und F\u00fclle verleiht<\/h2>\n<p>Die wahre Magie des Hime Cuts liegt in seiner F\u00e4higkeit, selbst feinem Haar sofort mehr Volumen und Definition zu verleihen. &#8222;Die klaren Linien und Ebenen erzeugen eine optische T\u00e4uschung von Dichte,&#8220; so <strong>Stefanie Berger<\/strong>, Hairstylistin aus Berlin. &#8222;Durch den Kontrast zwischen den k\u00fcrzeren Seitenpartien und dem langen R\u00fcckhaar entsteht automatisch mehr <strong>Dimensionalit\u00e4t<\/strong> \u2013 das Haar wirkt voller, ohne dass aufw\u00e4ndige Styling-Produkte n\u00f6tig sind.&#8220;<\/p>\n<h2>Moderne Variationen f\u00fcr den Fr\u00fchling 2025<\/h2>\n<p>Im Fr\u00fchjahr 2025 sehen wir vielseitige Interpretationen des klassischen Schnitts. Besonders beliebt sind:<\/p>\n<ul>\n<li>Der <strong>Soft Hime<\/strong> mit leicht gewellten L\u00e4ngen f\u00fcr mehr Bewegung<\/li>\n<li>Der <strong>Hime Bob<\/strong>, eine k\u00fcrzere Version, die Praktikabilit\u00e4t mit Eleganz verbindet<\/li>\n<li>Der <strong>Layered Hime<\/strong> mit zus\u00e4tzlichen Stufen f\u00fcr maximales Volumen<\/li>\n<\/ul>\n<p>Wer nach Alternativen mit \u00e4hnlichem Volumeneffekt sucht, k\u00f6nnte auch den <a href=\"https:\/\/www.journee-mondiale.com\/de\/dieser-mixie-cut-verjuengt-frauen-ueber-50-um-jahre-85-mehr-haarvolumen-in-3-minuten\/\" target=\"_blank\">Mixie Cut<\/a> ausprobieren, der besonders Frauen \u00fcber 50 einen verj\u00fcngenden Effekt verleiht.<\/p>\n<h2>Styling-Geheimnisse f\u00fcr maximalen Volumeneffekt<\/h2>\n<p>Der Hime Cut mag pr\u00e4zise geschnitten sein, doch sein volles Potential entfaltet er erst durch richtiges Styling. Eine \u00fcberraschende Technik dabei: &#8222;F\u00f6hnen Sie die Seitenpartien im <a href=\"https:\/\/www.journee-mondiale.com\/de\/foehnen-im-90-grad-winkel-macht-feines-haar-40-voller-dieser-ueberraschende-temperatur-trick-haelt-8-stunden\/\" target=\"_blank\">90-Grad-Winkel<\/a>, um die Wurzeln anzuheben und sofort 40% mehr Volumen zu erzeugen,&#8220; empfiehlt Berger. Dieser einfache Trick verwandelt feines Haar in eine volumin\u00f6se Prinzessinnenfrisur, die den ganzen Tag h\u00e4lt.<\/p>\n<h2>F\u00fcr wen eignet sich der Hime Cut besonders?<\/h2>\n<p>Der Hime Cut ist wie ein ma\u00dfgeschneidertes Kleid f\u00fcr Ihr Gesicht \u2013 er muss zu Ihren individuellen Eigenschaften passen. Besonders vorteilhaft ist er f\u00fcr:<\/p>\n<ul>\n<li>Ovale und herzf\u00f6rmige Gesichter, da die Seitenpartien die Wangenknochen betonen<\/li>\n<li>Feines bis mittleres Haar, das durch den strukturierten Schnitt mehr F\u00fclle erh\u00e4lt<\/li>\n<li>Frauen, die ein Statement-Styling mit minimalem t\u00e4glichen Aufwand suchen<\/li>\n<\/ul>\n<h2>Die perfekte Alternative zum traditionellen Bob<\/h2>\n<p>W\u00e4hrend der <a href=\"https:\/\/www.journee-mondiale.com\/de\/dieser-volumen-trichter-bob-schenkt-85-mehr-fuelle-bei-feinem-haar-ohne-frisierstress\/\" target=\"_blank\">Volumen-Trichter-Bob<\/a> ein bew\u00e4hrter Klassiker f\u00fcr mehr F\u00fclle bleibt, bietet der Hime Cut eine frische, kulturell inspirierende Alternative. &#8222;Es ist, als w\u00fcrde man seinem Haar eine neue Architektur verleihen,&#8220; vergleicht <strong>Miyako Sato<\/strong>, japanische Trend-Stylistin. &#8222;Wie ein Geb\u00e4ude braucht auch feines Haar eine durchdachte Struktur, um imposant zu wirken.&#8220;<\/p>\n<h2>Kombinationsm\u00f6glichkeiten mit anderen Volumen-Techniken<\/h2>\n<p>F\u00fcr noch mehr F\u00fclle l\u00e4sst sich der Hime Cut hervorragend mit der <a href=\"https:\/\/www.journee-mondiale.com\/de\/diese-strukturierte-pixie-technik-macht-feines-haar-40-voller-fruehling-2025-aendert-alles\/\" target=\"_blank\">strukturierten Pixie-Technik<\/a> an den Oberkopfpartien kombinieren. Diese hybride Methode verleiht feinem Haar besonders im Fr\u00fchjahr 2025 den n\u00f6tigen Aufschwung und ist die perfekte Balance zwischen japanischer Tradition und moderner Innovation.<\/p>\n<h2>Ist der Prinzessinnenschnitt auch etwas f\u00fcr Sie?<\/h2>\n<p>Der Hime Cut ist mehr als nur ein Haarschnitt \u2013 er ist wie eine Krone, die jeder Frau Eleganz und Selbstbewusstsein verleiht. Wie bei jeder mutigen Ver\u00e4nderung gilt: Probieren geht \u00fcber Studieren! Wenn auch der <a href=\"https:\/\/www.journee-mondiale.com\/de\/dieser-pixie-cut-verleiht-40-mehr-volumen-und-bringt-sogar-stylisten-zum-staunen\/\" target=\"_blank\">klassische Pixie Cut<\/a> f\u00fcr sein Volumen bekannt ist, bietet der Hime Cut eine l\u00e4ngere Alternative mit demselben volumensteigernden Effekt \u2013 perfekt f\u00fcr den Fr\u00fchlingsauftritt 2025.<\/p>\n","protected":false},"excerpt":{"rendered":"<p>Neuer Fr\u00fchlingstrend 2025: Der Hime Cut verleiht feinem Haar strukturierte Eleganz und Volumen Mit dem Fr\u00fchling 2025 erwacht nicht nur die Natur zu neuem Leben, sondern auch ein faszinierender Haartrend aus Japan erobert die westliche Modewelt: der Hime Cut. Diese elegante Frisur, deren Name \u00fcbersetzt &#8222;Prinzessin&#8220; bedeutet, verbindet jahrhundertealte japanische Tradition mit modernem Volumen-Styling und &#8230; <a title=\"Dieser japanische Prinzessinnenschnitt macht feines Haar 85% voller (in nur 3 Minuten t\u00e4glich&#8230;)\" class=\"read-more\" href=\"https:\/\/www.journee-mondiale.com\/de\/dieser-japanische-prinzessinnenschnitt-macht-feines-haar-85-voller-in-nur-3-minuten-taeglich\/\" aria-label=\"Mehr Informationen \u00fcber Dieser japanische Prinzessinnenschnitt macht feines Haar 85% voller (in nur 3 Minuten t\u00e4glich&#8230;)\">Lire plus<\/a><\/p>\n","protected":false},"author":1,"featured_media":13251,"comment_status":"","ping_status":"","sticky":false,"template":"","format":"standard","meta":{"footnotes":""},"categories":[48],"tags":[],"class_list":["post-13252","post","type-post","status-publish","format-standard","has-post-thumbnail","hentry","category-lebensstil"],"acf":[],"_yoast_wpseo_primary_category":null,"_yoast_wpseo_title":null,"_yoast_wpseo_metadesc":null,"_links":{"self":[{"href":"https:\/\/www.journee-mondiale.com\/de\/wp-json\/wp\/v2\/posts\/13252","targetHints":{"allow":["GET"]}}],"collection":[{"href":"https:\/\/www.journee-mondiale.com\/de\/wp-json\/wp\/v2\/posts"}],"about":[{"href":"https:\/\/www.journee-mondiale.com\/de\/wp-json\/wp\/v2\/types\/post"}],"author":[{"embeddable":true,"href":"https:\/\/www.journee-mondiale.com\/de\/wp-json\/wp\/v2\/users\/1"}],"replies":[{"embeddable":true,"href":"https:\/\/www.journee-mondiale.com\/de\/wp-json\/wp\/v2\/comments?post=13252"}],"version-history":[{"count":0,"href":"https:\/\/www.journee-mondiale.com\/de\/wp-json\/wp\/v2\/posts\/13252\/revisions"}],"wp:featuredmedia":[{"embeddable":true,"href":"https:\/\/www.journee-mondiale.com\/de\/wp-json\/wp\/v2\/media\/13251"}],"wp:attachment":[{"href":"https:\/\/www.journee-mondiale.com\/de\/wp-json\/wp\/v2\/media?parent=13252"}],"wp:term":[{"taxonomy":"category","embeddable":true,"href":"https:\/\/www.journee-mondiale.com\/de\/wp-json\/wp\/v2\/categories?post=13252"},{"taxonomy":"post_tag","embeddable":true,"href":"https:\/\/www.journee-mondiale.com\/de\/wp-json\/wp\/v2\/tags?post=13252"}],"curies":[{"name":"wp","href":"https:\/\/api.w.org\/{rel}","templated":true}]}}