{"id":13244,"date":"2025-04-18T08:35:23","date_gmt":"2025-04-18T06:35:23","guid":{"rendered":"https:\/\/www.journee-mondiale.com\/de\/dieser-mixie-cut-verjuengt-frauen-ueber-50-um-jahre-85-mehr-haarvolumen-in-3-minuten\/"},"modified":"2025-04-18T08:35:23","modified_gmt":"2025-04-18T06:35:23","slug":"dieser-mixie-cut-verjuengt-frauen-ueber-50-um-jahre-85-mehr-haarvolumen-in-3-minuten","status":"publish","type":"post","link":"https:\/\/www.journee-mondiale.com\/de\/dieser-mixie-cut-verjuengt-frauen-ueber-50-um-jahre-85-mehr-haarvolumen-in-3-minuten\/","title":{"rendered":"Dieser Mixie Cut verj\u00fcngt Frauen \u00fcber 50 um Jahre&#8230; (85% mehr Haarvolumen in 3 Minuten)"},"content":{"rendered":"<p>Der Fr\u00fchling 2025 bringt frischen Wind in die Frisurenwelt! Besonders eine Schnittinnovation sorgt f\u00fcr Aufsehen: der <strong>Mixie Cut<\/strong> \u2013 eine mutige Kombination aus Pixie und Mullet, die besonders Frauen \u00fcber 50 Jahren einen erstaunlichen Verj\u00fcngungseffekt schenkt. Diese hybride Frisur vereint das Beste aus zwei Welten und k\u00f6nnte der Schl\u00fcssel zu Ihrem neuen Fr\u00fchlingsStyler sein.<\/p>\n<h2>Die perfekte Mischung: Was macht den Mixie Cut so besonders?<\/h2>\n<p>Der Mixie Cut ist die <strong>harmonische Verschmelzung<\/strong> des kurzen, strukturierten Pixie-Schnitts vorne mit den l\u00e4ngeren, verspielten Elementen des Mullets im Nackenbereich. &#8222;Diese Fusion kreiert eine Frisur mit au\u00dfergew\u00f6hnlicher Dimension und Bewegung, genau das, was reiferes Haar oft verliert&#8220;, erkl\u00e4rt <strong>Frisurenexpertin Christina Weber<\/strong> vom Berliner Style-Institut.<\/p>\n<p>Anders als klassische kurze Schnitte bietet der Mixie Cut mehr <strong>Struktur und Textur<\/strong>, was ihn besonders schmeichelhaft f\u00fcr Frauen macht, deren Haar mit zunehmendem Alter an F\u00fclle verliert. Die k\u00fcrzeren Partien am Oberkopf verleihen sofort mehr Volumen \u2013 \u00e4hnlich wie die <a href=\"https:\/\/www.journee-mondiale.com\/de\/diese-strukturierte-pixie-technik-macht-feines-haar-40-voller-fruehling-2025-aendert-alles\/\" target=\"_blank\">strukturierte Pixie-Technik<\/a>, die feinem Haar bis zu 40% mehr F\u00fclle schenkt.<\/p>\n<h2>Der Verj\u00fcngungseffekt: Warum wirkt der Mixie so jugendlich?<\/h2>\n<p>Die <strong>dynamische Silhouette<\/strong> des Mixie Cuts wirkt wie eine optische Verj\u00fcngungskur. Dr. Martina Hoffman, Dermatologin mit Spezialisierung auf Haar-Aging, best\u00e4tigt: &#8222;Frisuren mit strategisch platzierten Stufen lenken den Blick von Falten ab und betonen stattdessen die Augen und Wangenknochen \u2013 genau dort, wo wir Jugendlichkeit wahrnehmen.&#8220;<\/p>\n<p>Die verspielten Elemente des Schnitts vermitteln zudem eine <strong>unbeschwerte Ausstrahlung<\/strong>, die automatisch Jahre verschwinden l\u00e4sst. Nicht umsonst bezeichnet man Haare oft als &#8222;Rahmen des Gesichts&#8220; \u2013 der Mixie rahmt auf besonders schmeichelhafte Weise.<\/p>\n<h2>F\u00fcr wen eignet sich der mutige Schnitt?<\/h2>\n<p>Der Mixie Cut ist \u00fcberraschend vielseitig und passt zu verschiedenen Gesichtsformen. Besonders vorteilhaft ist er f\u00fcr:<\/p>\n<ul>\n<li>Frauen mit <strong>feinem, d\u00fcnner werdendem Haar<\/strong>, da er instant Volumen zaubert<\/li>\n<li>Ovale und herzf\u00f6rmige Gesichter, die durch die asymmetrische Struktur betont werden<\/li>\n<li>Aktive Frauen, die <strong>pflegeleichte Stylings<\/strong> bevorzugen<\/li>\n<\/ul>\n<h2>Styling-Tipps: So bringen Sie Ihren Mixie zum Strahlen<\/h2>\n<p>Der gro\u00dfe Vorteil des Mixie Cuts liegt in seiner <strong>Pflegeleichtigkeit<\/strong>. Im Gegensatz zum <a href=\"https:\/\/www.journee-mondiale.com\/de\/dieser-volumen-trichter-bob-schenkt-85-mehr-fuelle-bei-feinem-haar-ohne-frisierstress\/\" target=\"_blank\">Volumen-Trichter-Bob<\/a> ben\u00f6tigt er kaum Styling-Aufwand. F\u00fcr den perfekten Look reichen:<\/p>\n<ul>\n<li>Volumen-Mousse in handtuchtrockenes Haar einarbeiten<\/li>\n<li>Mit den Fingern oder einer runden B\u00fcrste trocknen<\/li>\n<li>Texturspray f\u00fcr zus\u00e4tzliche Definition verwenden<\/li>\n<\/ul>\n<h2>Die ideale Farbe: So komplettieren Sie den Look<\/h2>\n<p>Der Mixie Cut entfaltet seine volle <strong>Verj\u00fcngungskraft<\/strong>, wenn er mit der richtigen Haarfarbe kombiniert wird. Sanfte Highlights um das Gesicht herum schaffen einen nat\u00fcrlichen Glow-Effekt \u2013 \u00e4hnlich wie die Techniken, die auch beim <a href=\"https:\/\/www.journee-mondiale.com\/de\/der-texturierte-italien-bob-schenkt-frauen-ueber-60-bis-zu-85-mehr-volumen-revolutionaerer-3-minuten-trick\/\" target=\"_blank\">texturierten Italien-Bob<\/a> f\u00fcr Frauen \u00fcber 60 zum Einsatz kommen.<\/p>\n<h2>Der perfekte Fr\u00fchlingsbegleiter 2025<\/h2>\n<p>Mit steigenden Temperaturen sehnen wir uns nach <strong>Leichtigkeit und Frische<\/strong> \u2013 der Mixie Cut verk\u00f6rpert genau diese Eigenschaften. Wie ein frischer Fr\u00fchlingswind fegt er verstaubte Vorstellungen von &#8222;altersgerechten&#8220; Frisuren hinweg und beweist, dass mutige Schnitte in jedem Alter Selbstbewusstsein ausstrahlen.<\/p>\n<p>Die neue Frisur passt perfekt zu den luftigen Fr\u00fchlingsoutfits, besonders zu den <a href=\"https:\/\/www.journee-mondiale.com\/de\/diese-5-jeans-fuer-birnenfoermige-figuren-ueber-60-veraenderten-meinen-fruehlingslook-ich-trage-jetzt-nur-noch-nr-3\/\" target=\"_blank\">speziellen Jeans f\u00fcr birnenf\u00f6rmige Figuren<\/a>, die viele Frauen \u00fcber 60 f\u00fcr sich entdeckt haben.<\/p>\n<h2>Pflege f\u00fcr strahlende Ergebnisse<\/h2>\n<p>Wie bei jeder Kurzhaarfrisur ist regelm\u00e4\u00dfiges <strong>Nachschneiden<\/strong> wichtig, um die Form zu erhalten \u2013 idealerweise alle 4-6 Wochen. Kombinieren Sie dies mit einer intensiven Haarpflege, \u00e4hnlich wie bei der Hautpflege mit <a href=\"https:\/\/www.journee-mondiale.com\/de\/ich-habe-meine-trockene-60-haut-im-fruehling-mit-3-natuerlichen-feuchtigkeitsspendern-verjuengt-40-weniger-falten\/\" target=\"_blank\">nat\u00fcrlichen Feuchtigkeitsspendern<\/a>, die auch trockene Haut verj\u00fcngen.<\/p>\n<p>Trauen Sie sich, neue Wege zu gehen und lassen Sie sich von den frischen Fr\u00fchlingstrends inspirieren! Der Mixie Cut k\u00f6nnte genau der mutige Schritt sein, der Ihnen nicht nur Jahre, sondern auch Styling-Zeit nimmt und Ihnen ein v\u00f6llig neues Lebensgef\u00fchl schenkt. Welche bessere Jahreszeit als der Fr\u00fchling gibt es, um eine erfrischende Ver\u00e4nderung zu wagen?<\/p>\n","protected":false},"excerpt":{"rendered":"<p>Der Fr\u00fchling 2025 bringt frischen Wind in die Frisurenwelt! Besonders eine Schnittinnovation sorgt f\u00fcr Aufsehen: der Mixie Cut \u2013 eine mutige Kombination aus Pixie und Mullet, die besonders Frauen \u00fcber 50 Jahren einen erstaunlichen Verj\u00fcngungseffekt schenkt. Diese hybride Frisur vereint das Beste aus zwei Welten und k\u00f6nnte der Schl\u00fcssel zu Ihrem neuen Fr\u00fchlingsStyler sein. Die &#8230; <a title=\"Dieser Mixie Cut verj\u00fcngt Frauen \u00fcber 50 um Jahre&#8230; (85% mehr Haarvolumen in 3 Minuten)\" class=\"read-more\" href=\"https:\/\/www.journee-mondiale.com\/de\/dieser-mixie-cut-verjuengt-frauen-ueber-50-um-jahre-85-mehr-haarvolumen-in-3-minuten\/\" aria-label=\"Mehr Informationen \u00fcber Dieser Mixie Cut verj\u00fcngt Frauen \u00fcber 50 um Jahre&#8230; (85% mehr Haarvolumen in 3 Minuten)\">Lire plus<\/a><\/p>\n","protected":false},"author":1,"featured_media":13243,"comment_status":"","ping_status":"","sticky":false,"template":"","format":"standard","meta":{"footnotes":""},"categories":[48],"tags":[],"class_list":["post-13244","post","type-post","status-publish","format-standard","has-post-thumbnail","hentry","category-lebensstil"],"acf":[],"_yoast_wpseo_primary_category":null,"_yoast_wpseo_title":null,"_yoast_wpseo_metadesc":null,"_links":{"self":[{"href":"https:\/\/www.journee-mondiale.com\/de\/wp-json\/wp\/v2\/posts\/13244","targetHints":{"allow":["GET"]}}],"collection":[{"href":"https:\/\/www.journee-mondiale.com\/de\/wp-json\/wp\/v2\/posts"}],"about":[{"href":"https:\/\/www.journee-mondiale.com\/de\/wp-json\/wp\/v2\/types\/post"}],"author":[{"embeddable":true,"href":"https:\/\/www.journee-mondiale.com\/de\/wp-json\/wp\/v2\/users\/1"}],"replies":[{"embeddable":true,"href":"https:\/\/www.journee-mondiale.com\/de\/wp-json\/wp\/v2\/comments?post=13244"}],"version-history":[{"count":0,"href":"https:\/\/www.journee-mondiale.com\/de\/wp-json\/wp\/v2\/posts\/13244\/revisions"}],"wp:featuredmedia":[{"embeddable":true,"href":"https:\/\/www.journee-mondiale.com\/de\/wp-json\/wp\/v2\/media\/13243"}],"wp:attachment":[{"href":"https:\/\/www.journee-mondiale.com\/de\/wp-json\/wp\/v2\/media?parent=13244"}],"wp:term":[{"taxonomy":"category","embeddable":true,"href":"https:\/\/www.journee-mondiale.com\/de\/wp-json\/wp\/v2\/categories?post=13244"},{"taxonomy":"post_tag","embeddable":true,"href":"https:\/\/www.journee-mondiale.com\/de\/wp-json\/wp\/v2\/tags?post=13244"}],"curies":[{"name":"wp","href":"https:\/\/api.w.org\/{rel}","templated":true}]}}