{"id":13144,"date":"2025-04-10T19:35:09","date_gmt":"2025-04-10T17:35:09","guid":{"rendered":"https:\/\/www.journee-mondiale.com\/de\/diese-spektakulaere-kueste-mit-140-kilometer-langen-kreidefelsen-inspirierte-beruehmte-maler-ein-verstecktes-naturwunder-in-frankreich\/"},"modified":"2025-04-10T19:35:09","modified_gmt":"2025-04-10T17:35:09","slug":"diese-spektakulaere-kueste-mit-140-kilometer-langen-kreidefelsen-inspirierte-beruehmte-maler-ein-verstecktes-naturwunder-in-frankreich","status":"publish","type":"post","link":"https:\/\/www.journee-mondiale.com\/de\/diese-spektakulaere-kueste-mit-140-kilometer-langen-kreidefelsen-inspirierte-beruehmte-maler-ein-verstecktes-naturwunder-in-frankreich\/","title":{"rendered":"Diese spektakul\u00e4re K\u00fcste mit 140 Kilometer langen Kreidefelsen inspirierte ber\u00fchmte Maler (ein verstecktes Naturwunder in Frankreich)"},"content":{"rendered":"<p>An der Alabasterk\u00fcste sch\u00e4umen die Wellen kraftvoll gegen majest\u00e4tische Kreidefelsen \u2013 ein Naturspektakel, das selbst die Pinsel von Monet und Courbet inspirierte. Die C\u00f4te d&#8217;Alb\u00e2tre in der Normandie ist ein dramatisches K\u00fcstengem\u00e4lde, das sich \u00fcber 140 Kilometer erstreckt und deutsche Besucher mit seiner unverf\u00e4lschten Sch\u00f6nheit verzaubert.<\/p>\n<h2>Die spektakul\u00e4ren Klippen von \u00c9tretat \u2013 Wahrzeichen einer m\u00e4rchenhaften K\u00fcste<\/h2>\n<p>\u201e\u00c9tretat ist ein magischer Ort, an dem sich der Himmel und das Meer auf einzigartige Weise begegnen&#8220;, schw\u00e4rmt Marine Dubois, lokale Naturf\u00fchrerin. Die ber\u00fchmten Felsentore Port d&#8217;Aval und Falaise d&#8217;Amont ragen wie gigantische Skulpturen aus dem Meer und bieten einen Anblick, der selbst weitgereiste Fotografen zum Staunen bringt. Der K\u00fcstenpfad GR21 offenbart atemberaubende Perspektiven auf diese Naturwunder.<\/p>\n<h2>F\u00e9camp \u2013 Wo Geschichte und Tradition auf Genuss treffen<\/h2>\n<p>Im ehemaligen Kabeljauhafen F\u00e9camp tauchen Besucher in die maritime Geschichte ein. Das Mus\u00e9e des P\u00eacheries erz\u00e4hlt vom harten Leben der Fischer, w\u00e4hrend im pr\u00e4chtigen Palais B\u00e9n\u00e9dictine das Geheimnis des gleichnamigen Kr\u00e4uterlik\u00f6rs bewahrt wird. Ein Abstecher zu den <a href=\"https:\/\/www.journee-mondiale.com\/de\/diese-franzoesische-stadt-wird-klein-venedig-genannt-9-000-einwohner-leben-zwischen-kanaelen-und-fachwerkhaeusern-aus-dem-17-jahrhundert\/\" target=\"_blank\">malerischen St\u00e4dten der Normandie<\/a> lohnt sich ebenfalls.<\/p>\n<h2>Versteckte Perlen f\u00fcr Entdecker \u2013 Jenseits der Postkartenmotive<\/h2>\n<p>Veules-les-Roses, als eines der sch\u00f6nsten D\u00f6rfer Frankreichs ausgezeichnet, verzaubert mit seinen Roseng\u00e4rten und dem k\u00fcrzesten Fluss Frankreichs. Dieses mittelalterliche Juwel geh\u00f6rt zu den <a href=\"https:\/\/www.journee-mondiale.com\/de\/dieses-versteckte-dorf-in-der-normandie-mit-nur-200-einwohnern-bewahrt-die-authentische-seele-frankreichs-fernab-von-touristenmassen\/\" target=\"_blank\">versteckten Normandie-D\u00f6rfern<\/a>, die authentische franz\u00f6sische Lebensart fernab von Touristenmassen bieten. In Les Petites Dalles erinnert ein unscheinbarer Strand an Kaiserin Sisi, die hier einst badete.<\/p>\n<h2>Kulinarische Entdeckungen f\u00fcr Genie\u00dfer<\/h2>\n<p>\u201eDie Meeresfr\u00fcchte unserer K\u00fcste sind unsere Leidenschaft und unser Stolz&#8220;, erkl\u00e4rt Chef Jean-Pierre vom Restaurant L&#8217;\u00d4 2 mer. Probieren Sie frischen Kabeljau oder die ber\u00fchmten Austern mit einem Glas Cidre. Die Region geh\u00f6rt zu den besten <a href=\"https:\/\/www.journee-mondiale.com\/de\/diese-franzoesische-hafenstadt-mit-ihren-36-kilometer-langen-traumstraenden-ist-die-heimat-der-einzigen-sardine-frankreichs-mit-offiziellem-qualitaetssiegel\/\" target=\"_blank\">franz\u00f6sischen K\u00fcstenorten<\/a> f\u00fcr Feinschmecker. Im La Calypso in F\u00e9camp serviert man Meeresfr\u00fcchte-Plateaus, die deutsche Gourmets begeistern.<\/p>\n<h2>Die ideale Reisezeit \u2013 Wann die Alabasterk\u00fcste am sch\u00f6nsten ist<\/h2>\n<p>Von April bis Oktober zeigt sich die K\u00fcste von ihrer besten Seite. W\u00e4hrend der Sommermonate Juli und August herrschen angenehme 20-25\u00b0C \u2013 perfekt f\u00fcr deutsche Urlauber, die mildes Klima sch\u00e4tzen. Im Fr\u00fchling und Herbst bieten sich die K\u00fcstenwege f\u00fcr ausgedehnte Wanderungen an, ohne dass Touristenmassen die Aussicht tr\u00fcben.<\/p>\n<h2>Anreise und Unterkunft \u2013 Der perfekte Normandie-Trip<\/h2>\n<p>Mit dem Auto erreichen Sie die Region \u00fcber Paris in etwa sechs Stunden von der deutschen Grenze. Alternativ geht es mit dem Zug \u00fcber Paris nach Rouen oder Le Havre. Vom luxuri\u00f6sen Le Grand Pavois (ab 80\u20ac\/Nacht) bis zu charmanten Ferienh\u00e4usern in den kleinen Orten \u2013 die Auswahl an Unterk\u00fcnften ist vielf\u00e4ltig und passt zu jedem Budget.<\/p>\n<h2>Aktivit\u00e4ten f\u00fcr jeden Geschmack<\/h2>\n<p>Die Alabasterk\u00fcste bietet neben Wanderungen auch Bootstouren ab F\u00e9camp oder Radtouren entlang der K\u00fcste. Erkunden Sie die Region auf einer der beliebten <a href=\"https:\/\/www.journee-mondiale.com\/de\/diese-franzoesische-radroute-verbindet-900-kilometer-lang-koenigliche-schloesser-mit-versteckten-weindoerfern-kenner-nennen-sie-das-fahrrad-paradies-fuer-geniesser\/\" target=\"_blank\">Radrouten durch Frankreich<\/a>. Deutsche Aktivurlauber sch\u00e4tzen besonders die gut ausgebauten Wege mit atemberaubenden Aussichtspunkten.<\/p>\n<h2>Das charmante Fischerdorf Yport<\/h2>\n<p>Yport, einst ein bedeutendes Fischerdorf, bezaubert heute mit seinen bunten Booten und dem charmanten Kiesstrand. Hier findet man noch das authentische Normandie-Feeling, wenn Fischer morgens ihre Boote ins Wasser schieben und lokale Caf\u00e9s zum Verweilen einladen.<\/p>\n<h2>Ein Hauch Literatur an der Felsenk\u00fcste<\/h2>\n<p>Wussten Sie, dass Guy de Maupassant hier aufwuchs und die dramatische K\u00fcstenlandschaft in seinen Werken verewigte? Die literarischen Spuren entdecken Sie auf dem Maupassant-Weg, der zu den einstigen Inspirationsorten des Schriftstellers f\u00fchrt \u2013 ein Muss f\u00fcr kulturbegeisterte deutsche Besucher.<\/p>\n<p>Die Alabasterk\u00fcste ist ein Sehnsuchtsort f\u00fcr alle, die Frankreich abseits der \u00fcberlaufenen Pfade erleben m\u00f6chten. Mit ihrer beeindruckenden Natur und den charmanten <a href=\"https:\/\/www.journee-mondiale.com\/de\/dieses-mittelalterliche-dorf-zwischen-zwei-fluessen-bewahrt-ein-900-jaehriges-geheimnis-selbst-franzosen-kennen-es-kaum\/\" target=\"_blank\">historischen franz\u00f6sischen D\u00f6rfern<\/a> bietet sie ein authentisches St\u00fcck Normandie. \u201eWer einmal den Sonnenuntergang \u00fcber den Klippen von \u00c9tretat erlebt hat&#8220;, sagt Fotografin Claire Bernard, \u201eder tr\u00e4gt dieses Bild f\u00fcr immer im Herzen.&#8220;<\/p>\n","protected":false},"excerpt":{"rendered":"<p>An der Alabasterk\u00fcste sch\u00e4umen die Wellen kraftvoll gegen majest\u00e4tische Kreidefelsen \u2013 ein Naturspektakel, das selbst die Pinsel von Monet und Courbet inspirierte. Die C\u00f4te d&#8217;Alb\u00e2tre in der Normandie ist ein dramatisches K\u00fcstengem\u00e4lde, das sich \u00fcber 140 Kilometer erstreckt und deutsche Besucher mit seiner unverf\u00e4lschten Sch\u00f6nheit verzaubert. Die spektakul\u00e4ren Klippen von \u00c9tretat \u2013 Wahrzeichen einer m\u00e4rchenhaften &#8230; <a title=\"Diese spektakul\u00e4re K\u00fcste mit 140 Kilometer langen Kreidefelsen inspirierte ber\u00fchmte Maler (ein verstecktes Naturwunder in Frankreich)\" class=\"read-more\" href=\"https:\/\/www.journee-mondiale.com\/de\/diese-spektakulaere-kueste-mit-140-kilometer-langen-kreidefelsen-inspirierte-beruehmte-maler-ein-verstecktes-naturwunder-in-frankreich\/\" aria-label=\"Mehr Informationen \u00fcber Diese spektakul\u00e4re K\u00fcste mit 140 Kilometer langen Kreidefelsen inspirierte ber\u00fchmte Maler (ein verstecktes Naturwunder in Frankreich)\">Lire plus<\/a><\/p>\n","protected":false},"author":1,"featured_media":13143,"comment_status":"","ping_status":"","sticky":false,"template":"","format":"standard","meta":{"footnotes":""},"categories":[49],"tags":[],"class_list":["post-13144","post","type-post","status-publish","format-standard","has-post-thumbnail","hentry","category-reisen"],"acf":[],"_yoast_wpseo_primary_category":null,"_yoast_wpseo_title":null,"_yoast_wpseo_metadesc":null,"_links":{"self":[{"href":"https:\/\/www.journee-mondiale.com\/de\/wp-json\/wp\/v2\/posts\/13144","targetHints":{"allow":["GET"]}}],"collection":[{"href":"https:\/\/www.journee-mondiale.com\/de\/wp-json\/wp\/v2\/posts"}],"about":[{"href":"https:\/\/www.journee-mondiale.com\/de\/wp-json\/wp\/v2\/types\/post"}],"author":[{"embeddable":true,"href":"https:\/\/www.journee-mondiale.com\/de\/wp-json\/wp\/v2\/users\/1"}],"replies":[{"embeddable":true,"href":"https:\/\/www.journee-mondiale.com\/de\/wp-json\/wp\/v2\/comments?post=13144"}],"version-history":[{"count":0,"href":"https:\/\/www.journee-mondiale.com\/de\/wp-json\/wp\/v2\/posts\/13144\/revisions"}],"wp:featuredmedia":[{"embeddable":true,"href":"https:\/\/www.journee-mondiale.com\/de\/wp-json\/wp\/v2\/media\/13143"}],"wp:attachment":[{"href":"https:\/\/www.journee-mondiale.com\/de\/wp-json\/wp\/v2\/media?parent=13144"}],"wp:term":[{"taxonomy":"category","embeddable":true,"href":"https:\/\/www.journee-mondiale.com\/de\/wp-json\/wp\/v2\/categories?post=13144"},{"taxonomy":"post_tag","embeddable":true,"href":"https:\/\/www.journee-mondiale.com\/de\/wp-json\/wp\/v2\/tags?post=13144"}],"curies":[{"name":"wp","href":"https:\/\/api.w.org\/{rel}","templated":true}]}}