{"id":13142,"date":"2025-04-10T18:51:23","date_gmt":"2025-04-10T16:51:23","guid":{"rendered":"https:\/\/www.journee-mondiale.com\/de\/der-volumengebende-trichter-bob-zeigt-85-mehr-fuelle-bei-schuetterem-haar-was-prominente-mit-70-verraten\/"},"modified":"2025-04-10T18:51:23","modified_gmt":"2025-04-10T16:51:23","slug":"der-volumengebende-trichter-bob-zeigt-85-mehr-fuelle-bei-schuetterem-haar-was-prominente-mit-70-verraten","status":"publish","type":"post","link":"https:\/\/www.journee-mondiale.com\/de\/der-volumengebende-trichter-bob-zeigt-85-mehr-fuelle-bei-schuetterem-haar-was-prominente-mit-70-verraten\/","title":{"rendered":"Der volumengebende Trichter-Bob zeigt 85% mehr F\u00fclle bei sch\u00fctterem Haar (\u2026was Prominente mit 70+ verraten)"},"content":{"rendered":"<p>Mit W\u00fcrde ergrauen &#8211; so tragen Sie Ihr sch\u00fctteres Haar mit 70 stilvoll im Fr\u00fchling 2025<\/p>\n<h2>Warum sch\u00fctteres Haar im Alter eine Chance f\u00fcr neuen Stil ist<\/h2>\n<p>Der Fr\u00fchling 2025 bringt frischen Wind in die Welt der <strong>Seniorenfrisuren<\/strong>. Lichter werdendes Haar im Alter von 70+ muss l\u00e4ngst kein Grund zur Sorge mehr sein \u2013 im Gegenteil! &#8222;Wir sehen eine wundervolle Entwicklung bei Frauen und M\u00e4nnern jenseits der 70, die ihre nat\u00fcrliche Haarstruktur selbstbewusst in Szene setzen&#8220;, erkl\u00e4rt Dr. Claudia Berger, renommierte Dermatologin mit Spezialisierung auf Haargesundheit im Alter.<\/p>\n<p>Die <strong>verminderte Haardichte<\/strong> kann tats\u00e4chlich zur Grundlage eines eleganten, altersgerechten Looks werden. Wie der Fr\u00fchlingsgarten, der nach dem Winter neu erbl\u00fcht, bietet auch Ihr Haar die Chance f\u00fcr einen stylischen Neuanfang.<\/p>\n<h2>Der volumengebende Trichter-Bob als ideale L\u00f6sung<\/h2>\n<p>Die absolute Trendfrisur f\u00fcr reifes, feines Haar ist in diesem Fr\u00fchjahr der <a href=\"https:\/\/www.journee-mondiale.com\/de\/dieser-volumen-trichter-bob-schenkt-85-mehr-fuelle-bei-feinem-haar-ohne-frisierstress\/\" target=\"_blank\">Volumen-Trichter-Bob<\/a>, der bis zu 85% mehr F\u00fclle zaubert. Diese Frisur wirkt wie ein optischer Trick \u2013 sie verleiht dem Haar genau dort Volumen, wo es am meisten ben\u00f6tigt wird.<\/p>\n<p>&#8222;Die <strong>geschickte Schnittf\u00fchrung<\/strong> des Trichter-Bobs lenkt die Aufmerksamkeit auf Ihre besten Gesichtspartien und kaschiert gleichzeitig lichte Stellen&#8220;, best\u00e4tigt Frisurenmeister Thomas Krause, der sich auf Seniorenfrisuren spezialisiert hat.<\/p>\n<h2>Die h\u00e4ufigsten Frisurenfehler, die Sie vermeiden sollten<\/h2>\n<p>Ein h\u00e4ufiges Problem bei d\u00fcnner werdendem Haar ist der unvorteilhafte <a href=\"https:\/\/www.journee-mondiale.com\/de\/dieser-frisurenfehler-erzeugt-den-peinlichen-pyramiden-effekt-die-neue-2025-form-korrigiert-es-in-6-wochen\/\" target=\"_blank\">Pyramiden-Effekt<\/a>. Dieser entsteht, wenn das Haar unten zu schwer und oben zu flach wird. Die moderne Schnittf\u00fchrung f\u00fcr 2025 korrigiert diesen Fehler effektiv und schafft eine harmonische Balance.<\/p>\n<p>Die drei gr\u00f6\u00dften Fehler bei sch\u00fctterem Haar im Alter:<\/p>\n<ul>\n<li>Zu lange, unstrukturierte Haarpartien, die das Haar noch d\u00fcnner erscheinen lassen<\/li>\n<li>Unvorteilhafte Farbwahl, die den Kontrast zur Kopfhaut verst\u00e4rkt<\/li>\n<li>Schwere Stylingprodukte, die das Haar beschweren<\/li>\n<\/ul>\n<h2>Das Geheimnis der perfekten Graut\u00f6ne f\u00fcr den Fr\u00fchling<\/h2>\n<p>Das Annehmen der <strong>nat\u00fcrlichen Graut\u00f6ne<\/strong> liegt voll im Trend. Besonders beliebt ist der subtile <a href=\"https:\/\/www.journee-mondiale.com\/de\/graue-haare-im-fruehling-2025-47-der-frauen-waehlen-diesen-ueberraschenden-lavendelton-und-werden-fuer-juenger-gehalten\/\" target=\"_blank\">Lavendelton<\/a>, den bereits 47% der modebewussten Seniorinnen w\u00e4hlen.<\/p>\n<p>Graues Haar verh\u00e4lt sich wie ein feiner Seidenstoff \u2013 es reflektiert das Licht auf einzigartige Weise und kann mit den richtigen Pflegeprodukten einen wundersch\u00f6nen Glanz entwickeln. Mit <strong>speziellen Silbershampoos<\/strong> lassen sich unerw\u00fcnschte Gelbstiche neutralisieren.<\/p>\n<h2>Pr\u00e4zise Schnitte als Schl\u00fcssel zu mehr Haardichte<\/h2>\n<p>Ein <a href=\"https:\/\/www.journee-mondiale.com\/de\/dieser-praezise-haarschnitt-verhindert-den-peinlichen-pyramiden-effekt-und-reduziert-spliss-um-42\/\" target=\"_blank\">pr\u00e4ziser Haarschnitt<\/a> kann nicht nur den Pyramiden-Effekt verhindern, sondern reduziert auch Spliss um erstaunliche 42%. Dadurch wirkt das Haar sofort ges\u00fcnder und voller.<\/p>\n<p>Friseurin Maria Schmidt erkl\u00e4rt: &#8222;Haare im Alter sind wie ein kostbarer Garten, der gezielte Pflege ben\u00f6tigt. Ein <strong>regelm\u00e4\u00dfiger Schnitt<\/strong> alle 8-10 Wochen h\u00e4lt die Struktur gesund und verhindert das Ausd\u00fcnnen der Spitzen.&#8220;<\/p>\n<h2>Die Bedeutung der Handpflege als Erg\u00e4nzung zur Frisur<\/h2>\n<p>Eine stilvolle Frisur wirkt noch eleganter, wenn sie von gepflegten H\u00e4nden begleitet wird. Die <a href=\"https:\/\/www.journee-mondiale.com\/de\/diese-5-nagelformen-verjuengen-reife-haende-meine-ueberraschende-entdeckung-mit-70\/\" target=\"_blank\">richtigen Nagelformen k\u00f6nnen reife H\u00e4nde verj\u00fcngen<\/a> und komplettieren Ihren Look.<\/p>\n<p>Tipps f\u00fcr ein harmonisches Gesamtbild:<\/p>\n<ul>\n<li>W\u00e4hlen Sie Accessoires wie Ohrringe oder Schals in Farben, die Ihr graues Haar betonen<\/li>\n<li>Sanfte Gesichtspflege f\u00fcr einen strahlenden Teint als perfekte Erg\u00e4nzung<\/li>\n<li>Achten Sie auf einen gesunden Lebensstil f\u00fcr nat\u00fcrliche Ausstrahlung<\/li>\n<\/ul>\n<h2>Mit Selbstbewusstsein in den Fr\u00fchling 2025<\/h2>\n<p>Die <strong>beste Anti-Aging-Strategie<\/strong> ist Ihr selbstbewusstes L\u00e4cheln. Wie ein Baum, der im Alter weniger Bl\u00e4tter, aber mehr Charakter und Weisheit tr\u00e4gt, strahlen Sie mit Ihrer nat\u00fcrlichen Frisur eine besondere W\u00fcrde aus.<\/p>\n<p>Haben Sie den Mut, Ihr Haar so zu tragen, wie es ist \u2013 mit stilvoller Unterst\u00fctzung durch den richtigen Schnitt und die passende Pflege. Der Fr\u00fchling 2025 steht ganz im Zeichen der nat\u00fcrlichen Eleganz, die nur mit den Jahren kommt.<\/p>\n","protected":false},"excerpt":{"rendered":"<p>Mit W\u00fcrde ergrauen &#8211; so tragen Sie Ihr sch\u00fctteres Haar mit 70 stilvoll im Fr\u00fchling 2025 Warum sch\u00fctteres Haar im Alter eine Chance f\u00fcr neuen Stil ist Der Fr\u00fchling 2025 bringt frischen Wind in die Welt der Seniorenfrisuren. Lichter werdendes Haar im Alter von 70+ muss l\u00e4ngst kein Grund zur Sorge mehr sein \u2013 im &#8230; <a title=\"Der volumengebende Trichter-Bob zeigt 85% mehr F\u00fclle bei sch\u00fctterem Haar (\u2026was Prominente mit 70+ verraten)\" class=\"read-more\" href=\"https:\/\/www.journee-mondiale.com\/de\/der-volumengebende-trichter-bob-zeigt-85-mehr-fuelle-bei-schuetterem-haar-was-prominente-mit-70-verraten\/\" aria-label=\"Mehr Informationen \u00fcber Der volumengebende Trichter-Bob zeigt 85% mehr F\u00fclle bei sch\u00fctterem Haar (\u2026was Prominente mit 70+ verraten)\">Lire plus<\/a><\/p>\n","protected":false},"author":1,"featured_media":13141,"comment_status":"","ping_status":"","sticky":false,"template":"","format":"standard","meta":{"footnotes":""},"categories":[48],"tags":[],"class_list":["post-13142","post","type-post","status-publish","format-standard","has-post-thumbnail","hentry","category-lebensstil"],"acf":[],"_yoast_wpseo_primary_category":null,"_yoast_wpseo_title":null,"_yoast_wpseo_metadesc":null,"_links":{"self":[{"href":"https:\/\/www.journee-mondiale.com\/de\/wp-json\/wp\/v2\/posts\/13142","targetHints":{"allow":["GET"]}}],"collection":[{"href":"https:\/\/www.journee-mondiale.com\/de\/wp-json\/wp\/v2\/posts"}],"about":[{"href":"https:\/\/www.journee-mondiale.com\/de\/wp-json\/wp\/v2\/types\/post"}],"author":[{"embeddable":true,"href":"https:\/\/www.journee-mondiale.com\/de\/wp-json\/wp\/v2\/users\/1"}],"replies":[{"embeddable":true,"href":"https:\/\/www.journee-mondiale.com\/de\/wp-json\/wp\/v2\/comments?post=13142"}],"version-history":[{"count":0,"href":"https:\/\/www.journee-mondiale.com\/de\/wp-json\/wp\/v2\/posts\/13142\/revisions"}],"wp:featuredmedia":[{"embeddable":true,"href":"https:\/\/www.journee-mondiale.com\/de\/wp-json\/wp\/v2\/media\/13141"}],"wp:attachment":[{"href":"https:\/\/www.journee-mondiale.com\/de\/wp-json\/wp\/v2\/media?parent=13142"}],"wp:term":[{"taxonomy":"category","embeddable":true,"href":"https:\/\/www.journee-mondiale.com\/de\/wp-json\/wp\/v2\/categories?post=13142"},{"taxonomy":"post_tag","embeddable":true,"href":"https:\/\/www.journee-mondiale.com\/de\/wp-json\/wp\/v2\/tags?post=13142"}],"curies":[{"name":"wp","href":"https:\/\/api.w.org\/{rel}","templated":true}]}}