{"id":13076,"date":"2025-04-06T07:34:48","date_gmt":"2025-04-06T05:34:48","guid":{"rendered":"https:\/\/www.journee-mondiale.com\/de\/diese-insel-bietet-300-sonnentage-im-jahr-und-versteckte-lorbeerwaelder-aus-der-urzeit-unter-dem-dritthoechsten-vulkan-europas\/"},"modified":"2025-04-06T07:34:48","modified_gmt":"2025-04-06T05:34:48","slug":"diese-insel-bietet-300-sonnentage-im-jahr-und-versteckte-lorbeerwaelder-aus-der-urzeit-unter-dem-dritthoechsten-vulkan-europas","status":"publish","type":"post","link":"https:\/\/www.journee-mondiale.com\/de\/diese-insel-bietet-300-sonnentage-im-jahr-und-versteckte-lorbeerwaelder-aus-der-urzeit-unter-dem-dritthoechsten-vulkan-europas\/","title":{"rendered":"Diese Insel bietet 300 Sonnentage im Jahr und versteckte Lorbeerw\u00e4lder aus der Urzeit (unter dem dritth\u00f6chsten Vulkan Europas)"},"content":{"rendered":"<p>Tenerife, die &#8222;Insel des ewigen Fr\u00fchlings&#8220;, besticht durch eine Natur von atemberaubender Kontrast\u00adst\u00e4rke. Unter dem wachsamen Blick des m\u00e4chtigen Teide &#8211; mit 3.718 Metern <a href=\"https:\/\/www.journee-mondiale.com\/de\/diese-bergkette-verbindet-skifahren-und-orangenbaeume-an-einem-tag-auf-3-482-metern-thront-spaniens-hoechster-gipfel\/\" target=\"_blank\">Spaniens h\u00f6chste Berglandschaft<\/a> &#8211; entfaltet sich ein Kaleidoskop aus schwarzen Lavastr\u00e4nden und immergr\u00fcnen Lorbeerw\u00e4ldern. &#8222;Wer Tenerife nur als Badeparadies kennt, hat das wahre Herz der Insel noch nicht entdeckt&#8220;, verr\u00e4t Jos\u00e9 Rodr\u00edguez, ein einheimischer Naturf\u00fchrer, w\u00e4hrend wir auf schmalen Pfaden durch die Anaga-Berge wandern.<\/p>\n<h2>Das Vulkanische Wunderland des Teide<\/h2>\n<p>Der majest\u00e4tische Teide-Nationalpark, ein UNESCO-Welterbe, offenbart <a href=\"https:\/\/www.journee-mondiale.com\/de\/diese-versteinerte-mondlandschaft-mit-100-schwebenden-ballons-verbirgt-eine-8-stoeckige-unterirdische-stadt-kannst-du-erraten-wo\/\" target=\"_blank\">au\u00dfergew\u00f6hnliche Vulkanlandschaften<\/a>, die an Marsszenarien erinnern. Mit der Seilbahn erreicht man in wenigen Minuten den Gipfelbereich, von wo aus sich ein panoramischer Blick \u00fcber den Atlantik und die benachbarten Kanareninseln er\u00f6ffnet. &#8222;An klaren Tagen kann man bis nach Gran Canaria sehen \u2013 ein Moment, der die Seele ber\u00fchrt&#8220;, schw\u00e4rmt die Biologin Elena Mart\u00ednez.<\/p>\n<h2>Klimatisches Privileg: 365 Tage Badeurlaub<\/h2>\n<p>Mit Temperaturen, die selten unter 20 Grad fallen, und \u00fcber 300 Sonnentagen im Jahr bietet Tenerife <a href=\"https:\/\/www.journee-mondiale.com\/de\/diese-insel-versteckt-eine-magische-sandzunge-die-bei-ebbe-einen-spaziergang-zum-paradies-ermoeglicht-tuerkisblaues-geheimnis-mit-30c-wassertemperatur\/\" target=\"_blank\">idyllische Inselstr\u00e4nde<\/a> f\u00fcr jede Vorliebe. Im S\u00fcden locken goldene Sandstr\u00e4nde wie Playa de las Am\u00e9ricas, w\u00e4hrend der Norden mit wilderen, schwarzen Vulkanstr\u00e4nden aufwartet. Der beeindruckende Kontrast zwischen dem sonnenverw\u00f6hnten S\u00fcden und dem gr\u00fcnen, wolkenverhangenen Norden macht jeden Inseltransfer zu einer Reise zwischen Mikroklimata.<\/p>\n<h2>La Laguna: Wo Geschichte auf UNESCO-Weltkultur trifft<\/h2>\n<p>Die ehemalige Hauptstadt San Crist\u00f3bal de La Laguna verzaubert mit farbenfrohen Kolonialh\u00e4usern und kopfsteingepflasterten Gassen. Ihre schachbrettartige Anlage diente als Vorbild f\u00fcr zahlreiche St\u00e4dte in Lateinamerika. &#8222;Jedes Geb\u00e4ude erz\u00e4hlt eine Geschichte \u2013 wenn diese Mauern sprechen k\u00f6nnten&#8220;, sagt Stadtf\u00fchrerin Carmen D\u00edaz, w\u00e4hrend sie auf die versteckten Innenh\u00f6fe und kunstvollen Holzbalkone hinweist.<\/p>\n<h2>Masca: Das versteckte Juwel in den Teno-Bergen<\/h2>\n<p>Das Bergdorf Masca, einst Piraten\u00adversteck, thront dramatisch auf einem Berggrat, umgeben von schroffen Schluchten. Die abenteuerliche Anfahrt \u00fcber serpentinenreiche Bergstra\u00dfen wird mit einem der spektakul\u00e4rsten Ausblicke der Insel belohnt. Die Wanderung durch die Masca-Schlucht hinunter zum Meer z\u00e4hlt zu den unvergesslichsten Erlebnissen f\u00fcr Naturliebhaber und <a href=\"https:\/\/www.journee-mondiale.com\/de\/diese-savanne-verbirgt-alle-big-five-hinter-goldenem-gras-naturliebhaber-erleben-hier-das-groesste-loewenrudel-afrikas-bei-sonnenaufgang\/\" target=\"_blank\">Naturbeobachtungen weltweit<\/a>.<\/p>\n<h2>Die kulinarische Seele der Insel entdecken<\/h2>\n<p>Die kanarische K\u00fcche vereint spanische, lateinamerikanische und afrikanische Einfl\u00fcsse zu einer unverwechselbaren Geschmackspalette. &#8222;Unsere K\u00fcche ist wie unsere Insel \u2013 einfach, aber voller Charakter&#8220;, erkl\u00e4rt K\u00fcchenchef Miguel Hern\u00e1ndez. Von den ber\u00fchmten Papas Arrugadas (runzlige Kartoffeln mit Mojo-So\u00dfen) \u00fcber frischen Fisch bis zu lokalen Ziegenk\u00e4sesorten \u2013 kulinarische Entdeckungen erwarten Sie in den famili\u00e4ren Guachinches, den traditionellen Weinlokalen der Insel.<\/p>\n<h2>Der Karneval: Das vibrierende Herz des kanarischen Lebensgef\u00fchls<\/h2>\n<p>Der Karneval von Santa Cruz rivalisiert in Pracht und Ausgelassenheit mit dem von Rio de Janeiro. Zwei Wochen lang verwandelt sich die Inselhauptstadt in ein farbenfrohes Meer aus Kost\u00fcmen, Musik und Tanz. Der H\u00f6hepunkt ist die Wahl der Karnevalsk\u00f6nigin, deren spektakul\u00e4re Kost\u00fcme oft mehr als 100 Kilogramm wiegen und wahre Kunstwerke darstellen.<\/p>\n<h2>Lorbeerwald und Urzeit-Feeling: Anaga-Gebirge<\/h2>\n<p>Im Nordosten der Insel erstreckt sich das Anaga-Gebirge mit seinen geheimnisvollen Nebelw\u00e4ldern, die wie aus einer l\u00e4ngst vergangenen Zeit erscheinen. Diese Lorbeerw\u00e4lder sind ein Relikt der Terti\u00e4rzeit und beherbergen zahlreiche endemische Arten. Die verwunschenen Pfade durch dieses Biosph\u00e4renreservat f\u00fchren zu versteckten Aussichtspunkten und abgelegenen D\u00f6rfern.<\/p>\n<h2>Nachhaltige Zukunft: Tenerifes Weg in ein gr\u00fcneres Morgen<\/h2>\n<p>In den letzten Jahren hat Tenerife verst\u00e4rkt auf nachhaltige Tourismuskonzepte gesetzt. \u00d6ko-Hotels, lokale Bauernm\u00e4rkte und Naturschutzprojekte gewinnen an Bedeutung. &#8222;Wir m\u00f6chten die Sch\u00f6nheit unserer Insel f\u00fcr kommende Generationen bewahren&#8220;, betont Umweltsch\u00fctzerin Ana P\u00e9rez, die <a href=\"https:\/\/www.journee-mondiale.com\/de\/dieser-nationalpark-erwacht-nach-verheerendem-waldbrand-zu-neuem-leben-kanadische-wildnis-ueberrascht-forscher-mit-unglaublicher-regenerationskraft\/\" target=\"_blank\">Nachhaltige Naturschutzgebiete<\/a> entwickelt. Besucher k\u00f6nnen an Baumpflanzaktionen teilnehmen oder Meeresschildkr\u00f6ten-Aufzuchtstationen besuchen.<\/p>\n<p>Tenerife ist mehr als Sonne und Strand \u2013 es ist eine Insel der tausend Gesichter. Wo sonst kann man morgens auf einem Vulkangipfel stehen, mittags durch pr\u00e4historische W\u00e4lder wandern und abends am Strand den Sonnenuntergang genie\u00dfen? Diese kanarische Perle offenbart sich denjenigen, die bereit sind, ihre ausgetretenen Pfade zu verlassen und ihr wahres, wildes Herz zu entdecken \u2013 eine Reise, die unter die Haut geht und noch lange nachklingt.<\/p>\n","protected":false},"excerpt":{"rendered":"<p>Tenerife, die &#8222;Insel des ewigen Fr\u00fchlings&#8220;, besticht durch eine Natur von atemberaubender Kontrast\u00adst\u00e4rke. Unter dem wachsamen Blick des m\u00e4chtigen Teide &#8211; mit 3.718 Metern Spaniens h\u00f6chste Berglandschaft &#8211; entfaltet sich ein Kaleidoskop aus schwarzen Lavastr\u00e4nden und immergr\u00fcnen Lorbeerw\u00e4ldern. &#8222;Wer Tenerife nur als Badeparadies kennt, hat das wahre Herz der Insel noch nicht entdeckt&#8220;, verr\u00e4t Jos\u00e9 &#8230; <a title=\"Diese Insel bietet 300 Sonnentage im Jahr und versteckte Lorbeerw\u00e4lder aus der Urzeit (unter dem dritth\u00f6chsten Vulkan Europas)\" class=\"read-more\" href=\"https:\/\/www.journee-mondiale.com\/de\/diese-insel-bietet-300-sonnentage-im-jahr-und-versteckte-lorbeerwaelder-aus-der-urzeit-unter-dem-dritthoechsten-vulkan-europas\/\" aria-label=\"Mehr Informationen \u00fcber Diese Insel bietet 300 Sonnentage im Jahr und versteckte Lorbeerw\u00e4lder aus der Urzeit (unter dem dritth\u00f6chsten Vulkan Europas)\">Lire plus<\/a><\/p>\n","protected":false},"author":1,"featured_media":13075,"comment_status":"","ping_status":"","sticky":false,"template":"","format":"standard","meta":{"footnotes":""},"categories":[49],"tags":[],"class_list":["post-13076","post","type-post","status-publish","format-standard","has-post-thumbnail","hentry","category-reisen"],"acf":[],"_yoast_wpseo_primary_category":null,"_yoast_wpseo_title":null,"_yoast_wpseo_metadesc":null,"_links":{"self":[{"href":"https:\/\/www.journee-mondiale.com\/de\/wp-json\/wp\/v2\/posts\/13076","targetHints":{"allow":["GET"]}}],"collection":[{"href":"https:\/\/www.journee-mondiale.com\/de\/wp-json\/wp\/v2\/posts"}],"about":[{"href":"https:\/\/www.journee-mondiale.com\/de\/wp-json\/wp\/v2\/types\/post"}],"author":[{"embeddable":true,"href":"https:\/\/www.journee-mondiale.com\/de\/wp-json\/wp\/v2\/users\/1"}],"replies":[{"embeddable":true,"href":"https:\/\/www.journee-mondiale.com\/de\/wp-json\/wp\/v2\/comments?post=13076"}],"version-history":[{"count":0,"href":"https:\/\/www.journee-mondiale.com\/de\/wp-json\/wp\/v2\/posts\/13076\/revisions"}],"wp:featuredmedia":[{"embeddable":true,"href":"https:\/\/www.journee-mondiale.com\/de\/wp-json\/wp\/v2\/media\/13075"}],"wp:attachment":[{"href":"https:\/\/www.journee-mondiale.com\/de\/wp-json\/wp\/v2\/media?parent=13076"}],"wp:term":[{"taxonomy":"category","embeddable":true,"href":"https:\/\/www.journee-mondiale.com\/de\/wp-json\/wp\/v2\/categories?post=13076"},{"taxonomy":"post_tag","embeddable":true,"href":"https:\/\/www.journee-mondiale.com\/de\/wp-json\/wp\/v2\/tags?post=13076"}],"curies":[{"name":"wp","href":"https:\/\/api.w.org\/{rel}","templated":true}]}}