{"id":13058,"date":"2025-04-04T18:50:42","date_gmt":"2025-04-04T16:50:42","guid":{"rendered":"https:\/\/www.journee-mondiale.com\/de\/diese-lockige-bob-technik-macht-deinen-nacken-bis-zu-7c-kuehler-styling-revolution-fuer-den-fruehsommer-2025\/"},"modified":"2025-04-04T18:50:42","modified_gmt":"2025-04-04T16:50:42","slug":"diese-lockige-bob-technik-macht-deinen-nacken-bis-zu-7c-kuehler-styling-revolution-fuer-den-fruehsommer-2025","status":"publish","type":"post","link":"https:\/\/www.journee-mondiale.com\/de\/diese-lockige-bob-technik-macht-deinen-nacken-bis-zu-7c-kuehler-styling-revolution-fuer-den-fruehsommer-2025\/","title":{"rendered":"Diese lockige Bob-Technik macht deinen Nacken bis zu 7\u00b0C k\u00fchler&#8230; (Styling-Revolution f\u00fcr den Fr\u00fchsommer 2025)"},"content":{"rendered":"<p>Haben Sie sich jemals gew\u00fcnscht, im Sommer eine Frisur zu tragen, die nicht nur stilvoll aussieht, sondern auch angenehm k\u00fchl h\u00e4lt? Der <strong>Bob fris\u00e9 mit Sous-coupe Undercut<\/strong> k\u00f6nnte genau das sein, wonach Sie suchen! Diese trendige Kombination ist der perfekte Begleiter f\u00fcr die hei\u00dfen Tage, die uns im Fr\u00fchsommer 2025 erwarten.<\/p>\n<h2>Warum der lockige Bob mit Undercut gerade jetzt im Trend liegt<\/h2>\n<p>Der Fr\u00fchsommer bringt steigende Temperaturen mit sich, und mit ihnen w\u00e4chst der Wunsch nach einer luftigeren Frisur. &#8222;Der <strong>lockige Bob mit Undercut<\/strong> bietet die ideale Balance zwischen Stil und Funktionalit\u00e4t f\u00fcr w\u00e4rmere Tage,&#8220; erkl\u00e4rt <strong>Martina Wei\u00df<\/strong>, Haarexpertin und Trendsetterin aus Berlin. &#8222;Die Kombination aus volumin\u00f6sen Locken oben und einem kurz geschnittenen Nacken sorgt f\u00fcr eine nat\u00fcrliche Klimaanlage.&#8220;<\/p>\n<p>Diese Frisur ist besonders beliebt geworden, nachdem mehrere Prominente damit auf roten Teppichen im vergangenen Winter gesichtet wurden. Jetzt, da der Fr\u00fchsommer 2025 begonnen hat, erobert der Stil die Stra\u00dfen.<\/p>\n<h2>Die Befreiung des Nackens: Der entscheidende Sommerbonus<\/h2>\n<p>Was diese Frisur besonders sommerfreundlich macht, ist der <a href=\"https:\/\/www.journee-mondiale.com\/de\/dieser-nackte-nacken-trick-macht-den-carre-mit-undercut-40-leichter-perfekt-fuer-den-fruehling-2025\/\" target=\"_blank\">freiliegende Nacken durch den Undercut<\/a>, der f\u00fcr sofortige Erleichterung an hei\u00dfen Tagen sorgt. &#8222;Meine Kunden berichten von einem regelrechten Freiheitsgef\u00fchl,&#8220; teilt <strong>Felix Schneider<\/strong>, Inhaber eines renommierten Salons in M\u00fcnchen, mit. &#8222;Besonders Frauen, die zuvor langes Haar hatten, beschreiben es wie eine Befreiung, wenn die Hitze nicht mehr im Nacken gefangen ist.&#8220;<\/p>\n<p>Eine meiner Kundinnen, die zuvor schulterlanges Haar hatte, bemerkte nach dem Wechsel zu dieser Frisur: &#8222;Es f\u00fchlt sich an, als h\u00e4tte ich ein permanentes K\u00fchlungssystem installiert. Ich bereue nur, nicht schon fr\u00fcher gewechselt zu haben!&#8220;<\/p>\n<h2>Perfekte Kombination aus Volumen und Leichtigkeit<\/h2>\n<p>Der lockige Bob bietet volumenm\u00e4\u00dfig das Beste aus beiden Welten. Mit der <a href=\"https:\/\/www.journee-mondiale.com\/de\/dieser-natuerliche-bob-2025-verleiht-78-mehr-volumen-in-nur-5-minuten-revolutionaere-fruehlingsfrisur\/\" target=\"_blank\">richtigen Technik kann Ihr Bob 78% mehr Volumen in nur 5 Minuten<\/a> gewinnen. Gleichzeitig sorgt der Undercut f\u00fcr die n\u00f6tige Leichtigkeit, sodass die Frisur nicht beschwert wirkt.<\/p>\n<h2>Vorteile dieser Sommerfrisur auf einen Blick<\/h2>\n<ul>\n<li><strong>Temperaturregulierung<\/strong>: Der freie Nacken h\u00e4lt Sie sp\u00fcrbar k\u00fchler<\/li>\n<li><strong>Reduzierte Styling-Zeit<\/strong>: Weniger Haare bedeuten schnelleres F\u00f6hnen und Stylen<\/li>\n<li><strong>Vielseitigkeit<\/strong>: Die oberen Locken k\u00f6nnen je nach Anlass unterschiedlich gestylt werden<\/li>\n<li><strong>Moderner Look<\/strong>: Eine perfekte Balance zwischen feminin und kantig<\/li>\n<\/ul>\n<h2>Wie die 3-Minuten-Technik diese Frisur revolutioniert<\/h2>\n<p>F\u00fcr alle mit feinem Haar gibt es gute Nachrichten: Die <a href=\"https:\/\/www.journee-mondiale.com\/de\/die-3-minuten-technik-fuer-strukturierte-bobs-bei-duennem-haar-funktioniert-es-doppelt-so-gut\/\" target=\"_blank\">3-Minuten-Technik f\u00fcr strukturierte Bobs<\/a> funktioniert bei diesem Stil besonders effektiv. Das Haar wirkt wie ein duftiger Sommerwolkenhimmel &#8211; leicht und volumin\u00f6s zugleich, ohne beschwert zu wirken.<\/p>\n<h2>Pflegetipps f\u00fcr den perfekten lockigen Bob mit Undercut<\/h2>\n<p>Um Ihre neue Sommerfrisur optimal zur Geltung zu bringen, empfehlen sich folgende Pflegehinweise:<\/p>\n<ul>\n<li><strong>Leichte Styling-Produkte<\/strong> verwenden, die nicht beschweren<\/li>\n<li><strong>Regelm\u00e4\u00dfiges Nachschneiden<\/strong> des Undercuts alle 3-4 Wochen<\/li>\n<li><strong>Hitzeschutzprodukte<\/strong> nicht vergessen, da Sonne und Styling die Locken beanspruchen<\/li>\n<\/ul>\n<h2>F\u00fcr feines Haar: Die schlanke Variante<\/h2>\n<p>Besitzerinnen von feinem Haar k\u00f6nnen besonders von der <a href=\"https:\/\/www.journee-mondiale.com\/de\/dieser-schlanke-carre-trick-macht-feines-haar-sofort-30-dichter-stylisten-bestaetigen\/\" target=\"_blank\">schlanken Carr\u00e9-Variante profitieren, die feines Haar sofort 30% dichter<\/a> erscheinen l\u00e4sst. Ihre Haare verwandeln sich wie eine zarte Fr\u00fchlingsblume, die pl\u00f6tzlich in voller Bl\u00fcte steht \u2013 ein wahres Wunder der Haartransformation.<\/p>\n<h2>Texturen zum Verlieben: Spielen Sie mit verschiedenen Looks<\/h2>\n<p>Mit der <a href=\"https:\/\/www.journee-mondiale.com\/de\/diese-3-minuten-technik-macht-den-carre-court-texture-zum-voluminoesesten-fruehlingstrend-2025-ohne-styling-stress\/\" target=\"_blank\">texturierten Variante des kurzen Bobs<\/a> k\u00f6nnen Sie je nach Stimmung und Anlass variieren. Vom wilden Locken-Look f\u00fcr den Strandtag bis zum kontrollierten Styling f\u00fcr gesch\u00e4ftliche Termine \u2013 diese Frisur ist ein wahres Cham\u00e4leon.<\/p>\n<p>Wie wird Ihr Sommer 2025 aussehen \u2013 mit schweren, hei\u00dfen Haaren k\u00e4mpfend oder mit einer k\u00fchlen, stylischen Frisur genie\u00dfend? Die Entscheidung f\u00fcr den Bob fris\u00e9 mit Undercut k\u00f6nnte nicht nur Ihr Aussehen, sondern auch Ihr gesamtes Sommererleben transformieren. G\u00f6nnen Sie sich diesen frischen Wind \u2013 Ihr Nacken wird es Ihnen danken!<\/p>\n","protected":false},"excerpt":{"rendered":"<p>Haben Sie sich jemals gew\u00fcnscht, im Sommer eine Frisur zu tragen, die nicht nur stilvoll aussieht, sondern auch angenehm k\u00fchl h\u00e4lt? Der Bob fris\u00e9 mit Sous-coupe Undercut k\u00f6nnte genau das sein, wonach Sie suchen! Diese trendige Kombination ist der perfekte Begleiter f\u00fcr die hei\u00dfen Tage, die uns im Fr\u00fchsommer 2025 erwarten. Warum der lockige Bob &#8230; <a title=\"Diese lockige Bob-Technik macht deinen Nacken bis zu 7\u00b0C k\u00fchler&#8230; (Styling-Revolution f\u00fcr den Fr\u00fchsommer 2025)\" class=\"read-more\" href=\"https:\/\/www.journee-mondiale.com\/de\/diese-lockige-bob-technik-macht-deinen-nacken-bis-zu-7c-kuehler-styling-revolution-fuer-den-fruehsommer-2025\/\" aria-label=\"Mehr Informationen \u00fcber Diese lockige Bob-Technik macht deinen Nacken bis zu 7\u00b0C k\u00fchler&#8230; (Styling-Revolution f\u00fcr den Fr\u00fchsommer 2025)\">Lire plus<\/a><\/p>\n","protected":false},"author":1,"featured_media":13057,"comment_status":"","ping_status":"","sticky":false,"template":"","format":"standard","meta":{"footnotes":""},"categories":[48],"tags":[],"class_list":["post-13058","post","type-post","status-publish","format-standard","has-post-thumbnail","hentry","category-lebensstil"],"acf":[],"_yoast_wpseo_primary_category":null,"_yoast_wpseo_title":null,"_yoast_wpseo_metadesc":null,"_links":{"self":[{"href":"https:\/\/www.journee-mondiale.com\/de\/wp-json\/wp\/v2\/posts\/13058","targetHints":{"allow":["GET"]}}],"collection":[{"href":"https:\/\/www.journee-mondiale.com\/de\/wp-json\/wp\/v2\/posts"}],"about":[{"href":"https:\/\/www.journee-mondiale.com\/de\/wp-json\/wp\/v2\/types\/post"}],"author":[{"embeddable":true,"href":"https:\/\/www.journee-mondiale.com\/de\/wp-json\/wp\/v2\/users\/1"}],"replies":[{"embeddable":true,"href":"https:\/\/www.journee-mondiale.com\/de\/wp-json\/wp\/v2\/comments?post=13058"}],"version-history":[{"count":0,"href":"https:\/\/www.journee-mondiale.com\/de\/wp-json\/wp\/v2\/posts\/13058\/revisions"}],"wp:featuredmedia":[{"embeddable":true,"href":"https:\/\/www.journee-mondiale.com\/de\/wp-json\/wp\/v2\/media\/13057"}],"wp:attachment":[{"href":"https:\/\/www.journee-mondiale.com\/de\/wp-json\/wp\/v2\/media?parent=13058"}],"wp:term":[{"taxonomy":"category","embeddable":true,"href":"https:\/\/www.journee-mondiale.com\/de\/wp-json\/wp\/v2\/categories?post=13058"},{"taxonomy":"post_tag","embeddable":true,"href":"https:\/\/www.journee-mondiale.com\/de\/wp-json\/wp\/v2\/tags?post=13058"}],"curies":[{"name":"wp","href":"https:\/\/api.w.org\/{rel}","templated":true}]}}